{"id":144100,"date":"2025-06-01T13:12:10","date_gmt":"2025-06-01T13:12:10","guid":{"rendered":"https:\/\/www.europesays.com\/fr\/144100\/"},"modified":"2025-06-01T13:12:10","modified_gmt":"2025-06-01T13:12:10","slug":"lassociation-grand-caunet-auto-passion-roule-a-loccasion-des-100-ans-de-linstitut-paoli-calmettes","status":"publish","type":"post","link":"https:\/\/www.europesays.com\/fr\/144100\/","title":{"rendered":"L&rsquo;association Grand Caunet Auto Passion roule \u00e0 l&rsquo;occasion des 100 ans de l&rsquo;Institut Paoli-Calmettes"},"content":{"rendered":"<p>Avis \u00e0 tous les membres et amis de <a href=\"https:\/\/www.laprovence.com\/article\/region\/1177820809447514\/une-association-de-voitures-anciennes-de-ceyreste-organise-une-viree-en-pleine-nature-au-depart-du-castellet\" target=\"_blank\" rel=\"nofollow noopener\">Grand Caunet Auto Passion<\/a> !\u00a0Dimanche 8 juin un grand rassemblement de voitures de collection organis\u00e9 \u00e0 l&rsquo;occasion des 100 ans de l&rsquo;Institut Paoli-Calmettes se tiendra dans le cadre magnifique des <a href=\"https:\/\/www.laprovence.com\/article\/sortie-loisirs\/3805003753765214\/a-bouc-bel-air-six-exposants-primes-aux-journees-des-plantes-des-jardins-d-albertas-2025\" target=\"_blank\" rel=\"nofollow noopener\">Jardins d&rsquo;Albertas<\/a> \u00e0 Bouc Bel Air.<\/p>\n<p>Le Rotary District 1760 propose \u00ab\u00a0une journ\u00e9e au profit de la recherche contre le cancer et plus particuli\u00e8rement de L&rsquo;Institut Paoli Calmettes (IPC) qui f\u00eatera cette ann\u00e9e ses 100 ans.<\/p>\n<p><a href=\"https:\/\/www.laprovence.com\/article\/sante\/3561334237652315\/cancer-le-directeur-general-de-linstitut-paoli-calmettes-a-marseille-fait-le-point-sur-les-avancees\" target=\"_blank\" rel=\"nofollow noopener\">L&rsquo;Institut Paoli Calmettes<\/a> est un \u00e9tablissement de sant\u00e9 priv\u00e9, d&rsquo;int\u00e9r\u00eat collectif, charg\u00e9 d&rsquo;une mission de service public dans la lutte contre le cancer (soins, recherche et enseignement).\u00a0Des associations impliqu\u00e9es dans la lutte et la recherche contre le cancer s\u00e9lectionn\u00e9es par le comit\u00e9 de pilotage de l&rsquo;action seront \u00e9galement pr\u00e9sentes (le Point rose, Sourire \u00e0 la vie\u2026).\u00a0\u00bb<\/p>\n","protected":false},"excerpt":{"rendered":"Avis \u00e0 tous les membres et amis de Grand Caunet Auto Passion !\u00a0Dimanche 8 juin un grand rassemblement&hellip;\n","protected":false},"author":2,"featured_media":144101,"comment_status":"","ping_status":"","sticky":false,"template":"","format":"standard","meta":{"footnotes":""},"categories":[2814],"tags":[17,1111,11,1977,27247,1777,674,1011,27,2515,9445,27249,884,12,9580,882,16,25,27248],"class_list":{"0":"post-144100","1":"post","2":"type-post","3":"status-publish","4":"format-standard","5":"has-post-thumbnail","7":"category-marseille","8":"tag-17","9":"tag-actu","10":"tag-actualites","11":"tag-auto","12":"tag-caunet","13":"tag-eu","14":"tag-europe","15":"tag-fr","16":"tag-france","17":"tag-grand","18":"tag-lassociation","19":"tag-loccasion","20":"tag-marseille","21":"tag-news","22":"tag-passion","23":"tag-provence-alpes-cote-dazur","24":"tag-region","25":"tag-republique-francaise","26":"tag-roule"},"share_on_mastodon":{"url":"https:\/\/pubeurope.com\/@fr\/114608284885481153","error":""},"_links":{"self":[{"href":"https:\/\/www.europesays.com\/fr\/wp-json\/wp\/v2\/posts\/144100","targetHints":{"allow":["GET"]}}],"collection":[{"href":"https:\/\/www.europesays.com\/fr\/wp-json\/wp\/v2\/posts"}],"about":[{"href":"https:\/\/www.europesays.com\/fr\/wp-json\/wp\/v2\/types\/post"}],"author":[{"embeddable":true,"href":"https:\/\/www.europesays.com\/fr\/wp-json\/wp\/v2\/users\/2"}],"replies":[{"embeddable":true,"href":"https:\/\/www.europesays.com\/fr\/wp-json\/wp\/v2\/comments?post=144100"}],"version-history":[{"count":0,"href":"https:\/\/www.europesays.com\/fr\/wp-json\/wp\/v2\/posts\/144100\/revisions"}],"wp:featuredmedia":[{"embeddable":true,"href":"https:\/\/www.europesays.com\/fr\/wp-json\/wp\/v2\/media\/144101"}],"wp:attachment":[{"href":"https:\/\/www.europesays.com\/fr\/wp-json\/wp\/v2\/media?parent=144100"}],"wp:term":[{"taxonomy":"category","embeddable":true,"href":"https:\/\/www.europesays.com\/fr\/wp-json\/wp\/v2\/categories?post=144100"},{"taxonomy":"post_tag","embeddable":true,"href":"https:\/\/www.europesays.com\/fr\/wp-json\/wp\/v2\/tags?post=144100"}],"curies":[{"name":"wp","href":"https:\/\/api.w.org\/{rel}","templated":true}]}}