{"id":144106,"date":"2025-06-01T13:15:08","date_gmt":"2025-06-01T13:15:08","guid":{"rendered":"https:\/\/www.europesays.com\/fr\/144106\/"},"modified":"2025-06-01T13:15:08","modified_gmt":"2025-06-01T13:15:08","slug":"lyon-une-ecole-incendiee-des-tags-nazis-antisemites-et-pro-palestine-decouverts","status":"publish","type":"post","link":"https:\/\/www.europesays.com\/fr\/144106\/","title":{"rendered":"Lyon. Une \u00e9cole incendi\u00e9e, des tags nazis, antis\u00e9mites et pro-Palestine d\u00e9couverts"},"content":{"rendered":"<p>            Par<br \/>\n        <strong><br \/>\n            <a href=\"https:\/\/actu.fr\/auteur\/nicolas-zaugra\" title=\"Consulter tous les articles de Nicolas Zaugra\" rel=\"nofollow noopener\" target=\"_blank\">Nicolas Zaugra<\/a><br \/>\n        <\/strong><\/p>\n<p>        Publi\u00e9 le<\/p>\n<p>            1 juin 2025 \u00e0 15h05        <\/p>\n<p>Une \u00e9cole \u00e9l\u00e9mentaire et maternelle de <a href=\"https:\/\/actu.fr\/auvergne-rhone-alpes\/lyon_69123\" rel=\"nofollow noopener\" target=\"_blank\">Lyon<\/a>, dans le 3e arrondissement, a \u00e9t\u00e9 la cible d\u2019un incendie volontaire samedi 31 mai 2025 vers 19h, a appris actu Lyon de sources polici\u00e8res. Il s\u2019agit de l\u2019<strong>\u00e9cole Nov\u00e9-Josserand<\/strong> situ\u00e9e pr\u00e8s du quartier de la Part-Dieu.<\/p>\n<p>Incendie et tags antis\u00e9mites, nazis et pro-Palestine<\/p>\n<p class=\" wall-content\">Les toilettes situ\u00e9s \u00e0 l\u2019ext\u00e9rieur du b\u00e2timent principal de l\u2019\u00e9cole ont \u00e9t\u00e9 incendi\u00e9s et endommag\u00e9s.\u00a0<\/p>\n<p class=\" wall-content\">Des <strong>tags \u00e0 caract\u00e8re antis\u00e9mites, des slogans pro-Palestiniens ainsi que des croix gamm\u00e9es et \u00e9toiles de David ont \u00e9t\u00e9 retrouv\u00e9s<\/strong> sur l\u2019ensemble des murs et fen\u00eatres de l\u2019\u00e9cole. Trois salles de classe ont aussi \u00e9t\u00e9 saccag\u00e9es.\u00a0<\/p>\n<p>    <a href=\"https:\/\/www.google.com\/maps\/embed?pb=!1m18!1m12!1m3!1d15866.759524607944!2d4.859677654954465!3d45.753352638236976!2m3!1f0!2f0!3f0!3m2!1i1024!2i768!4f13.1!3m3!1m2!1s0x47f4ea771ccb343f%3A0x5abc745b9d16aebf!2sEcole%20%C3%A9l%C3%A9mentaire%20Nov%C3%A9-Josserand!5e0!3m2!1sfr!2sfr!4v1748782151868!5m2!1sfr!2sfr\" title=\"Ouvrie le lien\" rel=\"nofollow noopener\" target=\"_blank\">Cliquez ici pour visualiser le contenu<\/a><\/p>\n<p>La Ville de Lyon et la pr\u00e9fecture condamnent<\/p>\n<p class=\" wall-content\">La municipalit\u00e9 par l\u2019interm\u00e9diaire de son adjoint au maire en charge de la s\u00e9curit\u00e9 Mohamed Chichi a condamn\u00e9 des actes qui \u00ab\u00a0sont d\u2019une extr\u00eame gravit\u00e9\u00a0\u00bb. \u00ab\u00a0Tags antis\u00e9mites, croix gamm\u00e9es, tentative d\u2019incendie : ces actes visent notre \u00e9cole, donc notre R\u00e9publique.\u00a0\u00bb<\/p>\n<p class=\" wall-content\">\u00ab\u00a0S\u2019en prendre \u00e0 un lieu d\u2019\u00e9ducation, c\u2019est s\u2019en prendre \u00e0 ce que notre soci\u00e9t\u00e9 a de plus pr\u00e9cieux : ses enfants, ses enseignants, ses valeurs. La Ville condamne avec la plus grande fermet\u00e9 ces agissements. Elle d\u00e9posera plainte. La police nationale a proc\u00e9d\u00e9 aux constatations n\u00e9cessaires. Les salles endommag\u00e9es seront remises en \u00e9tat rapidement afin de pouvoir accueillir les \u00e9l\u00e8ves d\u00e8s lundi\u00a0\u00bb, poursuit l\u2019\u00e9lu \u00e9cologiste.\u00a0<\/p>\n<p class=\" wall-content\">La pr\u00e9f\u00e8te du Rh\u00f4ne Fabienne Buccio quant \u00e0 elle condamne \u00ab\u00a0des d\u00e9gradations abjectes\u00a0\u00bb. \u00ab\u00a0L\u2019enqu\u00eate ouverte devra permettre de pr\u00e9senter les auteurs devant la justice et apporter une r\u00e9ponse p\u00e9nale ferme\u00a0\u00bb, estime la pr\u00e9fecture.<\/p>\n<p class=\" wall-content\">Une enqu\u00eate judiciaire devrait \u00eatre ouverte rapidement par le parquet de Lyon.<\/p>\n<p class=\" wall-content\">Suivez toute l\u2019actualit\u00e9 de vos villes et m\u00e9dias favoris en vous inscrivant \u00e0 <a href=\"https:\/\/moncompte.actu.fr\" title=\"D\u00e9couvez Mon Actu\" rel=\"nofollow noopener\" data-trk=\"{&quot;cta&quot;:{&quot;action&quot;:&quot;https:\\\/\\\/moncompte.actu.fr&quot;,&quot;category&quot;:&quot;mon compte&quot;,&quot;from&quot;:&quot;article footer&quot;,&quot;name&quot;:&quot;Mon actu&quot;,&quot;type&quot;:&quot;cta&quot;}}\" target=\"_blank\">Mon Actu<\/a>.<\/p>\n","protected":false},"excerpt":{"rendered":"Par Nicolas Zaugra Publi\u00e9 le 1 juin 2025 \u00e0 15h05 Une \u00e9cole \u00e9l\u00e9mentaire et maternelle de Lyon, dans&hellip;\n","protected":false},"author":2,"featured_media":144107,"comment_status":"","ping_status":"","sticky":false,"template":"","format":"standard","meta":{"footnotes":""},"categories":[1889],"tags":[1111,11,6155,2430,1777,674,1011,27,303,2428,12,1072,25,104],"class_list":{"0":"post-144106","1":"post","2":"type-post","3":"status-publish","4":"format-standard","5":"has-post-thumbnail","7":"category-lyon","8":"tag-actu","9":"tag-actualites","10":"tag-antisemitisme","11":"tag-auvergne-rhone-alpes","12":"tag-eu","13":"tag-europe","14":"tag-fr","15":"tag-france","16":"tag-justice","17":"tag-lyon","18":"tag-news","19":"tag-police","20":"tag-republique-francaise","21":"tag-societe"},"share_on_mastodon":{"url":"https:\/\/pubeurope.com\/@fr\/114608296772585393","error":""},"_links":{"self":[{"href":"https:\/\/www.europesays.com\/fr\/wp-json\/wp\/v2\/posts\/144106","targetHints":{"allow":["GET"]}}],"collection":[{"href":"https:\/\/www.europesays.com\/fr\/wp-json\/wp\/v2\/posts"}],"about":[{"href":"https:\/\/www.europesays.com\/fr\/wp-json\/wp\/v2\/types\/post"}],"author":[{"embeddable":true,"href":"https:\/\/www.europesays.com\/fr\/wp-json\/wp\/v2\/users\/2"}],"replies":[{"embeddable":true,"href":"https:\/\/www.europesays.com\/fr\/wp-json\/wp\/v2\/comments?post=144106"}],"version-history":[{"count":0,"href":"https:\/\/www.europesays.com\/fr\/wp-json\/wp\/v2\/posts\/144106\/revisions"}],"wp:featuredmedia":[{"embeddable":true,"href":"https:\/\/www.europesays.com\/fr\/wp-json\/wp\/v2\/media\/144107"}],"wp:attachment":[{"href":"https:\/\/www.europesays.com\/fr\/wp-json\/wp\/v2\/media?parent=144106"}],"wp:term":[{"taxonomy":"category","embeddable":true,"href":"https:\/\/www.europesays.com\/fr\/wp-json\/wp\/v2\/categories?post=144106"},{"taxonomy":"post_tag","embeddable":true,"href":"https:\/\/www.europesays.com\/fr\/wp-json\/wp\/v2\/tags?post=144106"}],"curies":[{"name":"wp","href":"https:\/\/api.w.org\/{rel}","templated":true}]}}