{"id":144110,"date":"2025-06-01T13:18:12","date_gmt":"2025-06-01T13:18:12","guid":{"rendered":"https:\/\/www.europesays.com\/fr\/144110\/"},"modified":"2025-06-01T13:18:12","modified_gmt":"2025-06-01T13:18:12","slug":"la-fete-tourne-a-lemeute-a-lyon-des-magasins-attaques-et-des-degats","status":"publish","type":"post","link":"https:\/\/www.europesays.com\/fr\/144110\/","title":{"rendered":"la f\u00eate tourne \u00e0 l&rsquo;\u00e9meute \u00e0 Lyon, des magasins attaqu\u00e9s et des d\u00e9g\u00e2ts"},"content":{"rendered":"<p>            Par<br \/>\n        <strong><br \/>\n            <a href=\"https:\/\/actu.fr\/auteur\/nicolas-zaugra\" title=\"Consulter tous les articles de Nicolas Zaugra\" rel=\"nofollow noopener\" target=\"_blank\">Nicolas Zaugra<\/a><br \/>\n        <\/strong><\/p>\n<p>        Publi\u00e9 le<\/p>\n<p>            1 juin 2025 \u00e0 11h04<br \/>\n        ; mis \u00e0 jour le 1 juin 2025 \u00e0 11h09    <\/p>\n<p>Des sc\u00e8nes de joie et de liesse de supporters qui ont rapidement tourn\u00e9 \u00e0 l\u2019\u00e9meute et aux violences urbaines. Samedi soir, apr\u00e8s la <a href=\"https:\/\/actu.fr\/pays-de-la-loire\/le-mans_72181\/video-victoire-du-psg-en-ligue-des-champions-plusieurs-centaines-de-personnes-dans-les-rues-du-mans_62712726.html\" rel=\"nofollow noopener\" target=\"_blank\">victoire du PSG<\/a> en finale de la Ligue des Champions, des groupes d\u2019individus violents ont d\u00e9ferl\u00e9 sur le centre-ville de <a href=\"https:\/\/actu.fr\/auvergne-rhone-alpes\/lyon_69123\" rel=\"nofollow noopener\" target=\"_blank\">Lyon<\/a> (Rh\u00f4ne). La soir\u00e9e a mal tourn\u00e9 dans plusieurs villes de France dont Paris ou <a href=\"https:\/\/actu.fr\/auvergne-rhone-alpes\/grenoble_38185\/grenoble-voiture-qui-fonce-dans-la-foule-apres-la-victoire-du-psg-on-en-sait-plus_62713109.html\" rel=\"nofollow noopener\" target=\"_blank\">Grenoble<\/a>. Le bilan de la soir\u00e9e au niveau national est d\u2019ailleurs \u00e9lev\u00e9 puisqu\u2019il y a eu deux morts.<\/p>\n<p class=\" wall-content\">A Lyon, des groupes se sont d\u2019abord rassembl\u00e9s dans le calme sur la place Bellecour et sur la place des Terreaux, environ 1 000 personnes au total sur les deux lieux.\u00a0<\/p>\n<p>Jets de feux d\u2019artifices, incendies, Zara et JD Sports attaqu\u00e9s\u2026<\/p>\n<p class=\" wall-content\">Puis, rapidement la f\u00eate a tourn\u00e9 au vinaigre avec des premi\u00e8res violences autour de la place Bellecour. Des groupes tr\u00e8s mobiles ont d\u00e9grad\u00e9 du mobilier urbain, incendi\u00e9 des poubelles et lanc\u00e9 des mortiers d\u2019artifices et des projectiles en direction des forces de l\u2019ordre.<\/p>\n<p class=\" wall-content\">La pr\u00e9fecture avait d\u00e9ploy\u00e9 un dispositif pr\u00e9ventif en Presqu\u2019\u00eele en cas de troubles.\u00a0<\/p>\n<p class=\" wall-content\">Peu avant minuit, des groupes ont aussi attaqu\u00e9 plusieurs commerces lors de tentatives de pillages rue de la R\u00e9publique et rue du pr\u00e9sident Edouard-Herriot. Des magasins comme JD Sports rue de la R\u00e9, Zara rue Edouard-Herriot et une autre enseigne ont \u00e9t\u00e9 d\u00e9grad\u00e9s. Des vitrines ont \u00e9t\u00e9 bris\u00e9es.\u00a0<\/p>\n<blockquote class=\"tiktok-embed\" cite=\"https:\/\/www.tiktok.com\/@mr.laagent\/video\/7510766062581861654\" data-video-id=\"7510766062581861654\" data-embed-from=\"oembed\" style=\"max-width:605px; min-width:325px;\"><p>\n<a target=\"_blank\" title=\"@mr.laagent\" href=\"https:\/\/www.tiktok.com\/@mr.laagent?refer=embed\" rel=\"nofollow noopener\">@mr.laagent<\/a> <\/p>\n<p>Jd de bellecour en direct \ud83d\udc80\ud83d\udc80 C\u2019est le bordel <a title=\"lyon\" target=\"_blank\" href=\"https:\/\/www.tiktok.com\/tag\/lyon?refer=embed\" rel=\"nofollow noopener\">#lyon<\/a> <a title=\"bellecour\" target=\"_blank\" href=\"https:\/\/www.tiktok.com\/tag\/bellecour?refer=embed\" rel=\"nofollow noopener\">#bellecour<\/a> <\/p>\n<p> <a target=\"_blank\" title=\"\u266c son original - Mr.L\u2019agent\" href=\"https:\/\/www.tiktok.com\/music\/son-original-7510766045599222550?refer=embed\" rel=\"nofollow noopener\">\u266c son original \u2013 Mr.L\u2019agent<\/a> <\/p>\n<\/blockquote>\n<blockquote class=\"tiktok-embed\" cite=\"https:\/\/www.tiktok.com\/@enzopress\/video\/7510736467598052630\" data-video-id=\"7510736467598052630\" data-embed-from=\"oembed\" style=\"max-width:605px; min-width:325px;\"><p>\n<a target=\"_blank\" title=\"@enzopress\" href=\"https:\/\/www.tiktok.com\/@enzopress?refer=embed\" rel=\"nofollow noopener\">@enzopress<\/a> <\/p>\n<p>\ud83d\udea8\ud83c\uddeb\ud83c\uddf7 Lyon, sous tension, suite \u00e0 la victoire du Paris-Saint-Germain  M\u00e9dia : enzopress  Image : enzopress  aactuppressppourtoiffootppsguuefachampionsleaguellyoneemeuteseemeutesiinfom<a title=\"manif\" target=\"_blank\" href=\"https:\/\/www.tiktok.com\/tag\/manif?refer=embed\" rel=\"nofollow noopener\">#manif<\/a><\/p>\n<p> <a target=\"_blank\" title=\"\u266c son original - enzopress\" href=\"https:\/\/www.tiktok.com\/music\/son-original-7510736474054331159?refer=embed\" rel=\"nofollow noopener\">\u266c son original \u2013 enzopress<\/a> <\/p>\n<\/blockquote>\n<p class=\" wall-content\">La police a d\u00fb faire usage de gaz lacrymog\u00e8ne pour disperser les \u00e9meutiers. Une source polici\u00e8re indique qu\u2019il \u00e9tait compliqu\u00e9 d\u2019agir face \u00e0 des groupes tr\u00e8s mobiles.<\/p>\n<p>L\u2019H\u00f4tel de ville attaqu\u00e9, trois interpellations et un policier bless\u00e9<\/p>\n<p class=\" wall-content\">Selon nos informations, l\u2019H\u00f4tel de ville a aussi \u00e9t\u00e9 cibl\u00e9 dans le 1er arrondissement avec des vitres cass\u00e9es.\u00a0<\/p>\n<p class=\" wall-content\">Les troubles ont dur\u00e9 plusieurs heures, de minuit \u00e0 environ 4 heures du matin.\u00a0<\/p>\n<p class=\" wall-content\">Un policier national a \u00e9t\u00e9 gravement bless\u00e9 \u00e0 la main.\u00a0<\/p>\n<p>\u00ab\u00a0Des individus qui ne sont pas de vrais supporters\u00a0\u00bb<\/p>\n<p class=\" wall-content\">La pr\u00e9f\u00e8te du Rh\u00f4ne Fabienne Buccio a condamn\u00e9 les actes dans un communiqu\u00e9 sur X. \u00ab\u00a0La mobilisation pr\u00e9ventive et l\u2019action ferme et d\u00e9termin\u00e9e de plus d\u2019une centaine de policiers nationaux de la police nationale et de la CRS 83 a permis de stopper ces individus qui ne sont pas de vrais supporters. Ce ne sont que des d\u00e9linquants qui ont d\u00e9tourn\u00e9 la f\u00eate pour casser. 3 interpellations ont d\u2019ores et d\u00e9j\u00e0 \u00e9t\u00e9 r\u00e9alis\u00e9es\u00a0\u00bb.<\/p>\n<p class=\" wall-content\">\u00ab\u00a0Elle apporte tout son soutien au policier gravement bless\u00e9 \u00e0 la main.\u00a0\u00bb<\/p>\n<p class=\" wall-content\">Environ une centaine de policiers \u00e9taient mobilis\u00e9s dont des municipaux.<\/p>\n<p class=\" wall-content\">Suivez toute l\u2019actualit\u00e9 de vos villes et m\u00e9dias favoris en vous inscrivant \u00e0 <a href=\"https:\/\/moncompte.actu.fr\" title=\"D\u00e9couvez Mon Actu\" rel=\"nofollow noopener\" data-trk=\"{&quot;cta&quot;:{&quot;action&quot;:&quot;https:\\\/\\\/moncompte.actu.fr&quot;,&quot;category&quot;:&quot;mon compte&quot;,&quot;from&quot;:&quot;article footer&quot;,&quot;name&quot;:&quot;Mon actu&quot;,&quot;type&quot;:&quot;cta&quot;}}\" target=\"_blank\">Mon Actu<\/a>.<\/p>\n<p>                    <script async src=\"\/\/www.tiktok.com\/embed.js\"><\/script><\/p>\n","protected":false},"excerpt":{"rendered":"Par Nicolas Zaugra Publi\u00e9 le 1 juin 2025 \u00e0 11h04 ; mis \u00e0 jour le 1 juin 2025&hellip;\n","protected":false},"author":2,"featured_media":144111,"comment_status":"","ping_status":"","sticky":false,"template":"","format":"standard","meta":{"footnotes":""},"categories":[1888],"tags":[1111,1928,11,1927,1777,674,1011,27,12,1926,626,1925,2332,1072,25,104,7501],"class_list":{"0":"post-144110","1":"post","2":"type-post","3":"status-publish","4":"format-standard","5":"has-post-thumbnail","7":"category-paris","8":"tag-actu","9":"tag-actu-paris","10":"tag-actualites","11":"tag-actualites-paris","12":"tag-eu","13":"tag-europe","14":"tag-fr","15":"tag-france","16":"tag-news","17":"tag-news-paris","18":"tag-paris","19":"tag-paris-news","20":"tag-paris-saint-germain-psg","21":"tag-police","22":"tag-republique-francaise","23":"tag-societe","24":"tag-violences-urbaines"},"share_on_mastodon":{"url":"https:\/\/pubeurope.com\/@fr\/114608308607532381","error":""},"_links":{"self":[{"href":"https:\/\/www.europesays.com\/fr\/wp-json\/wp\/v2\/posts\/144110","targetHints":{"allow":["GET"]}}],"collection":[{"href":"https:\/\/www.europesays.com\/fr\/wp-json\/wp\/v2\/posts"}],"about":[{"href":"https:\/\/www.europesays.com\/fr\/wp-json\/wp\/v2\/types\/post"}],"author":[{"embeddable":true,"href":"https:\/\/www.europesays.com\/fr\/wp-json\/wp\/v2\/users\/2"}],"replies":[{"embeddable":true,"href":"https:\/\/www.europesays.com\/fr\/wp-json\/wp\/v2\/comments?post=144110"}],"version-history":[{"count":0,"href":"https:\/\/www.europesays.com\/fr\/wp-json\/wp\/v2\/posts\/144110\/revisions"}],"wp:featuredmedia":[{"embeddable":true,"href":"https:\/\/www.europesays.com\/fr\/wp-json\/wp\/v2\/media\/144111"}],"wp:attachment":[{"href":"https:\/\/www.europesays.com\/fr\/wp-json\/wp\/v2\/media?parent=144110"}],"wp:term":[{"taxonomy":"category","embeddable":true,"href":"https:\/\/www.europesays.com\/fr\/wp-json\/wp\/v2\/categories?post=144110"},{"taxonomy":"post_tag","embeddable":true,"href":"https:\/\/www.europesays.com\/fr\/wp-json\/wp\/v2\/tags?post=144110"}],"curies":[{"name":"wp","href":"https:\/\/api.w.org\/{rel}","templated":true}]}}