{"id":144116,"date":"2025-06-01T13:21:15","date_gmt":"2025-06-01T13:21:15","guid":{"rendered":"https:\/\/www.europesays.com\/fr\/144116\/"},"modified":"2025-06-01T13:21:15","modified_gmt":"2025-06-01T13:21:15","slug":"les-joueurs-du-paris-saint-germain-attendus-sur-les-champs-elysees-vers-17-h","status":"publish","type":"post","link":"https:\/\/www.europesays.com\/fr\/144116\/","title":{"rendered":"les joueurs du Paris Saint-Germain attendus sur les Champs-\u00c9lys\u00e9es vers 17 h"},"content":{"rendered":"<p>Ce direct est aliment\u00e9 par les journalistes du service des Informations g\u00e9n\u00e9rales.<\/p>\n<p>Bonjour et bienvenue dans ce direct consacr\u00e9 aux festivit\u00e9s qui vont se d\u00e9rouler ce dimanche 1er\u00a0juin 2025, pour le retour des joueurs du Paris Saint-Germain, vainqueurs hier soir de la premi\u00e8re Ligue des champions de l\u2019histoire du club. <a target=\"_self\" href=\"https:\/\/www.lanouvellerepublique.fr\/a-la-une\/ligue-des-champions-doue-offre-le-titre-europeen-tant-desire-au-paris-saint-germain-1748725903\" rel=\"nofollow noopener\">Apr\u00e8s leur victoire 5-0 face \u00e0 l\u2019Inter Milan<\/a>, ils sont attendus pour une grande parade sur les Champs-\u00c9lys\u00e9es \u00e0 partir de 17\u00a0h. Ils seront ensuite re\u00e7us \u00e0 l\u2019\u00c9lys\u00e9e par Emmanuel Macron \u00e0 partir de 19 heures, avant des c\u00e9l\u00e9brations pr\u00e9vues au Parc des princes, \u00e0 Paris.<\/p>\n<p><strong>15\u00a0h.<\/strong>\u00a0Ici Paris-\u00cele de France (ex-France bleu) indique que deux bus d\u00e9cor\u00e9s aux couleurs du PSG avec la mention \u00ab\u00a0champion d\u2019Europe\u00a0\u00bb viennent d\u2019arriver \u00e0 l\u2019a\u00e9roport Roissy-Charles de Gaulle. Les joueurs, de retour de Munich, doivent y atterrir vers 16h avant de prendre la direction des\u00a0Champs-\u00c9lys\u00e9es.<\/p>\n<p><strong>14\u00a0h\u00a045.<\/strong> Un large dispositif de s\u00e9curit\u00e9 a \u00e9t\u00e9 mis en place pour la parade du PSG. Elle doit d\u00e9buter \u00e0 17\u00a0h et remonter les Champs-\u00c9lys\u00e9es, jusqu\u2019\u00e0 l\u2019Arc de triomphe. Plusieurs acc\u00e8s sont pr\u00e9vus pour les supporteurs qui ont commenc\u00e9 \u00e0 p\u00e9n\u00e9trer dans la zone \u00e0 14\u00a0h\u00a030.<\/p>\n<p><strong>12\u00a0h\u00a045. <\/strong>\u00c0 Blois, de nombreux supporteurs du club parisien ont converg\u00e9 samedi soir vers la place de la R\u00e9sistance pour faire \u00e9clater leur joie. Si l\u2019affluence n\u2019\u00e9tait pas celle de la victoire de la France lors de la Coupe du monde 2018, les forces de l\u2019ordre ont d\u00e9nombr\u00e9 environ 500 personnes sur place.<\/p>\n<p><strong>12\u00a0h\u00a040. <\/strong>Au Bar du Vieux Ch\u00e2teau \u00e0 Tours, QG des fans tourangeaux du PSG, l\u2019ambiance \u00e9tait explosive pour c\u00e9l\u00e9brer les cinq buts marqu\u00e9s en finale de Ligue des champions. Revivez cette soir\u00e9e en image avec notre reportage\u00a0:<\/p>\n<p><strong>12\u00a0h\u00a025. <\/strong>Un policier de Niort (Deux-S\u00e8vres) a \u00e9t\u00e9 bless\u00e9, br\u00fbl\u00e9 au bras par un tir \u00ab\u00a0d\u2019engin incendiaire\u00a0\u00bb, <a target=\"_self\" href=\"https:\/\/www.lanouvellerepublique.fr\/niort\/a-niort-la-soiree-degenere-apres-le-match-de-ligue-des-champions-un-policier-brule-au-bras-par-un-tir-d-engin-incendiaire-1748773532\" rel=\"nofollow noopener\">lors d\u2019affrontements sur la place de la Br\u00e8che<\/a>, a fait savoir la procureure de la R\u00e9publique de Niort, dimanche matin. Aucune interpellation n\u2019a \u00e9t\u00e9 effectu\u00e9e, indique la procureure, mais plusieurs fonctionnaires de police ont d\u00e9pos\u00e9 des plaintes apr\u00e8s ces violences.<\/p>\n<p><strong>11\u00a0h\u00a030.<\/strong> La pr\u00e9fecture de police de Paris a annonc\u00e9 une jauge \u00e0 110.000 personnes maximum sur les Champs-\u00c9lys\u00e9es dans le cadre de la parade organis\u00e9e pour les joueurs du Paris Saint-Germain. L\u2019ouverture des acc\u00e8s se fait \u00e0 14\u00a0h\u00a030.<\/p>\n<p><strong>11\u00a0h\u00a015.<\/strong>\u00a0Un policier a \u00e9t\u00e9 plac\u00e9 en coma artificiel apr\u00e8s avoir \u00e9t\u00e9 bless\u00e9 par un tir de mortiers d\u2019artifice.\u00a0Selon une source polici\u00e8re, il a \u00e9t\u00e9 touch\u00e9 au niveau de l\u2019\u0153il, par un jet accidentel, sur la place du parvis de la cath\u00e9drale de Coutances (Manche). Une enqu\u00eate a \u00e9t\u00e9 ouverte dans un premier temps \u00ab\u00a0pour violences volontaires sur personne d\u00e9positaire de l\u2019autorit\u00e9 publique\u00a0\u00bb, a pr\u00e9cis\u00e9 le procureur de Coutances, Gauthier Poupeau.<\/p>\n<p><strong>10\u00a0h\u00a045.<\/strong>\u00a0Deux personnes \u2013 <a target=\"_self\" href=\"https:\/\/www.lanouvellerepublique.fr\/a-la-une\/ligue-des-champions-des-incidents-a-paris-300-interpellations-une-voiture-percute-la-foule-a-grenoble-1748760561\" rel=\"nofollow noopener\">un mineur \u00e0 Dax et un homme \u00e0 Paris<\/a> \u2013 sont d\u00e9c\u00e9d\u00e9es dans la nuit de samedi \u00e0 dimanche et 559 personnes ont \u00e9t\u00e9 interpell\u00e9es lors des c\u00e9l\u00e9brations, selon le minist\u00e8re de l\u2019Int\u00e9rieur.<\/p>\n<p>\u00c0 Dax, un mineur de 17\u00a0ans a \u00e9t\u00e9 tu\u00e9 \u00e0 coups de couteau lors d\u2019un rassemblement pour c\u00e9l\u00e9brer le sacre du club parisien. \u00c0 Paris, dans le 15e arrondissement, un homme \u00e0 scooter a \u00e9t\u00e9 percut\u00e9 par une voiture et a succomb\u00e9 \u00e0 ses blessures.\u00a0Parmi les 559 interpellations, 491 ont \u00e9t\u00e9 effectu\u00e9es \u00e0 Paris. Tout ceci a conduit\u00a0\u00e0 320 gardes \u00e0 vue, dont 254 pour la seule capitale.<\/p>\n<p><strong>Samedi 31\u00a0mai, 23\u00a0h\u00a030.<\/strong> L\u2019\u00c9lys\u00e9e annonce que le pr\u00e9sident de la R\u00e9publique va recevoir \u00ab\u00a0l\u2019\u00e9quipe du Paris Saint-Germain, son \u00e9quipe technique et d\u2019anciens joueurs du club apr\u00e8s leur premier titre en Ligue des Champions, ce dimanche 1er\u00a0juin\u00a0\u00bb.<\/p>\n<p>\u00ab\u00a0Au terme d\u2019une saison europ\u00e9enne exceptionnelle, les joueurs du Paris Saint-Germain ont d\u00e9croch\u00e9 leur premier titre de champions d\u2019Europe, devenant ainsi le deuxi\u00e8me club fran\u00e7ais \u00e0 remporter cette comp\u00e9tition, apr\u00e8s l\u2019Olympique de Marseille en 1993. Cette victoire r\u00e9compense les efforts et le talent de l\u2019ensemble des joueurs, ainsi que le travail du staff technique emmen\u00e9 par M. Luis Enrique. Ce succ\u00e8s marque une \u00e9tape historique pour le football fran\u00e7ais sur la sc\u00e8ne europ\u00e9enne et couronne l\u2019engagement de tout un club et de ses supporters\u00a0\u00bb, dit le palais dans un communiqu\u00e9.<\/p>\n","protected":false},"excerpt":{"rendered":"Ce direct est aliment\u00e9 par les journalistes du service des Informations g\u00e9n\u00e9rales. Bonjour et bienvenue dans ce direct&hellip;\n","protected":false},"author":2,"featured_media":144117,"comment_status":"","ping_status":"","sticky":false,"template":"","format":"standard","meta":{"footnotes":""},"categories":[1888],"tags":[328,11,1777,674,274,63,1011,27,329,12,626,25,60],"class_list":{"0":"post-144116","1":"post","2":"type-post","3":"status-publish","4":"format-standard","5":"has-post-thumbnail","7":"category-paris","8":"tag-a-la-une","9":"tag-actualites","10":"tag-eu","11":"tag-europe","12":"tag-faits-divers-justice","13":"tag-football","14":"tag-fr","15":"tag-france","16":"tag-france-monde","17":"tag-news","18":"tag-paris","19":"tag-republique-francaise","20":"tag-sports"},"share_on_mastodon":{"url":"https:\/\/pubeurope.com\/@fr\/114608320258768422","error":""},"_links":{"self":[{"href":"https:\/\/www.europesays.com\/fr\/wp-json\/wp\/v2\/posts\/144116","targetHints":{"allow":["GET"]}}],"collection":[{"href":"https:\/\/www.europesays.com\/fr\/wp-json\/wp\/v2\/posts"}],"about":[{"href":"https:\/\/www.europesays.com\/fr\/wp-json\/wp\/v2\/types\/post"}],"author":[{"embeddable":true,"href":"https:\/\/www.europesays.com\/fr\/wp-json\/wp\/v2\/users\/2"}],"replies":[{"embeddable":true,"href":"https:\/\/www.europesays.com\/fr\/wp-json\/wp\/v2\/comments?post=144116"}],"version-history":[{"count":0,"href":"https:\/\/www.europesays.com\/fr\/wp-json\/wp\/v2\/posts\/144116\/revisions"}],"wp:featuredmedia":[{"embeddable":true,"href":"https:\/\/www.europesays.com\/fr\/wp-json\/wp\/v2\/media\/144117"}],"wp:attachment":[{"href":"https:\/\/www.europesays.com\/fr\/wp-json\/wp\/v2\/media?parent=144116"}],"wp:term":[{"taxonomy":"category","embeddable":true,"href":"https:\/\/www.europesays.com\/fr\/wp-json\/wp\/v2\/categories?post=144116"},{"taxonomy":"post_tag","embeddable":true,"href":"https:\/\/www.europesays.com\/fr\/wp-json\/wp\/v2\/tags?post=144116"}],"curies":[{"name":"wp","href":"https:\/\/api.w.org\/{rel}","templated":true}]}}