{"id":144120,"date":"2025-06-01T13:23:15","date_gmt":"2025-06-01T13:23:15","guid":{"rendered":"https:\/\/www.europesays.com\/fr\/144120\/"},"modified":"2025-06-01T13:23:15","modified_gmt":"2025-06-01T13:23:15","slug":"la-chine-charge-macron-apres-des-propos-sur-taiwan-et-lukraine","status":"publish","type":"post","link":"https:\/\/www.europesays.com\/fr\/144120\/","title":{"rendered":"la Chine charge Macron apr\u00e8s des propos sur Ta\u00efwan et l\u2019Ukraine"},"content":{"rendered":"<p class=\"latino-300b text-grey-800\">\n<p>  Par\u00a0<br \/>\nLe Nouvel Obs avec AFP          <\/p>\n<p class=\"latino-300r text-grey-600\">\n      Publi\u00e9 le<\/p>\n<p>    31 mai 2025 \u00e0 16h29<\/p>\n<p>      <img fetchpriority=\"high\" decoding=\"async\" class=\"mx-auto\" src=\"data:image\/svg+xml,%3Csvg%20xmlns%3D%27http%3A%2F%2Fwww.w3.org%2F2000%2Fsvg%27%20fill%3D%22%23e4e4e4%22%20viewBox%3D%270%200%20510%20340%27%20width%3D%22510%22%20height%3D%22340%22%3E%3Cpath%20d%3D%27M0%200h510v340H0z%27%2F%3E%3C%2Fsvg%3E\"  loading=\"eager\" width=\"510\" height=\"340\" data-oncrawl-image-size=\"510x340\" alt=\"Emmanuel Macron \u00e0 Singapour, le 30\u00a0mai 2025.\"\/>      <\/p>\n<p class=\"latino-100m text-grey-600\">\n            Emmanuel Macron \u00e0 Singapour, le 30\u00a0mai 2025.\u00a0LUDOVIC MARIN \/ AFP        <\/p>\n<p>    Lire\u00a0plus\u00a0tard  <\/p>\n<p><a aria-label=\"Nous suivre sur Google News\" href=\"https:\/\/news.google.com\/publications\/CAAqBwgKMJe4nQkw3dFs?hl=fr&amp;gl=FR&amp;ceid=FR%3Afr\" target=\"_blank\" data-piano=\"Page_Article,Sous_date_publi,Nous_suivre_sur_google_news,1er_clic,action\" class=\"btn btn--small btn--secondary\" rel=\"noopener\"><\/p>\n<p>      Google Actualit\u00e9s<br \/>\n  <\/a><\/p>\n<p>  Partager<\/p>\n<p>        Facebook<\/p>\n<p>        Bluesky<\/p>\n<p>        E-mail<\/p>\n<p>        Copier le lien<\/p>\n<p>      Envoyer<\/p>\n<p>    Temps de lecture\u00a0:\u00a01\u00a0min.<\/p>\n<p class=\"node__paragraphe antonia-750r text-grey-800 pb-24 pb-md-30\">\nLa Chine a d\u00e9nonc\u00e9 ce samedi 31\u00a0mai des propos du pr\u00e9sident Emmanuel Macron qui a \u00e9tabli la veille un parall\u00e8le entre la situation de l\u2019Ukraine et celle de Ta\u00efwan, que les Occidentaux craignent de voir P\u00e9kin envahir.<\/p>\n<p class=\"node__paragraphe antonia-750r text-grey-800 pb-24 pb-md-30\">\n\u00ab\u00a0Comparer la question de Ta\u00efwan au probl\u00e8me ukrainien est inacceptable. Les deux sont de natures diff\u00e9rentes, et en aucun cas comparables\u00a0\u00bb, a r\u00e9agi l\u2019ambassade de Chine \u00e0 Singapour, o\u00f9 s\u2019\u00e9tait exprim\u00e9 le chef d\u2019Etat fran\u00e7ais.<\/p>\n<p class=\"node__paragraphe antonia-750r text-grey-800 pb-24 pb-md-30\">\nEn ouverture du forum de d\u00e9fense et de s\u00e9curit\u00e9 Shangri-La Dialogue dans la cit\u00e9-Etat, Emmanuel Macron avait sugg\u00e9r\u00e9 vendredi soir qu\u2019une invasion de Ta\u00efwan par la Chine pourrait \u00eatre assimil\u00e9e \u00e0 celle de l\u2019Ukraine par la Russie.<\/p>\n<p class=\"latino-500b text-grey-600 pb-16\">A lire aussi<\/p>\n<p><a href=\"https:\/\/www.nouvelobs.com\/monde\/20241002.OBS94404\/la-strategie-nucleaire-chinoise-passe-par-taiwan.html\" data-article-key=\"20241002.OBS94404\" class=\"link--box flex-grow-1\" data-piano=\"Page_Article,Lire_aussi,,Lien1,navigation\" target=\"_blank\" rel=\"noopener\"><\/p>\n<p>                <img decoding=\"async\" src=\"data:image\/svg+xml,%3Csvg%20xmlns%3D%27http%3A%2F%2Fwww.w3.org%2F2000%2Fsvg%27%20fill%3D%22%23e4e4e4%22%20viewBox%3D%270%200%20120%2080%27%20width%3D%22120%22%20height%3D%2280%22%3E%3Cpath%20d%3D%27M0%200h120v80H0z%27%2F%3E%3C%2Fsvg%3E\"  width=\"120\" height=\"80\" loading=\"lazy\" alt=\"Cette image satellite de Planet Labs PBC montre ce qui semble \u00eatre un sous-marin chinois coul\u00e9 dans un chantier naval pr\u00e8s de Wuhan, en Chine, le 15 juin 2024. \"\/><\/p>\n<p class=\"latino-300r latino-lg-600m text-grey-800\">\n                      <strong class=\"latino-300b latino-lg-600m text-grey-500\">Chronique\u00a0<\/strong><br \/>\n                    La strat\u00e9gie nucl\u00e9aire chinoise passe par Ta\u00efwan        <\/p>\n<p><\/a><\/p>\n<p>    Lire\u00a0plus\u00a0tard  <\/p>\n<p class=\"node__paragraphe antonia-750r text-grey-800 pb-24 pb-md-30\">\n\u00ab\u00a0Si nous consid\u00e9rons que la Russie peut \u00eatre autoris\u00e9e \u00e0 s\u2019emparer d\u2019une partie du territoire de l\u2019Ukraine sans restriction, sans contrainte, sans r\u00e9action de l\u2019ordre mondial, que dira-t-on au sujet de ce qui pourrait se passer \u00e0 Ta\u00efwan\u00a0?\u00a0\u00bb, s\u2019\u00e9tait-il interrog\u00e9 \u00e0 la tribune de ce forum.<\/p>\n<p>La Chine doit \u00ab\u00a0emp\u00eacher la Cor\u00e9e du Nord d\u2019\u00eatre impliqu\u00e9e sur le sol europ\u00e9en\u00a0\u00bb<\/p>\n<p class=\"node__paragraphe antonia-750r text-grey-800 pb-24 pb-md-30\">\nEmmanuel Macron avait \u00e9galement pr\u00e9venu que \u00ab\u00a0si la Chine ne veut pas que l\u2019Otan soit impliqu\u00e9e en Asie du Sud-Est ou en Asie, elle doit emp\u00eacher clairement la Cor\u00e9e du Nord d\u2019\u00eatre impliqu\u00e9e sur le sol europ\u00e9en\u00a0\u00bb, <a href=\"https:\/\/www.nouvelobs.com\/monde\/20250430.OBS103360\/guerre-en-ukraine-environ-600-soldats-nord-coreens-tues-au-combat-au-cote-de-la-russie-selon-un-depute-sud-coreen.html\" target=\"_blank\" rel=\"noopener\">o\u00f9 Pyongyang a d\u00e9ploy\u00e9 des soldats contre l\u2019Ukraine aux c\u00f4t\u00e9s de la Russie<\/a>.<\/p>\n<p class=\"node__paragraphe antonia-750r text-grey-800 pb-24 pb-md-30\">\nP\u00e9kin a r\u00e9affirm\u00e9 samedi, par la voix de son ambassade, que \u00ab\u00a0la question de Ta\u00efwan est un sujet strictement interne \u00e0 la Chine\u00a0\u00bb. \u00ab\u00a0Il n\u2019y a qu\u2019une seule Chine au monde, et Ta\u00efwan est une partie inali\u00e9nable du territoire chinois\u00a0\u00bb, a martel\u00e9 la diplomatie chinoise dans un communiqu\u00e9 sur Facebook.<\/p>\n<p class=\"latino-500b text-grey-600 pb-16\">A lire aussi<\/p>\n<p><a href=\"https:\/\/www.nouvelobs.com\/monde\/20240116.OBS83334\/10-choses-a-savoir-sur-lai-ching-te-le-nouveau-president-de-taiwan-qui-irrite-la-chine.html\" data-article-key=\"20240116.OBS83334\" class=\"link--box flex-grow-1\" data-piano=\"Page_Article,Lire_aussi,,Lien2,navigation\" target=\"_blank\" rel=\"noopener\"><\/p>\n<p>                <img decoding=\"async\" src=\"data:image\/svg+xml,%3Csvg%20xmlns%3D%27http%3A%2F%2Fwww.w3.org%2F2000%2Fsvg%27%20fill%3D%22%23e4e4e4%22%20viewBox%3D%270%200%20120%2080%27%20width%3D%22120%22%20height%3D%2280%22%3E%3Cpath%20d%3D%27M0%200h120v80H0z%27%2F%3E%3C%2Fsvg%3E\"  width=\"120\" height=\"80\" loading=\"lazy\" alt=\"Lai Ching-te \u00e0 Taipei, le 13\u00a0janvier 2024, apr\u00e8s l\u2019annonce de sa victoire \u00e0 l\u2019\u00e9lection pr\u00e9sidentielle ta\u00efwanaise.\"\/><\/p>\n<p class=\"latino-300r latino-lg-600m text-grey-800\">\n                      <strong class=\"latino-300b latino-lg-600m text-grey-500\">Portrait\u00a0<\/strong><br \/>\n                    10\u00a0choses \u00e0 savoir sur Lai Ching-te, le nouveau pr\u00e9sident de Ta\u00efwan qui irrite la Chine        <\/p>\n<p><\/a><\/p>\n<p>    Lire\u00a0plus\u00a0tard  <\/p>\n<p class=\"node__paragraphe antonia-750r text-grey-800 pb-24 pb-md-30\">\nLe territoire de Ta\u00efwan \u00e9chappe depuis la r\u00e9volution de 1949 au contr\u00f4le de P\u00e9kin, qui n\u2019a pas exclu de le reprendre par la force si n\u00e9cessaire et <a href=\"https:\/\/www.nouvelobs.com\/monde\/20250402.OBS102237\/taiwan-nouvelles-man-uvres-militaires-de-pekin-pour-simuler-des-frappes-et-un-blocus.html\" target=\"_blank\" rel=\"noopener\">multiplie les man\u0153uvres autour de l\u2019\u00eele<\/a>.<\/p>\n<p class=\"node__paragraphe antonia-750r text-grey-800 pb-24 pb-md-30\">\nSamedi, le secr\u00e9taire am\u00e9ricain de la D\u00e9fense, Pete Hegseth, a accus\u00e9 la Chine de se pr\u00e9parer \u00ab\u00a0\u00e0 potentiellement utiliser la force militaire\u00a0\u00bb en Asie-Pacifique et <a href=\"https:\/\/www.nouvelobs.com\/monde\/20250531.OBS104468\/les-etats-unis-accusent-la-chine-de-se-preparer-a-potentiellement-utiliser-la-force-militaire-en-asie.html\" target=\"_blank\" rel=\"noopener\">de \u00ab\u00a0s\u2019entra\u00eene[r] tous les jours\u00a0\u00bb en vue d\u2019une invasion de Ta\u00efwan<\/a>.<\/p>\n<p class=\"latino-600m text-grey-800\">\n<p>  Par\u00a0<br \/>\nLe Nouvel Obs avec AFP    <\/p>\n","protected":false},"excerpt":{"rendered":"Par\u00a0 Le Nouvel Obs avec AFP Publi\u00e9 le 31 mai 2025 \u00e0 16h29 Emmanuel Macron \u00e0 Singapour, le&hellip;\n","protected":false},"author":2,"featured_media":144121,"comment_status":"","ping_status":"","sticky":false,"template":"","format":"standard","meta":{"footnotes":""},"categories":[1590],"tags":[17,11,17070,309,1777,674,27250,11514,74,12,8437,22053,220],"class_list":{"0":"post-144120","1":"post","2":"type-post","3":"status-publish","4":"format-standard","5":"has-post-thumbnail","7":"category-ukraine","8":"tag-17","9":"tag-actualites","10":"tag-charge","11":"tag-chine","12":"tag-eu","13":"tag-europe","14":"tag-inacceptable","15":"tag-macron","16":"tag-monde","17":"tag-news","18":"tag-propos","19":"tag-taiwan","20":"tag-ukraine"},"share_on_mastodon":{"url":"https:\/\/pubeurope.com\/@fr\/114608328130051677","error":""},"_links":{"self":[{"href":"https:\/\/www.europesays.com\/fr\/wp-json\/wp\/v2\/posts\/144120","targetHints":{"allow":["GET"]}}],"collection":[{"href":"https:\/\/www.europesays.com\/fr\/wp-json\/wp\/v2\/posts"}],"about":[{"href":"https:\/\/www.europesays.com\/fr\/wp-json\/wp\/v2\/types\/post"}],"author":[{"embeddable":true,"href":"https:\/\/www.europesays.com\/fr\/wp-json\/wp\/v2\/users\/2"}],"replies":[{"embeddable":true,"href":"https:\/\/www.europesays.com\/fr\/wp-json\/wp\/v2\/comments?post=144120"}],"version-history":[{"count":0,"href":"https:\/\/www.europesays.com\/fr\/wp-json\/wp\/v2\/posts\/144120\/revisions"}],"wp:featuredmedia":[{"embeddable":true,"href":"https:\/\/www.europesays.com\/fr\/wp-json\/wp\/v2\/media\/144121"}],"wp:attachment":[{"href":"https:\/\/www.europesays.com\/fr\/wp-json\/wp\/v2\/media?parent=144120"}],"wp:term":[{"taxonomy":"category","embeddable":true,"href":"https:\/\/www.europesays.com\/fr\/wp-json\/wp\/v2\/categories?post=144120"},{"taxonomy":"post_tag","embeddable":true,"href":"https:\/\/www.europesays.com\/fr\/wp-json\/wp\/v2\/tags?post=144120"}],"curies":[{"name":"wp","href":"https:\/\/api.w.org\/{rel}","templated":true}]}}