{"id":144122,"date":"2025-06-01T13:24:09","date_gmt":"2025-06-01T13:24:09","guid":{"rendered":"https:\/\/www.europesays.com\/fr\/144122\/"},"modified":"2025-06-01T13:24:09","modified_gmt":"2025-06-01T13:24:09","slug":"la-presidente-dune-promotion-du-mit-exclue-de-sa-remise-de-diplome-apres-un-discours-pro-palestine","status":"publish","type":"post","link":"https:\/\/www.europesays.com\/fr\/144122\/","title":{"rendered":"la pr\u00e9sidente d\u2019une promotion du MIT exclue de sa remise de dipl\u00f4me apr\u00e8s un discours pro-Palestine"},"content":{"rendered":"<p>Megha Vemuri, qui a suivi une double sp\u00e9cialisation en informatique et en cognition et linguistique \u00e0 l\u2019Institut de technologie du Massachusetts, a d\u00e9clar\u00e9 la veille de la c\u00e9r\u00e9monie \u00abque le MIT veut une Palestine libre\u00bb tout en d\u00e9non\u00e7ant un \u00abg\u00e9nocide\u00bb.<\/p>\n<p class=\"fig-paragraph\">Un discours controvers\u00e9 qui lui aura co\u00fbt\u00e9 cher. Megha Vemuri, pr\u00e9sidente de la promotion 2025 de l\u2019<a href=\"http:\/\/www.lefigaro.fr\/sciences\/des-chercheurs-du-mit-ont-dompte-le-vide-quantique-20230724\" target=\"_blank\" data-fig-type=\"Article\" rel=\"noopener\" data-gtm-custom-categorie=\"navigation\" data-gtm-custom-action=\"crossclick\" data-gtm-custom-label=\"Contextuel\" data-gtm-event=\"customEventSPE\" data-fig-domain=\"LEFIGARO\">Institut de technologie du Massachusetts<\/a>\u00a0(MIT), s\u2019est vue interdire l\u2019acc\u00e8s \u00e0 sa c\u00e9r\u00e9monie de remise de dipl\u00f4mes vendredi 30 mai apr\u00e8s avoir prononc\u00e9 un discours pro-palestinien la veille. Lors d\u2019une c\u00e9r\u00e9monie universitaire sur le campus du MIT \u00e0 Cambridge (<a href=\"http:\/\/www.lefigaro.fr\/elections-americaines\/election-presidentielle-americaine-kamala-harris-enleve-le-connecticut-washington-d-c-le-maryland-le-massachusetts-et-rhode-island-20241106\" target=\"_blank\" data-fig-type=\"NewsFlash\" rel=\"noopener\" data-gtm-custom-categorie=\"navigation\" data-gtm-custom-action=\"crossclick\" data-gtm-custom-label=\"Contextuel\" data-gtm-event=\"customEventSPE\" data-fig-domain=\"LEFIGARO\">Massachusetts<\/a>), Megha Vemuri a f\u00e9licit\u00e9 les \u00e9tudiants ayant manifest\u00e9 au nom des Palestiniens et d\u00e9nonc\u00e9 les liens qu\u2019entretient sa prestigieuse universit\u00e9 avec\u00a0<a href=\"http:\/\/www.lefigaro.fr\/international\/cisjordanie-israel-ne-cooperera-pas-pour-une-visite-de-ministres-arabes-qui-denoncent-une-interdiction-20250531\" target=\"_blank\" data-fig-type=\"NewsFlash\" rel=\"noopener\" data-gtm-custom-categorie=\"navigation\" data-gtm-custom-action=\"crossclick\" data-gtm-custom-label=\"Contextuel\" data-gtm-event=\"customEventSPE\" data-fig-domain=\"LEFIGARO\">Isra\u00ebl<\/a>.<\/p>\n<p class=\"fig-paragraph\">En effet, le\u00a0<a href=\"https:\/\/www.bostonglobe.com\/2024\/04\/24\/metro\/mit-protesters-israeli-investments\/\" target=\"_blank\" rel=\"nofollow noopener\" data-gtm-custom-categorie=\"navigation\" data-gtm-custom-action=\"crossclick\" data-gtm-custom-label=\"Contextuel\" data-gtm-event=\"customEventSPE\">Boston Globe<\/a> \u00a0rapportait l\u2019ann\u00e9e derni\u00e8re que selon les donn\u00e9es du minist\u00e8re am\u00e9ricain de l\u2019\u00c9ducation, le MIT d\u00e9clarait avoir re\u00e7u 2,8 millions de dollars de subventions, de dons et de contrats d\u2019entit\u00e9s isra\u00e9liennes entre 2020 et 2024. Les responsables du MIT ont confirm\u00e9 au\u00a0<a href=\"https:\/\/www.nytimes.com\/2025\/05\/31\/us\/mit-commencement.html\" target=\"_blank\" rel=\"nofollow noopener\" data-gtm-custom-categorie=\"navigation\" data-gtm-custom-action=\"crossclick\" data-gtm-custom-label=\"Contextuel\" data-gtm-event=\"customEventSPE\">New York Times<\/a> \u00a0que suite \u00e0 son discours, ils avaient inform\u00e9 Megha Vemuri, qui a suivi une double sp\u00e9cialisation en informatique et en cognition et linguistique, qu\u2019il lui \u00e9tait interdit d\u2019assister \u00e0 la c\u00e9r\u00e9monie de remise des dipl\u00f4mes.<\/p>\n<p class=\"fig-paragraph\">\u00abLe MIT soutient la libert\u00e9 d\u2019expression mais maintient sa d\u00e9cision\u00bb, a d\u00e9clar\u00e9 un porte-parole de l\u2019Institut dans un communiqu\u00e9, expliquant que la jeune femme a, \u00abd\u00e9lib\u00e9r\u00e9ment et \u00e0 plusieurs reprises, induit en erreur les organisateurs de la c\u00e9r\u00e9monie de remise des dipl\u00f4mes\u00bb, tout en qualifiant son discours de \u00abmanifestation depuis la sc\u00e8ne\u00bb. De plus, le texte lu \u00abn\u2019\u00e9tait pas celui que l\u2019oratrice avait fourni \u00e0 l\u2019avance\u00bb, pr\u00e9cise le communiqu\u00e9.<\/p>\n<p class=\"fig-body-link\">\n            \u00c0 lire aussi<br \/>\n        <a class=\"fig-body-link__link fig-premium-mark\" href=\"http:\/\/www.lefigaro.fr\/international\/elles-devront-faire-des-choix-quelles-consequences-pour-les-universites-americaines-apres-le-gel-des-subventions-federales-20250415\" data-fig-type=\"Article\" data-gtm-custom-categorie=\"navigation\" data-gtm-custom-action=\"crossclick\" data-gtm-custom-label=\"Contextuel\" data-gtm-event=\"customEventSPE\" data-fig-domain=\"LEFIGARO\" target=\"_blank\" rel=\"noopener\">\u00abElles devront faire des choix\u00bb\u00a0: quelles cons\u00e9quences pour les universit\u00e9s am\u00e9ricaines apr\u00e8s le gel des subventions f\u00e9d\u00e9rales\u00a0?<br \/>\n    <\/a>\n<\/p>\n<p>\u00abAujourd\u2019hui, c\u2019est aux dipl\u00f4m\u00e9s qu\u2019il revient de parler\u00bb<\/p>\n<p class=\"fig-paragraph\">Le discours de la jeune femme, inscrit sur des feuilles de papier froiss\u00e9es, a dur\u00e9 environ quatre minutes et s\u2019adressait \u00e0 ses camarades de promotion en soulignant leurs efforts pour protester contre Isra\u00ebl. \u00abVous avez montr\u00e9 au monde que le MIT veut une Palestine libre\u00bb, a-t-elle clam\u00e9 jeudi, avant d\u2019ajouter\u00a0: \u00abLa communaut\u00e9 du MIT que je connais ne tol\u00e9rerait jamais un g\u00e9nocide.\u00bb Megha Vemuri a ensuite quitt\u00e9 l\u2019estrade sous un m\u00e9lange d\u2019acclamations et de protestations avant que Sally Kornbluth, la pr\u00e9sidente de l\u2019universit\u00e9, prenne la parole. \u00abAu MIT, nous croyons \u00e0 la libert\u00e9 d\u2019expression. Mais aujourd\u2019hui, c\u2019est aux dipl\u00f4m\u00e9s qu\u2019il revient de parler\u00bb, a-t-elle assur\u00e9.<\/p>\n<p class=\"fig-paragraph\">Bien qu\u2019exclue de la c\u00e9r\u00e9monie de remise de dipl\u00f4mes vendredi, la jeune femme recevra tout de m\u00eame le sien \u00abpar la poste\u00bb. \u00abJe ne vois aucune raison de me d\u00e9placer sur la sc\u00e8ne d\u2019une institution complice de ce g\u00e9nocide\u00bb, a-t-elle de toute fa\u00e7on \u00e9crit, ajoutant qu\u2019elle \u00e9tait \u00abd\u00e9\u00e7ue\u00bb par la r\u00e9ponse du MIT. Elle affirme que les responsables de l\u2019\u00e9cole \u00abont largement outrepass\u00e9 leurs r\u00f4les pour (me) punir sans m\u00e9rite ni proc\u00e9dure r\u00e9guli\u00e8re\u00bb.<\/p>\n<p>Des accusations d\u2019antis\u00e9mitisme<\/p>\n<p class=\"fig-paragraph\">Le discours de Megha Vemuri a suscit\u00e9 de vives critiques en ligne, et notamment de la part du pr\u00e9sident de la Chambre des repr\u00e9sentants, Mike Johnson, alli\u00e9 de Donald Trump. \u00abIgnorant. Haineux. D\u00e9pourvu de toute morale. O\u00f9 est la honte \u2013 ou la r\u00e9ponse appropri\u00e9e de l\u2019institution\u00a0?\u00bb\u00a0<a href=\"https:\/\/x.com\/SpeakerJohnson\/status\/1928649949727629351\" target=\"_blank\" rel=\"nofollow noopener\" data-gtm-custom-categorie=\"navigation\" data-gtm-custom-action=\"crossclick\" data-gtm-custom-label=\"Contextuel\" data-gtm-event=\"customEventSPE\">a-t-il \u00e9crit sur X.<\/a>\u00a0\u00abDemandez \u00e0 vos enfants d\u2019\u00e9viter \u00e0 tout prix le MIT et l\u2019Ivy League.\u00bb<\/p>\n<p class=\"fig-paragraph\">Depuis l\u2019attaque men\u00e9e par le\u00a0<a href=\"http:\/\/www.lefigaro.fr\/international\/treve-a-gaza-le-hamas-a-remis-sa-reponse-sur-la-proposition-americaine-10-otages-vivants-vont-etre-liberes-20250531\" target=\"_blank\" data-fig-type=\"NewsFlash\" rel=\"noopener\" data-gtm-custom-categorie=\"navigation\" data-gtm-custom-action=\"crossclick\" data-gtm-custom-label=\"Contextuel\" data-gtm-event=\"customEventSPE\" data-fig-domain=\"LEFIGARO\">Hamas<\/a>\u00a0contre Isra\u00ebl en octobre 2023 et la guerre entam\u00e9e par la suite par l\u2019\u00c9tat h\u00e9breu \u00e0 Gaza, les campus universitaires am\u00e9ricains sont confront\u00e9s \u00e0 de nombreux campements de protestation contre l\u2019offensive isra\u00e9lienne et vis\u00e9s par des accusations d\u2019antis\u00e9mitisme.<\/p>\n<p class=\"fig-paragraph\">De nombreux \u00e9tudiants ont d\u00e9j\u00e0 utilis\u00e9 leur c\u00e9r\u00e9monie de fin d\u2019ann\u00e9e comme plateforme pour prononcer des discours pro-Palestine, s\u2019\u00e9cartant de ceux qu\u2019ils avaient pr\u00e9sent\u00e9s aux responsables de leur universit\u00e9. \u00c0 la mi-mai, l\u2019un d\u2019entre eux, Logan Rozos, s\u2019est vu refuser la remise de son dipl\u00f4me apr\u00e8s qu\u2019il a fait r\u00e9f\u00e9rence aux \u00abatrocit\u00e9s qui se produisent actuellement en Palestine\u00bb dans un discours.<\/p>\n","protected":false},"excerpt":{"rendered":"Megha Vemuri, qui a suivi une double sp\u00e9cialisation en informatique et en cognition et linguistique \u00e0 l\u2019Institut de&hellip;\n","protected":false},"author":2,"featured_media":144123,"comment_status":"","ping_status":"","sticky":false,"template":"","format":"standard","meta":{"footnotes":""},"categories":[1589],"tags":[259,11,260,73,1866,14,261,27251,12,262,1864,1865,1863,308],"class_list":{"0":"post-144122","1":"post","2":"type-post","3":"status-publish","4":"format-standard","5":"has-post-thumbnail","7":"category-etats-unis","8":"tag-actualite-internationale","9":"tag-actualites","10":"tag-affaires-etrangeres","11":"tag-etats-unis","12":"tag-etats-unis-damerique","13":"tag-international","14":"tag-ministere-des-affaires-etrangeres","15":"tag-mit","16":"tag-news","17":"tag-politique-etrangere","18":"tag-united-states","19":"tag-united-states-of-america","20":"tag-us","21":"tag-usa"},"share_on_mastodon":{"url":"https:\/\/pubeurope.com\/@fr\/114608332094238125","error":""},"_links":{"self":[{"href":"https:\/\/www.europesays.com\/fr\/wp-json\/wp\/v2\/posts\/144122","targetHints":{"allow":["GET"]}}],"collection":[{"href":"https:\/\/www.europesays.com\/fr\/wp-json\/wp\/v2\/posts"}],"about":[{"href":"https:\/\/www.europesays.com\/fr\/wp-json\/wp\/v2\/types\/post"}],"author":[{"embeddable":true,"href":"https:\/\/www.europesays.com\/fr\/wp-json\/wp\/v2\/users\/2"}],"replies":[{"embeddable":true,"href":"https:\/\/www.europesays.com\/fr\/wp-json\/wp\/v2\/comments?post=144122"}],"version-history":[{"count":0,"href":"https:\/\/www.europesays.com\/fr\/wp-json\/wp\/v2\/posts\/144122\/revisions"}],"wp:featuredmedia":[{"embeddable":true,"href":"https:\/\/www.europesays.com\/fr\/wp-json\/wp\/v2\/media\/144123"}],"wp:attachment":[{"href":"https:\/\/www.europesays.com\/fr\/wp-json\/wp\/v2\/media?parent=144122"}],"wp:term":[{"taxonomy":"category","embeddable":true,"href":"https:\/\/www.europesays.com\/fr\/wp-json\/wp\/v2\/categories?post=144122"},{"taxonomy":"post_tag","embeddable":true,"href":"https:\/\/www.europesays.com\/fr\/wp-json\/wp\/v2\/tags?post=144122"}],"curies":[{"name":"wp","href":"https:\/\/api.w.org\/{rel}","templated":true}]}}