{"id":144134,"date":"2025-06-01T13:30:10","date_gmt":"2025-06-01T13:30:10","guid":{"rendered":"https:\/\/www.europesays.com\/fr\/144134\/"},"modified":"2025-06-01T13:30:10","modified_gmt":"2025-06-01T13:30:10","slug":"voici-ou-ils-vont-tomber-dans-le-rhone","status":"publish","type":"post","link":"https:\/\/www.europesays.com\/fr\/144134\/","title":{"rendered":"voici o\u00f9 ils vont tomber dans le Rh\u00f4ne"},"content":{"rendered":"<p>            Par<br \/>\n        <strong><br \/>\n            <a href=\"https:\/\/actu.fr\/auteur\/redaction-lyon\" title=\"Consulter tous les articles de R\u00e9daction Lyon\" target=\"_blank\" rel=\"noopener\">R\u00e9daction Lyon<\/a><br \/>\n        <\/strong><\/p>\n<p>        Publi\u00e9 le<\/p>\n<p>            1 juin 2025 \u00e0 11h30        <\/p>\n<p>Des orages violents s\u2019annoncent de nouveau sur le d\u00e9partement du <a href=\"https:\/\/actu.fr\/auvergne-rhone-alpes\/lyon_69123\" target=\"_blank\" rel=\"noopener\">Rh\u00f4ne<\/a> ce dimanche 1er juin. Apr\u00e8s un <a href=\"https:\/\/actu.fr\/societe\/meteo-des-orages-violents-s-abattent-sur-ces-communes-du-rhone-avec-d-enormes-grelons_62712669.html\" target=\"_blank\" rel=\"noopener\">premier \u00e9pisode samedi<\/a>, qui n\u2019a pas fait de d\u00e9g\u00e2ts, avec orages et fortes chutes de gr\u00eale localis\u00e9es, <a href=\"https:\/\/actu.fr\/tag\/meteo-france\" target=\"_blank\" rel=\"noopener\">M\u00e9t\u00e9o France<\/a> a d\u00e9clench\u00e9 la <a href=\"https:\/\/actu.fr\/meteo\/des-orages-costauds-prevus-en-france-ce-dimanche-50-departements-en-vigilance-voici-ou-ca-va-tomber_62711705.html\" target=\"_blank\" rel=\"noopener\">vigilance orange sur 10 d\u00e9partements<\/a> dont le Rh\u00f4ne.\u00a0<\/p>\n<p class=\" wall-content\">La vigilance est active d\u00e8s 16h ce dimanche et doit s\u2019achever lundi dans la nuit \u00e0 3 heures, selon M\u00e9t\u00e9o France.\u00a0<\/p>\n<p>Vigilance orange d\u00e9clench\u00e9e<\/p>\n<p class=\" wall-content\">La vigilance est mont\u00e9e d\u2019un niveau, de jaune \u00e0 orange ce dimanche. M\u00e9t\u00e9o France pr\u00e9voit un front orageux puissant qui risque de balayer une partie de la r\u00e9gion Auvergne-Rh\u00f4ne-Alpes. Les d\u00e9partements de la r\u00e9gion, l\u2019Ain, l\u2019Ard\u00e8che, la Dr\u00f4me, l\u2019Is\u00e8re, la Loire, la Haute-Loire et le Rh\u00f4ne sont concern\u00e9s.<\/p>\n<p class=\" wall-content\">\u00ab\u00a0Apr\u00e8s une journ\u00e9e de samedi rythm\u00e9e par de beaux orages, ils se remettent en place ce dimanche, sur <strong>un axe allant du sud de Toulouse \u00e0 la r\u00e9gion lyonnaise\u00a0\u00bb<\/strong>, pr\u00e9vient le m\u00e9t\u00e9orologue Yann Amice, fondateur du site <a href=\"https:\/\/www.weathernco.com\/\" target=\"_blank\" rel=\"noopener\">Weather &amp; Co<\/a>.<\/p>\n<p>Des secteurs concern\u00e9s par des orages avec gr\u00eale<\/p>\n<p class=\" wall-content\">M\u00e9t\u00e9o France pr\u00e9voit dans l\u2019apr\u00e8s-midi de la gr\u00eale et des orages localis\u00e9s dans les secteurs de Trades et Tarare.\u00a0<\/p>\n<p class=\" wall-content\">Dans la soir\u00e9e, les orages avec gr\u00eale pourraient se d\u00e9caler dans le secteur de Neuville-sur-Sa\u00f4ne.<\/p>\n<p>Des orages g\u00e9n\u00e9ralis\u00e9s dans le Rh\u00f4ne<\/p>\n<p class=\" wall-content\">Les pr\u00e9visions indiquent des orages g\u00e9n\u00e9ralis\u00e9s sur l\u2019ensemble du d\u00e9partement du Rh\u00f4ne ce dimanche.\u00a0<\/p>\n<p class=\" wall-content\">Villefranche-sur-Sa\u00f4ne, Neuville-sur-Sa\u00f4ne, Beaujeau, Thizy, Tarare, L\u2019Arbresle, Saint-Symphorien-sur-Coize, Soucieu-en-Jarest, Lyon, Trades, Belleville dans le Beaujolais, Pusignan sont concern\u00e9s par des risques d\u2019orages avec des averses.<\/p>\n<p class=\" wall-content\">Suivez toute l\u2019actualit\u00e9 de vos villes et m\u00e9dias favoris en vous inscrivant \u00e0 <a href=\"https:\/\/moncompte.actu.fr\" title=\"D\u00e9couvez Mon Actu\" rel=\"nofollow noopener\" data-trk=\"{&quot;cta&quot;:{&quot;action&quot;:&quot;https:\\\/\\\/moncompte.actu.fr&quot;,&quot;category&quot;:&quot;mon compte&quot;,&quot;from&quot;:&quot;article footer&quot;,&quot;name&quot;:&quot;Mon actu&quot;,&quot;type&quot;:&quot;cta&quot;}}\" target=\"_blank\">Mon Actu<\/a>.<\/p>\n","protected":false},"excerpt":{"rendered":"Par R\u00e9daction Lyon Publi\u00e9 le 1 juin 2025 \u00e0 11h30 Des orages violents s\u2019annoncent de nouveau sur le&hellip;\n","protected":false},"author":2,"featured_media":141083,"comment_status":"","ping_status":"","sticky":false,"template":"","format":"standard","meta":{"footnotes":""},"categories":[2],"tags":[11,1011,27,2357,12,4594,25,104],"class_list":{"0":"post-144134","1":"post","2":"type-post","3":"status-publish","4":"format-standard","5":"has-post-thumbnail","7":"category-actualites","8":"tag-actualites","9":"tag-fr","10":"tag-france","11":"tag-meteo-france","12":"tag-news","13":"tag-orages","14":"tag-republique-francaise","15":"tag-societe"},"share_on_mastodon":{"url":"https:\/\/pubeurope.com\/@fr\/114608355994045227","error":""},"_links":{"self":[{"href":"https:\/\/www.europesays.com\/fr\/wp-json\/wp\/v2\/posts\/144134","targetHints":{"allow":["GET"]}}],"collection":[{"href":"https:\/\/www.europesays.com\/fr\/wp-json\/wp\/v2\/posts"}],"about":[{"href":"https:\/\/www.europesays.com\/fr\/wp-json\/wp\/v2\/types\/post"}],"author":[{"embeddable":true,"href":"https:\/\/www.europesays.com\/fr\/wp-json\/wp\/v2\/users\/2"}],"replies":[{"embeddable":true,"href":"https:\/\/www.europesays.com\/fr\/wp-json\/wp\/v2\/comments?post=144134"}],"version-history":[{"count":0,"href":"https:\/\/www.europesays.com\/fr\/wp-json\/wp\/v2\/posts\/144134\/revisions"}],"wp:featuredmedia":[{"embeddable":true,"href":"https:\/\/www.europesays.com\/fr\/wp-json\/wp\/v2\/media\/141083"}],"wp:attachment":[{"href":"https:\/\/www.europesays.com\/fr\/wp-json\/wp\/v2\/media?parent=144134"}],"wp:term":[{"taxonomy":"category","embeddable":true,"href":"https:\/\/www.europesays.com\/fr\/wp-json\/wp\/v2\/categories?post=144134"},{"taxonomy":"post_tag","embeddable":true,"href":"https:\/\/www.europesays.com\/fr\/wp-json\/wp\/v2\/tags?post=144134"}],"curies":[{"name":"wp","href":"https:\/\/api.w.org\/{rel}","templated":true}]}}