{"id":144137,"date":"2025-06-01T13:33:17","date_gmt":"2025-06-01T13:33:17","guid":{"rendered":"https:\/\/www.europesays.com\/fr\/144137\/"},"modified":"2025-06-01T13:33:17","modified_gmt":"2025-06-01T13:33:17","slug":"asg-volley-remise-de-cheque-et-assemblee-generale","status":"publish","type":"post","link":"https:\/\/www.europesays.com\/fr\/144137\/","title":{"rendered":"ASG Volley : remise de ch\u00e8que et assembl\u00e9e g\u00e9n\u00e9rale"},"content":{"rendered":"<p data-olk-copy-source=\"MessageBody\"><a href=\"https:\/\/vosgesinfo.fr\/app\/uploads\/sites\/6\/2025\/05\/tournoi-du-printemps.jpg\" data-slb-active=\"1\" data-slb-asset=\"971140488\" data-slb-internal=\"0\" data-slb-group=\"slb\" rel=\"nofollow noopener\" target=\"_blank\"><img decoding=\"async\" loading=\"lazy\" class=\"aligncenter size-large wp-image-78598\" src=\"https:\/\/www.europesays.com\/fr\/wp-content\/uploads\/2025\/06\/tournoi-du-printemps-1024x768.jpg\" alt=\"\" width=\"1024\" height=\"768\"  \/><\/a><\/p>\n<p data-olk-copy-source=\"MessageBody\"><a href=\"https:\/\/vosgesinfo.fr\/app\/uploads\/sites\/6\/2025\/05\/photo-note-de-bonheur.jpg\" data-slb-active=\"1\" data-slb-asset=\"412637610\" data-slb-internal=\"0\" data-slb-group=\"slb\" rel=\"nofollow noopener\" target=\"_blank\"><img decoding=\"async\" loading=\"lazy\" class=\"alignright size-medium wp-image-78632\" src=\"https:\/\/www.europesays.com\/fr\/wp-content\/uploads\/2025\/06\/photo-note-de-bonheur-225x300.jpg\" alt=\"\" width=\"225\" height=\"300\"  \/><\/a>L\u2019ASG Volley a r\u00e9cemment organis\u00e9 son traditionnel tournoi de printemps o\u00f9, pour la deuxi\u00e8me ann\u00e9e cons\u00e9cutive, tous les b\u00e9n\u00e9fices ont \u00e9t\u00e9 revers\u00e9s \u00e0 une association. L\u2019ann\u00e9e derni\u00e8re, il s\u2019agissait de l\u2019association \u201cLes Loustics sous le Baobab\u201d, et cette ann\u00e9e, c\u2019est l\u2019association \u201cUne Note du Bonheur\u201d qui en a b\u00e9n\u00e9fici\u00e9.<\/p>\n<p>L\u2019assembl\u00e9e G\u00e9n\u00e9rale du club se d\u00e9roulera quant \u00e0 elle le vendredi 13 juin \u00e0 20 h 00 \u00e0 la Halle des Sports. C\u2019est l\u2019occasion de remercier la ville de G\u00e9rardmer, nos sponsors, nos b\u00e9n\u00e9voles ainsi que tous les licenci\u00e9s. L\u2019occasion de faire le bilan de la saison \u00e9coul\u00e9e et d\u2019aborder les projets pour la nouvelle saison ainsi que les nouvelles manifestations \u00e0 venir. L\u2019AG est ouverte \u00e0 tous, un pot de convivialit\u00e9 sera offert.<\/p>\n<p>\u00a0<\/p>\n<p><a href=\"https:\/\/vosgesinfo.fr\/app\/uploads\/sites\/6\/2025\/05\/affiche-ag-page-0001.jpg\" data-slb-active=\"1\" data-slb-asset=\"1897216947\" data-slb-internal=\"0\" data-slb-group=\"slb\" rel=\"nofollow noopener\" target=\"_blank\"><img decoding=\"async\" loading=\"lazy\" class=\"aligncenter size-large wp-image-78599\" src=\"https:\/\/www.europesays.com\/fr\/wp-content\/uploads\/2025\/06\/affiche-ag-page-0001-724x1024.jpg\" alt=\"\" width=\"724\" height=\"1024\"  \/><\/a><\/p>\n","protected":false},"excerpt":{"rendered":"L\u2019ASG Volley a r\u00e9cemment organis\u00e9 son traditionnel tournoi de printemps o\u00f9, pour la deuxi\u00e8me ann\u00e9e cons\u00e9cutive, tous les&hellip;\n","protected":false},"author":2,"featured_media":144138,"comment_status":"","ping_status":"","sticky":false,"template":"","format":"standard","meta":{"footnotes":""},"categories":[1417],"tags":[27252,1011,27,60,1470,1469],"class_list":{"0":"post-144137","1":"post","2":"type-post","3":"status-publish","4":"format-standard","5":"has-post-thumbnail","7":"category-volley","8":"tag-asg-volley","9":"tag-fr","10":"tag-france","11":"tag-sports","12":"tag-volley","13":"tag-volleyball"},"share_on_mastodon":{"url":"https:\/\/pubeurope.com\/@fr\/114608367529243184","error":""},"_links":{"self":[{"href":"https:\/\/www.europesays.com\/fr\/wp-json\/wp\/v2\/posts\/144137","targetHints":{"allow":["GET"]}}],"collection":[{"href":"https:\/\/www.europesays.com\/fr\/wp-json\/wp\/v2\/posts"}],"about":[{"href":"https:\/\/www.europesays.com\/fr\/wp-json\/wp\/v2\/types\/post"}],"author":[{"embeddable":true,"href":"https:\/\/www.europesays.com\/fr\/wp-json\/wp\/v2\/users\/2"}],"replies":[{"embeddable":true,"href":"https:\/\/www.europesays.com\/fr\/wp-json\/wp\/v2\/comments?post=144137"}],"version-history":[{"count":0,"href":"https:\/\/www.europesays.com\/fr\/wp-json\/wp\/v2\/posts\/144137\/revisions"}],"wp:featuredmedia":[{"embeddable":true,"href":"https:\/\/www.europesays.com\/fr\/wp-json\/wp\/v2\/media\/144138"}],"wp:attachment":[{"href":"https:\/\/www.europesays.com\/fr\/wp-json\/wp\/v2\/media?parent=144137"}],"wp:term":[{"taxonomy":"category","embeddable":true,"href":"https:\/\/www.europesays.com\/fr\/wp-json\/wp\/v2\/categories?post=144137"},{"taxonomy":"post_tag","embeddable":true,"href":"https:\/\/www.europesays.com\/fr\/wp-json\/wp\/v2\/tags?post=144137"}],"curies":[{"name":"wp","href":"https:\/\/api.w.org\/{rel}","templated":true}]}}