{"id":144145,"date":"2025-06-01T13:38:08","date_gmt":"2025-06-01T13:38:08","guid":{"rendered":"https:\/\/www.europesays.com\/fr\/144145\/"},"modified":"2025-06-01T13:38:08","modified_gmt":"2025-06-01T13:38:08","slug":"diani-cascarino-et-lakrar-quittent-le-rassemblement","status":"publish","type":"post","link":"https:\/\/www.europesays.com\/fr\/144145\/","title":{"rendered":"Diani, Cascarino et Lakrar quittent le rassemblement"},"content":{"rendered":"<p>D\u00e9j\u00e0 qualifi\u00e9es pour le \u00abFinal Four\u00bb de Ligue des Nations, les Bleues jouent un dernier match de poules en Islande mardi.<\/p>\n<p class=\"fig-paragraph\">Les attaquantes Delphine Cascarino, suspendue pour le prochain match, et Kadidiatou Diani, bless\u00e9e, ainsi que la d\u00e9fenseure Ma\u00eblle Lakrar, laiss\u00e9e au repos, ont quitt\u00e9 le rassemblement de\u00a0<a href=\"http:\/\/www.lefigaro.fr\/sports\/football\/equipe-de-france\/ligue-des-nations-feminine-l-equipe-de-france-balaye-la-suisse-20250530\" target=\"_blank\" data-fig-type=\"NewsFlash\" rel=\"noopener nofollow\" data-gtm-custom-categorie=\"navigation\" data-gtm-custom-action=\"crossclick\" data-gtm-custom-label=\"Contextuel\" data-gtm-event=\"customEventSPE\" data-fig-domain=\"LEFIGARO\">l&rsquo;\u00e9quipe de France f\u00e9minine<\/a>, \u00e0 deux jours du d\u00e9placement en Islande en Ligue des nations, a annonc\u00e9 dimanche la F\u00e9d\u00e9ration fran\u00e7aise de football.<\/p>\n<p class=\"fig-paragraph\">Cascarino, d\u00e9j\u00e0 avertie lors du premier tour de la Ligue des nations, a re\u00e7u un deuxi\u00e8me carton jaune vendredi lors de la large victoire des Bleues face \u00e0 la Suisse (4-0) et est donc automatiquement suspendue pour la prochaine rencontre, mardi en Islande. Diani ressent, elle, \u00abune g\u00eane musculaire \u00e0 la cuisse\u00bb, selon la FFF. Enfin, Lakrar a \u00e9t\u00e9 mise \u00abau repos apr\u00e8s sa saison tr\u00e8s dense lors de laquelle elle a jou\u00e9 49 matches officiels\u00bb, a indiqu\u00e9 la F\u00e9d\u00e9ration fran\u00e7aise de football.<\/p>\n<p class=\"fig-paragraph\">D\u00e9j\u00e0 qualifi\u00e9e pour le \u00abFinal Four\u00bb de la Ligue des nations avec cinq succ\u00e8s en autant de rencontres, l&rsquo;\u00e9quipe de France, dont le groupe a \u00e9t\u00e9 r\u00e9duit \u00e0 21 joueuses avec les d\u00e9parts de Cascarino, Diani et Lakrar, va tenter de r\u00e9ussir le Grand Chelem pour sa derni\u00e8re sortie du premier tour en Islande mardi.<\/p>\n<p class=\"fig-paragraph\">Le s\u00e9lectionneur Laurent Bonadei divulguera ensuite jeudi sa liste pour l&rsquo;Euro-2025 (2 &#8211; 27 juillet en Suisse).<\/p>\n","protected":false},"excerpt":{"rendered":"D\u00e9j\u00e0 qualifi\u00e9es pour le \u00abFinal Four\u00bb de Ligue des Nations, les Bleues jouent un dernier match de poules&hellip;\n","protected":false},"author":2,"featured_media":144146,"comment_status":"","ping_status":"","sticky":false,"template":"","format":"standard","meta":{"footnotes":""},"categories":[1412],"tags":[525,20536,18013,814,20535,64,20534,1451,85,2257,63,1452,1453,1454,1455,1011,27,20533,955,1980,60],"class_list":{"0":"post-144145","1":"post","2":"type-post","3":"status-publish","4":"format-standard","5":"has-post-thumbnail","7":"category-f1","8":"tag-calendrier","9":"tag-clairefontaine","10":"tag-coupe-du-monde-2018","11":"tag-direct","12":"tag-eliminatoires","13":"tag-equipe-de-france","14":"tag-euro-2020","15":"tag-f1","16":"tag-fff","17":"tag-foot","18":"tag-football","19":"tag-formula-1","20":"tag-formula1","21":"tag-formule-1","22":"tag-formule1","23":"tag-fr","24":"tag-france","25":"tag-les-bleus","26":"tag-match","27":"tag-resultats","28":"tag-sports"},"share_on_mastodon":{"url":"https:\/\/pubeurope.com\/@fr\/114608387101498146","error":""},"_links":{"self":[{"href":"https:\/\/www.europesays.com\/fr\/wp-json\/wp\/v2\/posts\/144145","targetHints":{"allow":["GET"]}}],"collection":[{"href":"https:\/\/www.europesays.com\/fr\/wp-json\/wp\/v2\/posts"}],"about":[{"href":"https:\/\/www.europesays.com\/fr\/wp-json\/wp\/v2\/types\/post"}],"author":[{"embeddable":true,"href":"https:\/\/www.europesays.com\/fr\/wp-json\/wp\/v2\/users\/2"}],"replies":[{"embeddable":true,"href":"https:\/\/www.europesays.com\/fr\/wp-json\/wp\/v2\/comments?post=144145"}],"version-history":[{"count":0,"href":"https:\/\/www.europesays.com\/fr\/wp-json\/wp\/v2\/posts\/144145\/revisions"}],"wp:featuredmedia":[{"embeddable":true,"href":"https:\/\/www.europesays.com\/fr\/wp-json\/wp\/v2\/media\/144146"}],"wp:attachment":[{"href":"https:\/\/www.europesays.com\/fr\/wp-json\/wp\/v2\/media?parent=144145"}],"wp:term":[{"taxonomy":"category","embeddable":true,"href":"https:\/\/www.europesays.com\/fr\/wp-json\/wp\/v2\/categories?post=144145"},{"taxonomy":"post_tag","embeddable":true,"href":"https:\/\/www.europesays.com\/fr\/wp-json\/wp\/v2\/tags?post=144145"}],"curies":[{"name":"wp","href":"https:\/\/api.w.org\/{rel}","templated":true}]}}