{"id":144154,"date":"2025-06-01T13:43:10","date_gmt":"2025-06-01T13:43:10","guid":{"rendered":"https:\/\/www.europesays.com\/fr\/144154\/"},"modified":"2025-06-01T13:43:10","modified_gmt":"2025-06-01T13:43:10","slug":"une-trentaine-dauteurs-le-week-end-des-7-et-8-juin-2025-au-3e-salon-du-livre-de-mareuil-sur-cher","status":"publish","type":"post","link":"https:\/\/www.europesays.com\/fr\/144154\/","title":{"rendered":"Une trentaine d\u2019auteurs le week-end des 7 et 8 juin 2025 au 3e Salon du livre de Mareuil-sur-Cher"},"content":{"rendered":"<p>La troisi\u00e8me \u00e9dition du salon litt\u00e9raire Le Ch\u00e2teau des livres aura lieu au ch\u00e2teau de Mareuil-sur-Cher samedi\u00a07 et dimanche 8\u00a0juin 2025. Initi\u00e9 par la romanci\u00e8re locale Martine Trouillet en partenariat avec la commune de Mareuil, ce salon dont le parrain reste l\u2019\u00e9crivain regrett\u00e9 \u00c9ric Yung, rassemblera 30 auteurs qui transporteront les amateurs de lecture dans des univers tr\u00e8s diff\u00e9rents.\u00a0Cette ann\u00e9e, deux femmes sont \u00e0 l\u2019honneur, Fran\u00e7oise Benassis et Martine Roulet, \u00ab\u00a0deux Lig\u00e9riennes qui ont en commun la passion du voyage et le go\u00fbt des autres\u00a0\u00bb, commente Martine Trouillet.<\/p>\n<p>Partageant sa vie entre Paris et Blois, Fran\u00e7oise Benassis, a men\u00e9 de front sa carri\u00e8re de conceptrice-r\u00e9dactrice en communication et celle de romanci\u00e8re. Du r\u00e9cit au thriller historique, elle raconte ses exp\u00e9riences et ses voyages (Mexique, Guatemala, Tibet, Chine, Sahara). Son dernier ouvrage surprendra\u00a0: Belle comme tes pieds, ou les joyeuses confidences sur un homme qui tombe fou amoureux des pieds d\u2019une femme, entra\u2019per\u00e7us sur Facebook.<\/p>\n<p>Martine Roulet photographe autodidacte, d\u00e9couvre en 1999 au Dakota du Sud, la magie des grands espaces et les descendants de ceux qui ont marqu\u00e9 l\u2019histoire de l\u2019Ouest sauvage. Pour honorer ces gardiens de l\u2019Ouest \u00e9ternel qui luttent pour pr\u00e9server et perp\u00e9tuer les enseignements de leurs anc\u00eatres, elle expose les instants de vie captur\u00e9s au fil de ses s\u00e9jours chez les Indiens lakotas et les cow-boys. Elle \u00e9crit aussi des articles pour le magazine fran\u00e7ais Am\u00e9rican Legend.\u00a0Martine Roulet animera une conf\u00e9rence sur Les gardiens de l\u2019Ouest sauvage samedi 7\u00a0juin \u00e0 15\u00a0h\u00a030.<\/p>\n<p>La space fantasy fait son entr\u00e9e cette ann\u00e9e au Ch\u00e2teau des livres avec la romanci\u00e8re Marie Roger qui pr\u00e9sentera une saga intitul\u00e9e Menetka alliant mondes magiques et science-fiction. Dans un autre registre, Arthur Hopfner ancien militaire au sein des commandos de marine et forces sp\u00e9ciales, consacre beaucoup d\u2019\u00e9crits aux \u00e9coles et \u00e0 l\u2019institution militaire.<\/p>\n<p>Dans la cat\u00e9gorie jeunesse, S\u00e9bastien et Alice qui ont cr\u00e9\u00e9 leur maison d\u2019\u00e9dition Chabada pr\u00e9senteront leur derni\u00e8re parution Chamboul\u2019tout. Le salon b\u00e9n\u00e9ficiera aussi de la pr\u00e9sence de la Solognote Marieke Aucante, journaliste de t\u00e9l\u00e9vision, femme engag\u00e9e et autrice d\u2019une vingtaine de romans de tout style.<\/p>\n<p>De nombreux auteurs de talent s\u00e9lectionn\u00e9s par les organisateurs attendent les amateurs de bonne lecture. Au cours des deux journ\u00e9es, des animations surprises seront propos\u00e9es.<\/p>\n<p>Les auteurs pr\u00e9sents<\/p>\n<p>Fran\u00e7oise Benassis (roman) et Martine Roulet (journaliste\/conf\u00e9renci\u00e8re), Charlotte et Elisabeth Ant\u00e9bi (policier\/thriller), Marieke Aucante (roman), Chabada \u2013 S\u00e9bastien Destin (jeunesse), Micka\u00ebl Dauloire (activit\u00e9s manuelles enfants), Fr\u00e9d\u00e9rique de Ligni\u00e8res (\u00e9ditrice\/art\/litt\u00e9rature contemporaine), Alain Denis (policier), Yannick F\u00e9lix (roman), G\u00e9rard Fl\u00e9chelle (po\u00e9sie\/nouvelles), Doroth\u00e9e Fontanillas (jeunesse, Lindsay Gaudou Labergris (manga\/livres illustr\u00e9s), R\u00e9my Gillet (science-fiction\/jeunesse\/essais), Olivia Gloux (romance\/fantasy), Herv\u00e9 Gransart (roman\/th\u00e9\u00e2tre\/essai), Muriel Guitton (\u00e9ditrice\/th\u00e9\u00e2tre jeunesse\u00a0&#8211; seulement samedi), Arthur Hopfner (action\/aventure), Tony Jagu (biographie\/politique), Dominique Levenez (roman historique), Fran\u00e7ois Mallet (roman gay), Michel Mirault (histoire en Touraine), Muriel Odoyer (po\u00e9sie, roman\u00a0&#8211; seulement dimanche), Pierre Orgeur (roman de terroir\u00a0&#8211; seulement dimanche), Marie Roger (space fantasy), Magali Santos (romance), Maryl\u00e8ne Serrault (roman), Monique de Sinety (t\u00e9moignage historique), Jo\u00eblle Soyer (roman\/essai\/jeunesse), Martine Trouillet (roman\/livres illustr\u00e9s).<\/p>\n","protected":false},"excerpt":{"rendered":"La troisi\u00e8me \u00e9dition du salon litt\u00e9raire Le Ch\u00e2teau des livres aura lieu au ch\u00e2teau de Mareuil-sur-Cher samedi\u00a07 et&hellip;\n","protected":false},"author":2,"featured_media":144155,"comment_status":"","ping_status":"","sticky":false,"template":"","format":"standard","meta":{"footnotes":""},"categories":[1357],"tags":[1392,1379,58,59,1011,27,1380,1393,27254],"class_list":{"0":"post-144154","1":"post","2":"type-post","3":"status-publish","4":"format-standard","5":"has-post-thumbnail","7":"category-livres","8":"tag-a-la-une-local","9":"tag-books","10":"tag-divertissement","11":"tag-entertainment","12":"tag-fr","13":"tag-france","14":"tag-livres","15":"tag-loisirs","16":"tag-mareuil-sur-cher"},"share_on_mastodon":{"url":"https:\/\/pubeurope.com\/@fr\/114608406988056577","error":""},"_links":{"self":[{"href":"https:\/\/www.europesays.com\/fr\/wp-json\/wp\/v2\/posts\/144154","targetHints":{"allow":["GET"]}}],"collection":[{"href":"https:\/\/www.europesays.com\/fr\/wp-json\/wp\/v2\/posts"}],"about":[{"href":"https:\/\/www.europesays.com\/fr\/wp-json\/wp\/v2\/types\/post"}],"author":[{"embeddable":true,"href":"https:\/\/www.europesays.com\/fr\/wp-json\/wp\/v2\/users\/2"}],"replies":[{"embeddable":true,"href":"https:\/\/www.europesays.com\/fr\/wp-json\/wp\/v2\/comments?post=144154"}],"version-history":[{"count":0,"href":"https:\/\/www.europesays.com\/fr\/wp-json\/wp\/v2\/posts\/144154\/revisions"}],"wp:featuredmedia":[{"embeddable":true,"href":"https:\/\/www.europesays.com\/fr\/wp-json\/wp\/v2\/media\/144155"}],"wp:attachment":[{"href":"https:\/\/www.europesays.com\/fr\/wp-json\/wp\/v2\/media?parent=144154"}],"wp:term":[{"taxonomy":"category","embeddable":true,"href":"https:\/\/www.europesays.com\/fr\/wp-json\/wp\/v2\/categories?post=144154"},{"taxonomy":"post_tag","embeddable":true,"href":"https:\/\/www.europesays.com\/fr\/wp-json\/wp\/v2\/tags?post=144154"}],"curies":[{"name":"wp","href":"https:\/\/api.w.org\/{rel}","templated":true}]}}