{"id":144165,"date":"2025-06-01T13:49:11","date_gmt":"2025-06-01T13:49:11","guid":{"rendered":"https:\/\/www.europesays.com\/fr\/144165\/"},"modified":"2025-06-01T13:49:11","modified_gmt":"2025-06-01T13:49:11","slug":"cest-dune-grande-violence-cette-question-eric-dupond-moretti-surpris-par-lagressivite-daurelie-casse","status":"publish","type":"post","link":"https:\/\/www.europesays.com\/fr\/144165\/","title":{"rendered":"\u00ab\u00a0C\u2019est d\u2019une grande violence, cette question\u00a0\u00bb : Eric Dupond-Moretti surpris par l\u2019agressivit\u00e9 d\u2019Aur\u00e9lie Casse"},"content":{"rendered":"<p>Ce samedi 31 mai, <a href=\"https:\/\/www.closermag.fr\/politique\/mon-amour-eric-dupond-moretti-ne-peut-dissimuler-sa-gene-en-evoquant-sa-compagne-isabelle-boulay-3514237\" rel=\"nofollow noopener\" target=\"_blank\"><br \/>\nEric Dupond-Moretti<\/a> \u00e9tait l\u2019invit\u00e9 de l\u2019\u00e9mission C<br \/>\nl\u2019hebdo sur France 5. Lors de cet entretien, l\u2019avocat et<br \/>\nancien ministre de la Justice a \u00e9t\u00e9 questionn\u00e9 sur ses quatre<br \/>\nann\u00e9es pass\u00e9es au gouvernement.<\/p>\n<p>Le tout sous les mandats de Jean Castex, \u00c9lisabeth Borne et<br \/>\nGabriel Attal. Pass\u00e9 du statut d\u2019avocat de renom \u00e0 celui de Garde<br \/>\ndes Sceaux d\u00e8s 2020, il est rest\u00e9 en fonction jusqu\u2019en septembre<br \/>\ndernier.<\/p>\n<p>L&rsquo;ancien garde des sceaux r\u00e9agit \u00e0 l&rsquo;affaire du couple<br \/>\npr\u00e9sidentiel<\/p>\n<p>\u00ab\u00a0<strong>Il faut arr\u00eater de les emb\u00eater<\/strong>\u00ab\u00a0,<br \/>\na-t-il lanc\u00e9 sans d\u00e9tour. \u00ab\u00a0Moi, je vais vous dire, j\u2019ai d\u00een\u00e9<br \/>\navec eux plusieurs fois. En priv\u00e9, parfois, Emmanuel sort des<br \/>\nremarques\u2026 Et Brigitte lui r\u00e9torque \u2018Mais enfin Emmanuel, tu ne<br \/>\npeux pas dire \u00e7a !\u2019 Voil\u00e0, \u00e7a, je l\u2019ai vu\u00a0\u00bb, a-t-il racont\u00e9.<br \/>\nPuis il s\u2019est interrog\u00e9 : \u00ab\u00a0Est-ce que c\u2019est \u00e7a, est-ce que<br \/>\nc\u2019est autre chose ? Je n\u2019en sais rien. Toujours est-il que \u00e7a reste<br \/>\nentre eux\u00a0\u00bb, a-t-il soulign\u00e9.<\/p>\n<p>Les \u00e9changes d\u2019Emmanuel et <a href=\"https:\/\/www.closermag.fr\/tv_tele_realite\/emmanuel-macron-gifle-par-brigitte-dans-lintimite-eric-dupond-moretti-fait-des-confidences-sur-le-couple-3550421\" rel=\"nofollow noopener\" target=\"_blank\"><br \/>\nBrigitte Macron<\/a> \u00e0 leur descente d\u2019avion ont d\u2019ailleurs \u00e9t\u00e9<br \/>\nd\u00e9crypt\u00e9s par un expert en lecture labiale. Avec un sourire, Eric<br \/>\nDupond-Moretti a estim\u00e9 que \u00ab\u00a0le probl\u00e8me, c\u2019est que la porte<br \/>\ns\u2019est ouverte trop vite\u00a0\u00bb. Pour lui, c\u2019est surtout \u00ab\u00a0la<br \/>\n<strong>surench\u00e8re<\/strong> sur les r\u00e9seaux sociaux\u00a0\u00bb qui pose<br \/>\nprobl\u00e8me. \u00ab\u00a0<strong>On en meurt<\/strong>, \u00e7a d\u00e9grade tellement<br \/>\nnotre d\u00e9mocratie\u00a0\u00bb, a-t-il conclu. Personne ne conna\u00eet la<br \/>\nv\u00e9rit\u00e9 sur ce qui s\u2019est vraiment pass\u00e9. Simple plaisanterie ou vrai<br \/>\nmalaise dans le couple pr\u00e9sidentiel ? Le myst\u00e8re demeure.<\/p>\n<p>Eric Dupond-Moretti choqu\u00e9 en plein<br \/>\ndirect, il r\u00e9pond cash<\/p>\n<p>Dans C\u2019est sur C l\u2019hebdo le 31 mai, la journaliste<br \/>\n<a href=\"https:\/\/www.closermag.fr\/tv_tele_realite\/cest-bizarre-ce-que-vous-dites-apostrophe-par-aurelie-casse-jean-luc-reichmann-tombe-des-nues-3502736\" rel=\"nofollow noopener\" target=\"_blank\"><br \/>\nAur\u00e9lie Casse<\/a> a demand\u00e9 \u00e0 Eric Dupond-Moretti, sans d\u00e9tour, si<br \/>\ncela lui manquait \u00ab\u00a0d\u2019\u00eatre avocat, de plaider\u00a0\u00bb comme<br \/>\nauparavant, avant d\u2019ajouter : \u00ab\u00a0Est-ce que vous n\u2019\u00e9tiez pas,<br \/>\npeut-\u00eatre, <strong>plus utile \u00e0 cet endroit-l\u00e0 ?<\/strong>\u00ab\u00a0.<br \/>\nCette question l\u2019a fait sourire, mais avec une pointe d\u2019amertume :<br \/>\n\u00ab\u00a0\u00c7a, c\u2019est d\u2019une <strong>grande violence<\/strong>, cette<br \/>\nquestion\u00a0\u00bb.<\/p>\n<p>Plus s\u00e9rieusement, il a assur\u00e9 avoir \u00ab\u00a0essay\u00e9 d\u2019\u00eatre utile \u00e0<br \/>\nla justice de son pays\u00a0\u00bb en se lan\u00e7ant en politique. Fier, il a<br \/>\nd\u00e9clar\u00e9 : \u00ab\u00a0On en reparlera si vous le voulez, moi j\u2019estime que<br \/>\nj\u2019ai un <strong>bilan cons\u00e9quent<\/strong>\u00ab\u00a0, avant de nuancer :<br \/>\n\u00ab\u00a0Tout ne peut pas \u00eatre fait, \u00e9videmment, et \u00e7a va de soi\u00a0\u00bb,<br \/>\net de conclure sans regrets : \u00ab\u00a0Mais dans tous les cas, sur le<br \/>\nplan purement personnel, non, <strong>je ne regrette pas<\/strong><br \/>\ncette p\u00e9riode de ma vie\u00a0\u00bb.<\/p>\n","protected":false},"excerpt":{"rendered":"Ce samedi 31 mai, Eric Dupond-Moretti \u00e9tait l\u2019invit\u00e9 de l\u2019\u00e9mission C l\u2019hebdo sur France 5. Lors de cet&hellip;\n","protected":false},"author":2,"featured_media":144166,"comment_status":"","ping_status":"","sticky":false,"template":"","format":"standard","meta":{"footnotes":""},"categories":[8],"tags":[548,20290,58,59,10222,1011,27],"class_list":{"0":"post-144165","1":"post","2":"type-post","3":"status-publish","4":"format-standard","5":"has-post-thumbnail","7":"category-divertissement","8":"tag-article-simple","9":"tag-aurelie-casse","10":"tag-divertissement","11":"tag-entertainment","12":"tag-eric-dupond-moretti","13":"tag-fr","14":"tag-france"},"share_on_mastodon":{"url":"https:\/\/pubeurope.com\/@fr\/114608430470454030","error":""},"_links":{"self":[{"href":"https:\/\/www.europesays.com\/fr\/wp-json\/wp\/v2\/posts\/144165","targetHints":{"allow":["GET"]}}],"collection":[{"href":"https:\/\/www.europesays.com\/fr\/wp-json\/wp\/v2\/posts"}],"about":[{"href":"https:\/\/www.europesays.com\/fr\/wp-json\/wp\/v2\/types\/post"}],"author":[{"embeddable":true,"href":"https:\/\/www.europesays.com\/fr\/wp-json\/wp\/v2\/users\/2"}],"replies":[{"embeddable":true,"href":"https:\/\/www.europesays.com\/fr\/wp-json\/wp\/v2\/comments?post=144165"}],"version-history":[{"count":0,"href":"https:\/\/www.europesays.com\/fr\/wp-json\/wp\/v2\/posts\/144165\/revisions"}],"wp:featuredmedia":[{"embeddable":true,"href":"https:\/\/www.europesays.com\/fr\/wp-json\/wp\/v2\/media\/144166"}],"wp:attachment":[{"href":"https:\/\/www.europesays.com\/fr\/wp-json\/wp\/v2\/media?parent=144165"}],"wp:term":[{"taxonomy":"category","embeddable":true,"href":"https:\/\/www.europesays.com\/fr\/wp-json\/wp\/v2\/categories?post=144165"},{"taxonomy":"post_tag","embeddable":true,"href":"https:\/\/www.europesays.com\/fr\/wp-json\/wp\/v2\/tags?post=144165"}],"curies":[{"name":"wp","href":"https:\/\/api.w.org\/{rel}","templated":true}]}}