{"id":144169,"date":"2025-06-01T13:51:09","date_gmt":"2025-06-01T13:51:09","guid":{"rendered":"https:\/\/www.europesays.com\/fr\/144169\/"},"modified":"2025-06-01T13:51:09","modified_gmt":"2025-06-01T13:51:09","slug":"nouvelle-commande-ferme-de-30-airbus-a350-par-la-compagnie-indienne-indigo","status":"publish","type":"post","link":"https:\/\/www.europesays.com\/fr\/144169\/","title":{"rendered":"Nouvelle commande ferme de 30 Airbus A350 par la compagnie indienne IndiGo"},"content":{"rendered":"<p>Cette derni\u00e8re annonce porte la commande globale \u00e0 60 appareils.<\/p>\n<p class=\"fig-paragraph\">Nouveau succ\u00e8s \u00e0 l\u2019export pour la filiale a\u00e9ronautique fran\u00e7aise. La compagnie<a href=\"http:\/\/www.lefigaro.fr\/societes\/la-compagnie-indienne-indigo-va-passer-une-commande-ferme-de-30-airbus-a350-20240425\" data-fig-type=\"NewsFlash\" data-gtm-custom-categorie=\"navigation\" data-gtm-custom-action=\"crossclick\" data-gtm-custom-label=\"Contextuel\" data-gtm-event=\"customEventSPE\" data-fig-domain=\"LEFIGARO\" target=\"_blank\" rel=\"noopener\">\u00a0indienne IndiGo<\/a>\u00a0a annonc\u00e9 dimanche \u00e0 New Delhi avoir sign\u00e9 pour 30 Airbus A350-900, portant \u00e0 60 appareils sa commande de gros-porteurs aupr\u00e8s de l\u2019avionneur europ\u00e9en afin de conqu\u00e9rir le march\u00e9 \u00e9tranger. \u00abNous passons une commande ferme de 30 Airbus A350-900\u00bb , a annonc\u00e9 dimanche Pieter Elbers, le PDG d\u2019IndiGo, une compagnie qui a vu le jour en 2006.<\/p>\n<p class=\"fig-paragraph\">\u00abNous doublons nos commandes fermes d\u2019A350 de 30 \u00e0 60 au moment o\u00f9 le monde de l\u2019aviation se r\u00e9unit et \u00e0 New Delhi\u00bb, a d\u00e9clar\u00e9 Pieter Elbers au premier jour de l\u2019assembl\u00e9e g\u00e9n\u00e9rale de l\u2019Association internationale du transport a\u00e9rien (Iata) dans la capitale indienne. Le vice-pr\u00e9sident d\u2019Airbus charg\u00e9 des ventes d\u2019avions commerciaux,\u00a0<a href=\"http:\/\/www.lefigaro.fr\/flash-eco\/droits-de-douane-en-represailles-airbus-propose-de-taxer-les-boeing-en-europe-20250506\" data-fig-type=\"NewsFlash\" data-gtm-custom-categorie=\"navigation\" data-gtm-custom-action=\"crossclick\" data-gtm-custom-label=\"Contextuel\" data-gtm-event=\"customEventSPE\" data-fig-domain=\"LEFIGARO\" target=\"_blank\" rel=\"noopener\">Beno\u00eet de Saint-Exup\u00e9ry<\/a>\u00a0a salu\u00e9 \u00abl\u2019incroyable ascension d\u2019IndiGo depuis 18 ans\u00bb et s\u2019est f\u00e9licit\u00e9 de son \u00abpartenariat\u00bb avec la compagnie qui a d\u00e9j\u00e0 command\u00e9 plus de 1300 appareils \u00e0 l\u2019avionneur europ\u00e9en.<\/p>\n<p class=\"fig-body-link\">\n            \u00c0 lire aussi<br \/>\n        <a class=\"fig-body-link__link fig-premium-mark\" href=\"http:\/\/www.lefigaro.fr\/societes\/au-salon-de-farnborough-la-demande-en-avions-long-courriers-rebondit-20240726\" target=\"_blank\" data-fig-type=\"Article\" rel=\"noopener\" data-gtm-custom-categorie=\"navigation\" data-gtm-custom-action=\"crossclick\" data-gtm-custom-label=\"Contextuel\" data-gtm-event=\"customEventSPE\" data-fig-domain=\"LEFIGARO\">Au Salon de Farnborough, la demande en avions long-courriers rebondit<br \/>\n    <\/a>\n<\/p>\n<p>D\u00e9ployer ses ailes \u00e0 l\u2019\u00e9tranger<\/p>\n<p class=\"fig-paragraph\">\u00abVous avez d\u00e9mocratis\u00e9 l\u2019avion en Inde et maintenant vous voulez vous \u00e9tendre \u00e0 l\u2019international\u00bb, a-t-il soulign\u00e9. L\u2019an dernier, Indigo a enregistr\u00e9 plus de 118 millions de passagers &#8211; surtout sur des lignes int\u00e9rieures -, avec une flotte de 430 appareils, vers 100 destinations.<\/p>\n<p class=\"fig-paragraph\">Les A350, sont des appareils \u00e0 long rayon d\u2019action, jusqu\u2019\u00e0 15.000 km, qui vont lui permettre \u00abde d\u00e9ployer davantage ses ailes et d\u2019\u00e9tendre son r\u00e9seau\u00bb. IndiGo, qui a vu le jour en 2006 et compte \u00e0 ce jour une flotte de 434 appareils, entend d\u00e9sormais d\u00e9ployer ses ailes \u00e0 l\u2019\u00e9tranger, a soulign\u00e9 vendredi Pieter Elbers, lors d\u2019une conf\u00e9rence de presse. \u00abNous aurons dix nouvelles destinations \u00e0 l\u2019international d\u2019ici un an, ce qui portera leur nombre \u00e0 50\u00bb, a-t-il annonc\u00e9.<\/p>\n<p class=\"fig-paragraph\">IndiGO avait cr\u00e9\u00e9 l\u2019\u00e9v\u00e9nement au\u00a0<a href=\"http:\/\/www.lefigaro.fr\/economie\/dossier\/salon-du-bourget\" data-fig-type=\"Topic\" data-gtm-custom-categorie=\"navigation\" data-gtm-custom-action=\"crossclick\" data-gtm-custom-label=\"Contextuel\" data-gtm-event=\"customEventSPE\" data-fig-domain=\"LEFIGARO\" target=\"_blank\" rel=\"noopener\">Salon du Bourget 2023<\/a>\u00a0avec une commande de 500 Airbus A320neo, soit le plus gros contrat en volume de l\u2019histoire de l\u2019aviation civile. En avril 2024, la compagnie low cost indienne avait d\u00e9j\u00e0 annonc\u00e9 un accord avec Airbus pour une commande ferme de 30 A350-900. La compagnie indienne avait alors pos\u00e9 une option sur l\u2019achat de 70 appareils suppl\u00e9mentaires. Cette derni\u00e8re annonce porte donc la commande globale \u00e0 60 appareils, et laisse entrevoir une future commande de 10 avions long-courrier.<\/p>\n","protected":false},"excerpt":{"rendered":"Cette derni\u00e8re annonce porte la commande globale \u00e0 60 appareils. Nouveau succ\u00e8s \u00e0 l\u2019export pour la filiale a\u00e9ronautique&hellip;\n","protected":false},"author":2,"featured_media":144170,"comment_status":"","ping_status":"","sticky":false,"template":"","format":"standard","meta":{"footnotes":""},"categories":[6],"tags":[631,627,630,296,36,340,398,35,343,634,405,629,636,33,34,632,638,1011,27,5595,637,693,399,639,635,401,628,633,407],"class_list":{"0":"post-144169","1":"post","2":"type-post","3":"status-publish","4":"format-standard","5":"has-post-thumbnail","7":"category-economie","8":"tag-action","9":"tag-actions-francaise","10":"tag-actualite-bourse","11":"tag-aeronautique","12":"tag-airbus","13":"tag-bourse","14":"tag-bourse-de-paris","15":"tag-business","16":"tag-cac-40","17":"tag-cotation","18":"tag-cotations","19":"tag-cours-des-societes-francaises","20":"tag-devises","21":"tag-economie","22":"tag-economy","23":"tag-fcp","24":"tag-figaro","25":"tag-fr","26":"tag-france","27":"tag-inde","28":"tag-indices","29":"tag-industrie","30":"tag-investissement","31":"tag-le-figaro","32":"tag-marches","33":"tag-sicav","34":"tag-societes-etrangeres","35":"tag-warrant","36":"tag-warrants"},"share_on_mastodon":{"url":"https:\/\/pubeurope.com\/@fr\/114608438178188365","error":""},"_links":{"self":[{"href":"https:\/\/www.europesays.com\/fr\/wp-json\/wp\/v2\/posts\/144169","targetHints":{"allow":["GET"]}}],"collection":[{"href":"https:\/\/www.europesays.com\/fr\/wp-json\/wp\/v2\/posts"}],"about":[{"href":"https:\/\/www.europesays.com\/fr\/wp-json\/wp\/v2\/types\/post"}],"author":[{"embeddable":true,"href":"https:\/\/www.europesays.com\/fr\/wp-json\/wp\/v2\/users\/2"}],"replies":[{"embeddable":true,"href":"https:\/\/www.europesays.com\/fr\/wp-json\/wp\/v2\/comments?post=144169"}],"version-history":[{"count":0,"href":"https:\/\/www.europesays.com\/fr\/wp-json\/wp\/v2\/posts\/144169\/revisions"}],"wp:featuredmedia":[{"embeddable":true,"href":"https:\/\/www.europesays.com\/fr\/wp-json\/wp\/v2\/media\/144170"}],"wp:attachment":[{"href":"https:\/\/www.europesays.com\/fr\/wp-json\/wp\/v2\/media?parent=144169"}],"wp:term":[{"taxonomy":"category","embeddable":true,"href":"https:\/\/www.europesays.com\/fr\/wp-json\/wp\/v2\/categories?post=144169"},{"taxonomy":"post_tag","embeddable":true,"href":"https:\/\/www.europesays.com\/fr\/wp-json\/wp\/v2\/tags?post=144169"}],"curies":[{"name":"wp","href":"https:\/\/api.w.org\/{rel}","templated":true}]}}