{"id":14417,"date":"2025-04-10T07:45:09","date_gmt":"2025-04-10T07:45:09","guid":{"rendered":"https:\/\/www.europesays.com\/fr\/14417\/"},"modified":"2025-04-10T07:45:09","modified_gmt":"2025-04-10T07:45:09","slug":"vacances-de-paques-en-ile-de-france-comment-les-musees-chouchoutent-vos-enfants-visiteurs-de-demain","status":"publish","type":"post","link":"https:\/\/www.europesays.com\/fr\/14417\/","title":{"rendered":"Vacances de P\u00e2ques en \u00cele-de-France\u00a0: comment les mus\u00e9es chouchoutent vos enfants, \u00ab\u00a0visiteurs de demain\u00a0\u00bb"},"content":{"rendered":"<p class=\"paragraph text_align_left\">Le MAC VAL, mus\u00e9e d\u2019art contemporain du Val-de-Marne, \u00e0 Vitry-sur-Seine, a \u00e9t\u00e9 l\u2019un des premiers \u00e0 l\u2019utiliser, <a href=\"https:\/\/www.leparisien.fr\/culture-loisirs\/sortir-region-parisienne\/sortir-en-famille-dans-le-94-a-vitry-allez-au-musee-avec-bebe-19-03-2019-8035218.php\" target=\"_blank\" rel=\"nofollow noopener\">fort de ses \u00ab babies visites \u00bb pour les moins de 3 ans<\/a>, avec des tapis d\u00e9pli\u00e9s devant les \u0153uvres et des objets \u00e0 toucher. \u00ab On a depuis lanc\u00e9 des ateliers cr\u00e9atifs en famille, autour d\u2019un livre avec un artiste, raconte Delphine Haton, en charge de la communication du MAC VAL. D\u2019un rendez-vous par mois, on est pass\u00e9 \u00e0 un par semaine, et \u00e0 deux pendant les vacances. \u00bb<\/p>\n","protected":false},"excerpt":{"rendered":"Le MAC VAL, mus\u00e9e d\u2019art contemporain du Val-de-Marne, \u00e0 Vitry-sur-Seine, a \u00e9t\u00e9 l\u2019un des premiers \u00e0 l\u2019utiliser, fort&hellip;\n","protected":false},"author":2,"featured_media":14418,"comment_status":"","ping_status":"","sticky":false,"template":"","format":"standard","meta":{"footnotes":""},"categories":[4],"tags":[11,872,1011,27,12,25,6047],"class_list":{"0":"post-14417","1":"post","2":"type-post","3":"status-publish","4":"format-standard","5":"has-post-thumbnail","7":"category-france","8":"tag-actualites","9":"tag-culture-et-loisirs","10":"tag-fr","11":"tag-france","12":"tag-news","13":"tag-republique-francaise","14":"tag-sortir-en-region-parisienne"},"share_on_mastodon":{"url":"https:\/\/pubeurope.com\/@fr\/114312559096412932","error":""},"_links":{"self":[{"href":"https:\/\/www.europesays.com\/fr\/wp-json\/wp\/v2\/posts\/14417","targetHints":{"allow":["GET"]}}],"collection":[{"href":"https:\/\/www.europesays.com\/fr\/wp-json\/wp\/v2\/posts"}],"about":[{"href":"https:\/\/www.europesays.com\/fr\/wp-json\/wp\/v2\/types\/post"}],"author":[{"embeddable":true,"href":"https:\/\/www.europesays.com\/fr\/wp-json\/wp\/v2\/users\/2"}],"replies":[{"embeddable":true,"href":"https:\/\/www.europesays.com\/fr\/wp-json\/wp\/v2\/comments?post=14417"}],"version-history":[{"count":0,"href":"https:\/\/www.europesays.com\/fr\/wp-json\/wp\/v2\/posts\/14417\/revisions"}],"wp:featuredmedia":[{"embeddable":true,"href":"https:\/\/www.europesays.com\/fr\/wp-json\/wp\/v2\/media\/14418"}],"wp:attachment":[{"href":"https:\/\/www.europesays.com\/fr\/wp-json\/wp\/v2\/media?parent=14417"}],"wp:term":[{"taxonomy":"category","embeddable":true,"href":"https:\/\/www.europesays.com\/fr\/wp-json\/wp\/v2\/categories?post=14417"},{"taxonomy":"post_tag","embeddable":true,"href":"https:\/\/www.europesays.com\/fr\/wp-json\/wp\/v2\/tags?post=14417"}],"curies":[{"name":"wp","href":"https:\/\/api.w.org\/{rel}","templated":true}]}}