{"id":144171,"date":"2025-06-01T13:52:09","date_gmt":"2025-06-01T13:52:09","guid":{"rendered":"https:\/\/www.europesays.com\/fr\/144171\/"},"modified":"2025-06-01T13:52:09","modified_gmt":"2025-06-01T13:52:09","slug":"zelensky-annonce-quune-delegation-ukrainienne-sera-a-istanbul-lundi-pour-des-pourparlers-avec-la-russie","status":"publish","type":"post","link":"https:\/\/www.europesays.com\/fr\/144171\/","title":{"rendered":"Zelensky annonce qu\u2019une d\u00e9l\u00e9gation ukrainienne sera \u00e0 Istanbul lundi pour des pourparlers avec la Russie"},"content":{"rendered":"<p>La Russie a de son c\u00f4t\u00e9 affirm\u00e9 dimanche s\u2019\u00eatre empar\u00e9e d\u2019un village de la r\u00e9gion de Soumy, dans le nord-est de l\u2019Ukraine, o\u00f9 Kiev craint une nouvelle attaque d\u2019ampleur.<\/p>\n<p class=\"fig-paragraph\">Le pr\u00e9sident ukrainien\u00a0<a href=\"http:\/\/www.lefigaro.fr\/international\/volodymyr-zelensky-au-figaro-notre-victoire-sera-de-ne-pas-appartenir-a-la-russie-et-a-sa-vision-du-monde-20250326\" target=\"_blank\" data-fig-type=\"Article\" rel=\"noopener\" data-gtm-custom-categorie=\"navigation\" data-gtm-custom-action=\"crossclick\" data-gtm-custom-label=\"Contextuel\" data-gtm-event=\"customEventSPE\" data-fig-domain=\"LEFIGARO\">Volodymyr Zelensky<\/a>\u00a0a indiqu\u00e9 qu\u2019une d\u00e9l\u00e9gation ukrainienne sera\u00a0<a href=\"http:\/\/www.lefigaro.fr\/international\/en-pleins-pourparlers-difficiles-a-istanbul-l-armee-ukrainienne-flanche-face-aux-russes-dans-le-donbass-20250516\" target=\"_blank\" data-fig-type=\"NewsFlash\" rel=\"noopener\" data-gtm-custom-categorie=\"navigation\" data-gtm-custom-action=\"crossclick\" data-gtm-custom-label=\"Contextuel\" data-gtm-event=\"customEventSPE\" data-fig-domain=\"LEFIGARO\">\u00e0 Istanbul<\/a>\u00a0lundi pour des pourparlers avec la Russie. Une d\u00e9l\u00e9gation russe s\u2019est aussi envol\u00e9e vers\u00a0Istanbul.<\/p>\n<p class=\"fig-paragraph\">L\u2019arm\u00e9e ukrainienne a de son c\u00f4t\u00e9 annonc\u00e9 qu\u2019au moins 12 soldats ont \u00e9t\u00e9 tu\u00e9s et plus de 60 autres bless\u00e9s dimanche dans une frappe de missile russe.<\/p>\n<p class=\"fig-paragraph\">De son c\u00f4t\u00e9, la Russie a affirm\u00e9 s\u2019\u00eatre empar\u00e9e d\u2019un village de la r\u00e9gion de Soumy, dans le nord-est de l\u2019Ukraine.<\/p>\n<p class=\"fig-paragraph\">Le Figaro fait le point sur la situation.<\/p>\n<p>Une d\u00e9l\u00e9gation ukrainienne \u00e0 Istanbul lundi pour des pourparlers avec la Russie<\/p>\n<p class=\"fig-paragraph\">Le pr\u00e9sident ukrainien Volodymyr Zelensky a annonc\u00e9 dimanche qu\u2019une d\u00e9l\u00e9gation ukrainienne, men\u00e9e par son ministre de la D\u00e9fense\u00a0<a href=\"http:\/\/www.lefigaro.fr\/international\/guerre-en-ukraine-roustem-oumerov-un-tatar-de-crimee-annonce-comme-futur-ministre-de-la-defense-20230904\" data-fig-type=\"Article\" data-gtm-custom-categorie=\"navigation\" data-gtm-custom-action=\"crossclick\" data-gtm-custom-label=\"Contextuel\" data-gtm-event=\"customEventSPE\" data-fig-domain=\"LEFIGARO\" target=\"_blank\" rel=\"noopener\">Roustem Oumerov<\/a>, serait \u00e0 Istanbul lundi pour des pourparlers attendus avec la Russie.<\/p>\n<p class=\"fig-paragraph\">\u00abJ\u2019ai \u00e9galement d\u00e9fini nos positions avant la r\u00e9union de lundi \u00e0 Istanbul\u00bb, a-t-il \u00e9crit sur les r\u00e9seaux sociaux, ajoutant que la d\u00e9l\u00e9gation serait dirig\u00e9e par M. Oumerov, comme c\u2019\u00e9tait le cas pour le premier cycle de n\u00e9gociations en mai. Les priorit\u00e9s de l\u2019Ukraine sont d\u2019obtenir \u00abun cessez-le-feu complet et inconditionnel\u00bb, ainsi que le \u00abretour des prisonniers\u00bb et des enfants ukrainiens que Kiev accuse Moscou d\u2019avoir enlev\u00e9s, a-t-il ajout\u00e9.<\/p>\n<p class=\"fig-paragraph\">Une d\u00e9l\u00e9gation russe s\u2019est envol\u00e9e de son c\u00f4t\u00e9 vers Istanbul, ont indiqu\u00e9 les agences d\u2019\u00c9tat russes en citant des sources anonymes. \u00abL\u2019\u00e9quipe de n\u00e9gociation s\u2019est envol\u00e9e pour Istanbul\u00bb, a indiqu\u00e9 une source \u00e0 l\u2019agence Tass.<\/p>\n<p><strong>12 soldats ukrainiens tu\u00e9s par une frappe russe sur un terrain d\u2019entra\u00eenement<\/strong><\/p>\n<p class=\"fig-paragraph\">Au moins 12 soldats ukrainiens ont \u00e9t\u00e9 tu\u00e9s et plus de 60 autres bless\u00e9s dimanche dans une frappe de missile russe contre le terrain sur lequel ils s\u2019entra\u00eenaient, a annonc\u00e9 l\u2019arm\u00e9e de terre ukrainienne. \u00abAujourd\u2019hui, le 1er juin, l\u2019ennemi a lanc\u00e9 une frappe de missile contre le site de l\u2019une des unit\u00e9s d\u2019entra\u00eenement\u00bb, a-t-elle \u00e9crit l\u2019arm\u00e9e de terre sur\u00a0<a href=\"http:\/\/www.lefigaro.fr\/actualite-france\/cinquante-cinq-hommes-arretes-en-france-apres-le-demantelement-d-un-reseau-de-pedocriminalite-via-telegram-20250522\" target=\"_blank\" data-fig-type=\"NewsFlash\" rel=\"noopener\" data-gtm-custom-categorie=\"navigation\" data-gtm-custom-action=\"crossclick\" data-gtm-custom-label=\"Contextuel\" data-gtm-event=\"customEventSPE\" data-fig-domain=\"LEFIGARO\">Telegram<\/a>, faisant \u00e9tat d\u2019un bilan de \u00ab12 morts et plus de 60 bless\u00e9s\u00bb.<\/p>\n<p class=\"fig-paragraph\">Depuis le d\u00e9but de l\u2019invasion russe en f\u00e9vrier 2022, l\u2019arm\u00e9e de\u00a0<a href=\"http:\/\/www.lefigaro.fr\/international\/volodymyr-zelensky-accuse-moscou-de-refuser-d-envoyer-son-memorandum-exposant-ses-exigences-pour-un-accord-de-paix-20250530\" target=\"_blank\" data-fig-type=\"NewsFlash\" rel=\"noopener\" data-gtm-custom-categorie=\"navigation\" data-gtm-custom-action=\"crossclick\" data-gtm-custom-label=\"Contextuel\" data-gtm-event=\"customEventSPE\" data-fig-domain=\"LEFIGARO\">Moscou<\/a>\u00a0a frapp\u00e9 \u00e0 plusieurs reprises des sites o\u00f9 se rassemblaient des militaires ukrainiens, parfois loin du front. Ces attaques ont parfois suscit\u00e9 des critiques en\u00a0Ukraine, des responsables politiques accusant par exemple le commandement militaire de cr\u00e9er des cibles faciles et de mettre les soldats en danger en les regroupant.<\/p>\n<p class=\"fig-body-link\">\n            \u00c0 lire aussi<br \/>\n        <a class=\"fig-body-link__link fig-premium-mark\" href=\"http:\/\/www.lefigaro.fr\/international\/defiant-trump-la-russie-accentue-la-pression-militaire-sur-l-ukraine-20250528\" data-fig-type=\"Article\" data-gtm-custom-categorie=\"navigation\" data-gtm-custom-action=\"crossclick\" data-gtm-custom-label=\"Contextuel\" data-gtm-event=\"customEventSPE\" data-fig-domain=\"LEFIGARO\" target=\"_blank\" rel=\"noopener\">D\u00e9fiant Trump, la Russie accentue la pression militaire sur l\u2019Ukraine<br \/>\n    <\/a>\n<\/p>\n<p>La Russie affirme s\u2019\u00eatre empar\u00e9e d\u2019un village dans la r\u00e9gion de Soumy<\/p>\n<p class=\"fig-paragraph\">L\u2019arm\u00e9e de terre a pr\u00e9cis\u00e9 dimanche qu\u2019il n\u2019y avait eu \u00abni r\u00e9union, ni rassemblement de masse\u00bb \u00e0 l\u2019endroit vis\u00e9, dont la localisation n\u2019a pas \u00e9t\u00e9 pr\u00e9cis\u00e9e. La \u00abmajorit\u00e9\u00bb des militaires s\u2019\u00e9taient aussi rendus dans un abri antia\u00e9rien apr\u00e8s le d\u00e9clenchement de l\u2019alerte pr\u00e9venant d\u2019une attaque \u00e0 venir, a assur\u00e9 l\u2019arm\u00e9e. Une enqu\u00eate interne sera men\u00e9e pour \u00e9tablir les circonstances de la frappe, a-t-elle ajout\u00e9. \u00abS\u2019il s\u2019av\u00e8re que la mort et les blessures des militaires sont le r\u00e9sultat d\u2019actions ou d\u2019inaction de la part de responsables, les coupables seront s\u00e9v\u00e8rement punis\u00bb, a dit l\u2019arm\u00e9e.<\/p>\n<p class=\"fig-paragraph\">De son c\u00f4t\u00e9, la\u00a0<a href=\"http:\/\/www.lefigaro.fr\/international\/en-russie-au-moins-sept-morts-dans-l-effondrement-d-un-pont-sur-un-train-20250601\" target=\"_blank\" data-fig-type=\"NewsFlash\" rel=\"noopener\" data-gtm-custom-categorie=\"navigation\" data-gtm-custom-action=\"crossclick\" data-gtm-custom-label=\"Contextuel\" data-gtm-event=\"customEventSPE\" data-fig-domain=\"LEFIGARO\">Russie<\/a>\u00a0a affirm\u00e9 s&rsquo;\u00eatre empar\u00e9e d&rsquo;un village de la r\u00e9gion de\u00a0<a href=\"http:\/\/www.lefigaro.fr\/international\/ukraine-un-missile-balistique-russe-fait-trois-morts-et-sept-blesses-a-soumy-dans-le-nord-est-20250506\" target=\"_blank\" data-fig-type=\"NewsFlash\" rel=\"noopener\" data-gtm-custom-categorie=\"navigation\" data-gtm-custom-action=\"crossclick\" data-gtm-custom-label=\"Contextuel\" data-gtm-event=\"customEventSPE\" data-fig-domain=\"LEFIGARO\">Soumy<\/a>, dans le nord-est de l&rsquo;Ukraine, o\u00f9 Kiev craint une nouvelle attaque d&rsquo;ampleur. Le minist\u00e8re russe de la D\u00e9fense a dit dans un communiqu\u00e9 que ses troupes avaient pris le village d&rsquo;Oleksi\u00efvka, non loin de la fronti\u00e8re russe. La Russie a revendiqu\u00e9 la prise de plusieurs petits villages dans la zone, et l&rsquo;Ukraine avait ordonn\u00e9 samedi des \u00e9vacuations obligatoires.<\/p>\n<p>\u00abLes services de s\u00e9curit\u00e9 ukrainiens m\u00e8nent une op\u00e9ration sp\u00e9ciale d\u2019ampleur\u00bb<\/p>\n<p class=\"fig-paragraph\">Enfin, l\u2019Ukraine a \u00e9galement expliqu\u00e9 mener dimanche une op\u00e9ration \u00abd\u2019ampleur\u00bb contre l\u2019aviation militaire en Russie, et a notamment touch\u00e9 une base en Sib\u00e9rie orientale \u00e0 des milliers de kilom\u00e8tres de ses fronti\u00e8res, a indiqu\u00e9 une source au sein des services de s\u00e9curit\u00e9s ukrainiens (SBU). \u00abLes services de s\u00e9curit\u00e9 ukrainiens m\u00e8nent une op\u00e9ration sp\u00e9ciale d\u2019ampleur visant \u00e0 d\u00e9truire des bombardiers ennemis\u00bb loin du front en Russie, a indiqu\u00e9 cette source, disant que plus de 40 appareils ont \u00e9t\u00e9 touch\u00e9s.<\/p>\n<p class=\"fig-paragraph\">Cette source a affirm\u00e9 qu\u2019un incendie s\u2019\u00e9tait d\u00e9clar\u00e9 dans l\u2019a\u00e9rodrome de Bela\u00efa, situ\u00e9 dans la r\u00e9gion d\u2019Irkoutsk en Sib\u00e9rie orientale, \u00e0 plus de 4.200 kilom\u00e8tres de l\u2019Ukraine.<\/p>\n","protected":false},"excerpt":{"rendered":"La Russie a de son c\u00f4t\u00e9 affirm\u00e9 dimanche s\u2019\u00eatre empar\u00e9e d\u2019un village de la r\u00e9gion de Soumy, dans&hellip;\n","protected":false},"author":2,"featured_media":144172,"comment_status":"","ping_status":"","sticky":false,"template":"","format":"standard","meta":{"footnotes":""},"categories":[5],"tags":[259,11,260,1011,27,131,14,5886,261,12,262,132,28],"class_list":{"0":"post-144171","1":"post","2":"type-post","3":"status-publish","4":"format-standard","5":"has-post-thumbnail","7":"category-international","8":"tag-actualite-internationale","9":"tag-actualites","10":"tag-affaires-etrangeres","11":"tag-fr","12":"tag-france","13":"tag-guerre-en-ukraine","14":"tag-international","15":"tag-istanbul","16":"tag-ministere-des-affaires-etrangeres","17":"tag-news","18":"tag-politique-etrangere","19":"tag-russie","20":"tag-world"},"share_on_mastodon":{"url":"https:\/\/pubeurope.com\/@fr\/114608442144030372","error":""},"_links":{"self":[{"href":"https:\/\/www.europesays.com\/fr\/wp-json\/wp\/v2\/posts\/144171","targetHints":{"allow":["GET"]}}],"collection":[{"href":"https:\/\/www.europesays.com\/fr\/wp-json\/wp\/v2\/posts"}],"about":[{"href":"https:\/\/www.europesays.com\/fr\/wp-json\/wp\/v2\/types\/post"}],"author":[{"embeddable":true,"href":"https:\/\/www.europesays.com\/fr\/wp-json\/wp\/v2\/users\/2"}],"replies":[{"embeddable":true,"href":"https:\/\/www.europesays.com\/fr\/wp-json\/wp\/v2\/comments?post=144171"}],"version-history":[{"count":0,"href":"https:\/\/www.europesays.com\/fr\/wp-json\/wp\/v2\/posts\/144171\/revisions"}],"wp:featuredmedia":[{"embeddable":true,"href":"https:\/\/www.europesays.com\/fr\/wp-json\/wp\/v2\/media\/144172"}],"wp:attachment":[{"href":"https:\/\/www.europesays.com\/fr\/wp-json\/wp\/v2\/media?parent=144171"}],"wp:term":[{"taxonomy":"category","embeddable":true,"href":"https:\/\/www.europesays.com\/fr\/wp-json\/wp\/v2\/categories?post=144171"},{"taxonomy":"post_tag","embeddable":true,"href":"https:\/\/www.europesays.com\/fr\/wp-json\/wp\/v2\/tags?post=144171"}],"curies":[{"name":"wp","href":"https:\/\/api.w.org\/{rel}","templated":true}]}}