{"id":144177,"date":"2025-06-01T13:56:09","date_gmt":"2025-06-01T13:56:09","guid":{"rendered":"https:\/\/www.europesays.com\/fr\/144177\/"},"modified":"2025-06-01T13:56:09","modified_gmt":"2025-06-01T13:56:09","slug":"degradations-a-saint-etienne-et-voitures-incendiees-dans-le-roannais-apres-le-succes-du-psg","status":"publish","type":"post","link":"https:\/\/www.europesays.com\/fr\/144177\/","title":{"rendered":"D\u00e9gradations \u00e0 Saint-\u00c9tienne et voitures incendi\u00e9es dans le Roannais apr\u00e8s le succ\u00e8s du PSG"},"content":{"rendered":"<p>Dans la nuit de samedi \u00e0 dimanche, des d\u00e9bordements ont \u00e9clat\u00e9 dans la Loire apr\u00e8s la victoire du PSG en finale de la Ligue des champions. Des d\u00e9gradations se sont produites \u00e0 Saint-\u00c9tienne alors que deux voitures ont \u00e9t\u00e9 br\u00fbl\u00e9es dans le Roannais.<\/p>\n<p>Des <b>d\u00e9bordements <\/b>se sont produits<b> jusque dans le d\u00e9partement de la Loire<\/b>, dans la nuit du samedi 31 mai au dimanche 1?? juin, apr\u00e8s la <b>victoire du Paris Saint-Germain<\/b> en finale de la <b>Ligue des champions<\/b> contre l&rsquo;Inter Milan (5-0).<img loading=\"lazy\" decoding=\"async\" src=\"https:\/\/www.europesays.com\/fr\/wp-content\/uploads\/2025\/06\/img\" width=\"350\" height=\"200\" border=\"0\" title=\"Le PSG a remport\u00c3\u00a9 sa premi\u00c3\u00a8re Ligue des champions contre l'Inter Milan (5-0)\"\/><\/p>\n<p>\u25baFootball<\/p>\n<p style=\"font-size: 22px;\"><b>Le PSG remporte la Ligue des champions apr\u00e8s sa victoire contre l&rsquo;Inter Milan<\/b><\/p>\n<p>Samedi 31 mai, le PSG a remport\u00e9 sa premi\u00e8re Ligue&#8230;<\/p>\n<p>Deux commerces st\u00e9phanois pris pour cible<\/p>\n<p>Selon les informations de nos confr\u00e8res du <a class=\"url\" href=\"https:\/\/c.leprogres.fr\/faits-divers-justice\/2025\/06\/01\/apres-la-victoire-du-psg-degradations-a-saint-etienne-et-vehicules-incendies-dans-le-roannais\" target=\"_blank\" rel=\"noopener\">Progr\u00e8s<\/a>, la <b>f\u00eate <\/b>a \u00e9t\u00e9 <b>g\u00e2ch\u00e9e <\/b>dans le <b>centre-ville de Saint-\u00c9tienne<\/b> \u00e0 cause d&rsquo;<b>incidents<\/b> survenus dans plusieurs rues<b> vers 23h.<\/b><\/p>\n<p><b>Une centaine de jeunes<\/b> a rejoint les places du centre-ville st\u00e9phanois pour casser du mobilier urbain.\u00a0<\/p>\n<p>C&rsquo;est alors qu&rsquo;un <b>abribus <\/b>a \u00e9t\u00e9 <b>vandalis\u00e9 place Fourneyron<\/b> et un <b>panneau publicitaire<\/b> <b>rue Saint-Jean <\/b>a \u00e9t\u00e9 la<b> cible des casseurs.<\/b><br \/><b><br \/><\/b><br \/>Des <b>poubelles <\/b>ont \u00e9t\u00e9 <b>incendi\u00e9es <\/b>et des <b>v\u00e9hicules d\u00e9grad\u00e9s.<\/b> Certaines personnes sont all\u00e9es jusqu&rsquo;\u00e0 monter et sauter sur les capots de voitures.<\/p>\n<p>Un <b>magasin de v\u00eatements de sport rue Gambetta<\/b> ainsi qu&rsquo;un <b>bureau de tabac rue Blanqui<\/b> ont \u00e9t\u00e9 <b>cibl\u00e9s <\/b>pendant les d\u00e9bordements.<\/p>\n<p>Quatre personnes en garde \u00e0 vue \u00e0 Saint-\u00c9tienne<\/p>\n<p>Une <b>trentaine de policiers<\/b> a \u00e9t\u00e9 <b>mobilis\u00e9e \u00e0 Saint-\u00c9tienne. Quatre personnes <\/b>ont \u00e9t\u00e9 <b>interpell\u00e9es <\/b>et plac\u00e9es <b>en garde \u00e0 vue.<\/b><\/p>\n<p>Des voitures incendi\u00e9es \u00e0 Mably et Roanne<\/p>\n<p>Dans le <b>Roannais<\/b>, ce sont des <b>voitures <\/b>qui ont \u00e9t\u00e9 <b>br\u00fbl\u00e9es<\/b>.\u00a0<\/p>\n<p>L&rsquo;une \u00e0 <b>Mably<\/b>, l&rsquo;autre \u00e0 <b>Roanne <\/b>dans le <b>quartier du Parc.<\/b> Des <b>abris de poubelles <\/b>sur la place Promenades-Populle ont \u00e9galement \u00e9t\u00e9 <b>r\u00e9duits en cendres.<\/b><br \/><b><br \/><\/b><br \/><b>D&rsquo;autres d\u00e9bordements<\/b> ont \u00e9t\u00e9 signal\u00e9s dans la <b>r\u00e9gion Auvergne-Rh\u00f4ne-Alpes <\/b>apr\u00e8s le premier sacre du PSG en Ligue des champions.<\/p>\n<p><img loading=\"lazy\" decoding=\"async\" src=\"https:\/\/www.europesays.com\/fr\/wp-content\/uploads\/2025\/06\/1748786169_275_img\" width=\"350\" height=\"200\" border=\"0\" title=\"Une voiture a fait deux bless\u00c3\u00a9s graves \u00c3\u00a0 Grenoble apr\u00c3\u00a8s la victoire du PSG en Ligue des champions\"\/><\/p>\n<p>\u25baFaits divers<\/p>\n<p style=\"font-size: 22px;\"><b>Auvergne-Rh\u00f4ne-Alpes : une voiture fait deux bless\u00e9s graves apr\u00e8s la victoire du PSG<\/b><\/p>\n<p>La f\u00eate a tourn\u00e9 au drame samedi soir en Auvergne-Rh\u00f4ne-Alpes&#8230;<\/p>\n<p><\/p>\n","protected":false},"excerpt":{"rendered":"Dans la nuit de samedi \u00e0 dimanche, des d\u00e9bordements ont \u00e9clat\u00e9 dans la Loire apr\u00e8s la victoire du&hellip;\n","protected":false},"author":2,"featured_media":144178,"comment_status":"","ping_status":"","sticky":false,"template":"","format":"standard","meta":{"footnotes":""},"categories":[9653],"tags":[1111,11,2430,27256,1777,674,1011,27,18724,447,3367,27255,12,93,25,9838,9920,4001],"class_list":{"0":"post-144177","1":"post","2":"type-post","3":"status-publish","4":"format-standard","5":"has-post-thumbnail","7":"category-saint-etienne","8":"tag-actu","9":"tag-actualites","10":"tag-auvergne-rhone-alpes","11":"tag-dbordements","12":"tag-eu","13":"tag-europe","14":"tag-fr","15":"tag-france","16":"tag-incidents","17":"tag-ligue-des-champions","18":"tag-loire","19":"tag-mably","20":"tag-news","21":"tag-psg","22":"tag-republique-francaise","23":"tag-roanne","24":"tag-saint-tienne","25":"tag-saint-etienne"},"share_on_mastodon":{"url":"https:\/\/pubeurope.com\/@fr\/114608457866135075","error":""},"_links":{"self":[{"href":"https:\/\/www.europesays.com\/fr\/wp-json\/wp\/v2\/posts\/144177","targetHints":{"allow":["GET"]}}],"collection":[{"href":"https:\/\/www.europesays.com\/fr\/wp-json\/wp\/v2\/posts"}],"about":[{"href":"https:\/\/www.europesays.com\/fr\/wp-json\/wp\/v2\/types\/post"}],"author":[{"embeddable":true,"href":"https:\/\/www.europesays.com\/fr\/wp-json\/wp\/v2\/users\/2"}],"replies":[{"embeddable":true,"href":"https:\/\/www.europesays.com\/fr\/wp-json\/wp\/v2\/comments?post=144177"}],"version-history":[{"count":0,"href":"https:\/\/www.europesays.com\/fr\/wp-json\/wp\/v2\/posts\/144177\/revisions"}],"wp:featuredmedia":[{"embeddable":true,"href":"https:\/\/www.europesays.com\/fr\/wp-json\/wp\/v2\/media\/144178"}],"wp:attachment":[{"href":"https:\/\/www.europesays.com\/fr\/wp-json\/wp\/v2\/media?parent=144177"}],"wp:term":[{"taxonomy":"category","embeddable":true,"href":"https:\/\/www.europesays.com\/fr\/wp-json\/wp\/v2\/categories?post=144177"},{"taxonomy":"post_tag","embeddable":true,"href":"https:\/\/www.europesays.com\/fr\/wp-json\/wp\/v2\/tags?post=144177"}],"curies":[{"name":"wp","href":"https:\/\/api.w.org\/{rel}","templated":true}]}}