{"id":144189,"date":"2025-06-01T14:03:08","date_gmt":"2025-06-01T14:03:08","guid":{"rendered":"https:\/\/www.europesays.com\/fr\/144189\/"},"modified":"2025-06-01T14:03:08","modified_gmt":"2025-06-01T14:03:08","slug":"la-pride-night-au-rockstore-pour-prolonger-la-fete-de-la-marche-des-fiertes","status":"publish","type":"post","link":"https:\/\/www.europesays.com\/fr\/144189\/","title":{"rendered":"la Pride Night au Rockstore pour prolonger la f\u00eate de la Marche des Fiert\u00e9s"},"content":{"rendered":"<p>\n\t\t\t\t\tA l&rsquo;occasion de la Marche des Fiert\u00e9s \u00e0 Montpellier, une soir\u00e9e \u00ab\u00a0Pride Night\u00a0\u00bb est organis\u00e9e au Rockstore le 14 juin prochain.\t\t\t\t<\/p>\n<p>Apr\u00e8s la <a href=\"https:\/\/infoccitanie.fr\/montpellier-la-nouvelle-affiche-de-la-pride-de-juin-devoilee\/\" target=\"_blank\" rel=\"noopener\"><strong>Marche des Fiert\u00e9s<\/strong><\/a> et <strong>l\u2019ap\u00e9ro Pride<\/strong> la f\u00eate continue au <strong>Rockstore <\/strong>\u00e0 <strong><a href=\"https:\/\/infoccitanie.fr\/tag\/montpellier\/\" target=\"_blank\" rel=\"noopener\">Montpellier<\/a> <\/strong>pour la <strong>Pride Night<\/strong>, <strong>de minuit \u00e0 6 heures du matin<\/strong>.<\/p>\n<p>Durant le spectacle, DJ sets pops et festifs, ainsi que des queens et kings de renom, dont des candidats de \u00ab\u00a0Drag Race\u00a0\u00bb sont attendus. Seront pr\u00e9sents Miss Sympathie S1&amp;S2, <strong>Moon et Elips<\/strong>, ainsi que <strong>Magnetica<\/strong>, <strong>Mami Watta<\/strong> qui incarnera la Queerness et enfin <strong>Kitty Space<\/strong>.<\/p>\n<p>Une soir\u00e9e solidaire <\/p>\n<p>Les places restantes pour participer \u00e0 la soir\u00e9e sont comprises entre 20 et 25 euros. L\u2019ensemble des b\u00e9n\u00e9fices sera revers\u00e9 \u00e0 l\u2019association <strong>Fiert\u00e9 Montpellier Pride<\/strong> afin de soutenir les actions en faveur de la communaut\u00e9 LGBTQUAI+.<\/p>\n<p>Pour r\u00e9server votre place, <a href=\"https:\/\/my.weezevent.com\/pride-night-montpellier-2025?fbclid=IwY2xjawIavG5leHRuA2FlbQIxMAABHRxELXSGk9jqh0T0kOfVz-4Ygat-t0DY-K-87Y9lD_GbPUHj9QbNt7rZzg_aem_igNcwCyZXqcccMI3Z1AJYA\" target=\"_blank\" rel=\"nofollow noopener\"><strong>cliquez ici<\/strong><\/a>.<\/p>\n","protected":false},"excerpt":{"rendered":"A l&rsquo;occasion de la Marche des Fiert\u00e9s \u00e0 Montpellier, une soir\u00e9e \u00ab\u00a0Pride Night\u00a0\u00bb est organis\u00e9e au Rockstore le&hellip;\n","protected":false},"author":2,"featured_media":144190,"comment_status":"","ping_status":"","sticky":false,"template":"","format":"standard","meta":{"footnotes":""},"categories":[9599],"tags":[1111,11,1777,674,1011,27,24310,2208,12,2680,25],"class_list":{"0":"post-144189","1":"post","2":"type-post","3":"status-publish","4":"format-standard","5":"has-post-thumbnail","7":"category-montpellier","8":"tag-actu","9":"tag-actualites","10":"tag-eu","11":"tag-europe","12":"tag-fr","13":"tag-france","14":"tag-marche-des-fiertes","15":"tag-montpellier","16":"tag-news","17":"tag-occitanie","18":"tag-republique-francaise"},"share_on_mastodon":{"url":"https:\/\/pubeurope.com\/@fr\/114608485529497030","error":""},"_links":{"self":[{"href":"https:\/\/www.europesays.com\/fr\/wp-json\/wp\/v2\/posts\/144189","targetHints":{"allow":["GET"]}}],"collection":[{"href":"https:\/\/www.europesays.com\/fr\/wp-json\/wp\/v2\/posts"}],"about":[{"href":"https:\/\/www.europesays.com\/fr\/wp-json\/wp\/v2\/types\/post"}],"author":[{"embeddable":true,"href":"https:\/\/www.europesays.com\/fr\/wp-json\/wp\/v2\/users\/2"}],"replies":[{"embeddable":true,"href":"https:\/\/www.europesays.com\/fr\/wp-json\/wp\/v2\/comments?post=144189"}],"version-history":[{"count":0,"href":"https:\/\/www.europesays.com\/fr\/wp-json\/wp\/v2\/posts\/144189\/revisions"}],"wp:featuredmedia":[{"embeddable":true,"href":"https:\/\/www.europesays.com\/fr\/wp-json\/wp\/v2\/media\/144190"}],"wp:attachment":[{"href":"https:\/\/www.europesays.com\/fr\/wp-json\/wp\/v2\/media?parent=144189"}],"wp:term":[{"taxonomy":"category","embeddable":true,"href":"https:\/\/www.europesays.com\/fr\/wp-json\/wp\/v2\/categories?post=144189"},{"taxonomy":"post_tag","embeddable":true,"href":"https:\/\/www.europesays.com\/fr\/wp-json\/wp\/v2\/tags?post=144189"}],"curies":[{"name":"wp","href":"https:\/\/api.w.org\/{rel}","templated":true}]}}