{"id":144193,"date":"2025-06-01T14:07:10","date_gmt":"2025-06-01T14:07:10","guid":{"rendered":"https:\/\/www.europesays.com\/fr\/144193\/"},"modified":"2025-06-01T14:07:10","modified_gmt":"2025-06-01T14:07:10","slug":"rugby-huit-grenobloises-appelees-dans-une-liste-elargie-pour-preparer-la-coupe-du-monde","status":"publish","type":"post","link":"https:\/\/www.europesays.com\/fr\/144193\/","title":{"rendered":"Rugby. Huit Grenobloises appel\u00e9es dans une liste \u00e9largie pour pr\u00e9parer la Coupe du monde"},"content":{"rendered":"<p class=\"insetTitle\">La liste des 38 joueuses<\/p>\n<p><strong>Avants (22)\u00a0:<\/strong> Rose Bernadou (Montpellier, 21\u00a0s\u00e9l.), Axelle Berthoumieu (Blagnac, 22\u00a0s\u00e9l.), Manon Bigot (Blagnac, 13\u00a0s\u00e9l.), Yllana Brosseau (Stade bordelais, 21\u00a0s\u00e9l.), L\u00e9a Champon (Grenoble, 8\u00a0s\u00e9l.), Khoudeida Cissokho (Stade bordelais, 0\u00a0s\u00e9l.), Anna\u00eblle Deshaye (Stade bordelais, 48\u00a0s\u00e9l.), Charlotte Escudero (Stade toulousain, 26\u00a0s\u00e9l.), Madoussou Fall Raclot (Stade bordelais, 39\u00a0s\u00e9l.), Manae Feleu (Grenoble, 26\u00a0s\u00e9l.), T\u00e9ani Feleu (Grenoble, 12\u00a0s\u00e9l.), Emeline Gros (Grenoble, 37\u00a0s\u00e9l.), Hina Ikahehegi (Stade Villeneuvois, 3\u00a0s\u00e9l.), Clara Joyeux (Blagnac, 48\u00a0s\u00e9l.), Assia Khalfaoui (Stade bordelais, 30\u00a0s\u00e9l.), Ta\u00efna Maka (Grenoble, 1\u00a0s\u00e9l.), Marie Morland (Lyon, 0\u00a0s\u00e9l.), Ambre Mwayembe (Grenoble, 19\u00a0s\u00e9l.), S\u00e9raphine Okemba (Lyon, 8\u00a0s\u00e9l.), \u00c9lisa Riffonneau (Grenoble, 16\u00a0s\u00e9l.), Agathe Sochat (Stade bordelais, 57\u00a0s\u00e9l.), Laure Touye (Stade toulousain, 29\u00a0s\u00e9l.).<\/p>\n<p><strong>Arri\u00e8res (16)\u00a0:<\/strong> Kelly Arbey (Stade toulousain, 5\u00a0s\u00e9l.), Carla Arbez (Stade bordelais, 12\u00a0s\u00e9l.), Oc\u00e9ane Bordes (Stade toulousain, 2\u00a0s\u00e9l.), \u00c9milie Boulard (Blagnac, 36\u00a0s\u00e9l.), Pauline Bourdon Sansus (Stade toulousain, 66\u00a0s\u00e9l.), Morgane Bourgeois (Stade bordelais, 13\u00a0s\u00e9l.), Alexandra Chambon (Grenoble, 29\u00a0s\u00e9l.), Lili Dezou (Stade toulousain, 0\u00a0s\u00e9l.), Joanna Grisez (Stade bordelais, 8\u00a0s\u00e9l.), Nassira Konde (Stade bordelais, 16\u00a0s\u00e9l.), M\u00e9lissande Llorens Vigneres (Blagnac, 14\u00a0s\u00e9l.), Marine M\u00e9nager (Montpellier, 57\u00a0s\u00e9l.), Carla Neisen (Blagnac, 21\u00a0s\u00e9l.), Lina Queyroi (Stade toulousain, 22\u00a0s\u00e9l.), Lina Tuy (ASM Romagnat, 7\u00a0s\u00e9l.), Gabrielle Vernier (Blagnac, 52\u00a0s\u00e9l.)<\/p>\n","protected":false},"excerpt":{"rendered":"La liste des 38 joueuses Avants (22)\u00a0: Rose Bernadou (Montpellier, 21\u00a0s\u00e9l.), Axelle Berthoumieu (Blagnac, 22\u00a0s\u00e9l.), Manon Bigot (Blagnac,&hellip;\n","protected":false},"author":2,"featured_media":144194,"comment_status":"","ping_status":"","sticky":false,"template":"","format":"standard","meta":{"footnotes":""},"categories":[9566],"tags":[1111,11,2430,112,1777,674,2727,1701,1011,27,2731,2732,108,12,25,479,517],"class_list":{"0":"post-144193","1":"post","2":"type-post","3":"status-publish","4":"format-standard","5":"has-post-thumbnail","7":"category-grenoble","8":"tag-actu","9":"tag-actualites","10":"tag-auvergne-rhone-alpes","11":"tag-edition-grenoble-agglomeration","12":"tag-eu","13":"tag-europe","14":"tag-fcg-fc-grenoble-rugby","15":"tag-fil-info-sport","16":"tag-fr","17":"tag-france","18":"tag-grenoble","19":"tag-grenoble-bassin","20":"tag-isere","21":"tag-news","22":"tag-republique-francaise","23":"tag-rugby","24":"tag-sport"},"share_on_mastodon":{"url":"https:\/\/pubeurope.com\/@fr\/114608501496574788","error":""},"_links":{"self":[{"href":"https:\/\/www.europesays.com\/fr\/wp-json\/wp\/v2\/posts\/144193","targetHints":{"allow":["GET"]}}],"collection":[{"href":"https:\/\/www.europesays.com\/fr\/wp-json\/wp\/v2\/posts"}],"about":[{"href":"https:\/\/www.europesays.com\/fr\/wp-json\/wp\/v2\/types\/post"}],"author":[{"embeddable":true,"href":"https:\/\/www.europesays.com\/fr\/wp-json\/wp\/v2\/users\/2"}],"replies":[{"embeddable":true,"href":"https:\/\/www.europesays.com\/fr\/wp-json\/wp\/v2\/comments?post=144193"}],"version-history":[{"count":0,"href":"https:\/\/www.europesays.com\/fr\/wp-json\/wp\/v2\/posts\/144193\/revisions"}],"wp:featuredmedia":[{"embeddable":true,"href":"https:\/\/www.europesays.com\/fr\/wp-json\/wp\/v2\/media\/144194"}],"wp:attachment":[{"href":"https:\/\/www.europesays.com\/fr\/wp-json\/wp\/v2\/media?parent=144193"}],"wp:term":[{"taxonomy":"category","embeddable":true,"href":"https:\/\/www.europesays.com\/fr\/wp-json\/wp\/v2\/categories?post=144193"},{"taxonomy":"post_tag","embeddable":true,"href":"https:\/\/www.europesays.com\/fr\/wp-json\/wp\/v2\/tags?post=144193"}],"curies":[{"name":"wp","href":"https:\/\/api.w.org\/{rel}","templated":true}]}}