{"id":144203,"date":"2025-06-01T14:12:11","date_gmt":"2025-06-01T14:12:11","guid":{"rendered":"https:\/\/www.europesays.com\/fr\/144203\/"},"modified":"2025-06-01T14:12:11","modified_gmt":"2025-06-01T14:12:11","slug":"nice-cette-sublime-villa-classee-au-titre-de-monument-historique-et-elle-se-visite","status":"publish","type":"post","link":"https:\/\/www.europesays.com\/fr\/144203\/","title":{"rendered":"Nice. Cette sublime villa class\u00e9e au titre de monument historique, et elle se visite"},"content":{"rendered":"<p>            Par<br \/>\n        <strong><br \/>\n            <a href=\"https:\/\/actu.fr\/auteur\/manon-reinhardt\" title=\"Consulter tous les articles de Manon Reinhardt\" rel=\"nofollow noopener\" target=\"_blank\">Manon Reinhardt<\/a><br \/>\n        <\/strong><\/p>\n<p>        Publi\u00e9 le<\/p>\n<p>            1 juin 2025 \u00e0 7h12        <\/p>\n<p>Vous l\u2019avez sans doute d\u00e9j\u00e0 remarqu\u00e9e\u2009: <strong>la Villa Mass\u00e9na<\/strong>, situ\u00e9e rue de France mais visible depuis la promenade des Anglais, et ses grands jardins ne passent pas inaper\u00e7us. Le b\u00e2timent vient d\u2019\u00eatre class\u00e9 au titre de monument historique par le minist\u00e8re de la Culture, annoncent les services de <a href=\"https:\/\/actu.fr\/tag\/christian-estrosi\" rel=\"nofollow noopener\" target=\"_blank\">Christian Estrosi<\/a>, dans un communiqu\u00e9.<\/p>\n<p class=\" wall-content\">\u00ab\u2009Une immense fiert\u00e9\u2009\u00bb pour le maire de <a href=\"https:\/\/actu.fr\/provence-alpes-cote-d-azur\/nice_06088\" rel=\"nofollow noopener\" target=\"_blank\">Nice<\/a>. Le site est ouvert au public et peut se visiter. Voici ce qu\u2019il faut savoir.<\/p>\n<p>\u00ab\u2009V\u00e9ritable joyau architectural\u2009\u00bb<\/p>\n<p class=\" wall-content\">La Villa Mass\u00e9na, qui abrite le mus\u00e9e Mass\u00e9na, est consid\u00e9r\u00e9e comme un \u00ab\u2009v\u00e9ritable joyau architectural de la Belle \u00c9poque \u00e0 Nice\u2009\u00bb. Elle a \u00e9t\u00e9 construite <strong>entre\u00a01898 et\u00a01901<\/strong> pour le prince Victor d\u2019Essling, petit-fils du mar\u00e9chal Mass\u00e9na, par un architecte tr\u00e8s connu sur la C\u00f4te d\u2019Azur, Hans-Georg Tersling.<\/p>\n<p>    <a href=\"https:\/\/www.google.com\/maps\/embed?pb=!1m18!1m12!1m3!1d2884.7373098837693!2d7.256334376532367!3d43.69522434971109!2m3!1f0!2f0!3f0!3m2!1i1024!2i768!4f13.1!3m3!1m2!1s0x12cdd00cbc1bd0c9%3A0xa052637696396cbb!2s65%20Rue%20de%20France%2C%2006000%20Nice!5e0!3m2!1sfr!2sfr!4v1748345265720!5m2!1sfr!2sfr\" title=\"Ouvrie le lien\" rel=\"nofollow noopener\" target=\"_blank\">Cliquez ici pour visualiser le contenu<\/a><\/p>\n<p class=\" wall-content\">La Ville de Nice est ensuite devenue propri\u00e9taire des lieux, en 1919, \u00ab\u2009gr\u00e2ce au don de la famille Mass\u00e9na\u2009\u00bb, rappelle le communiqu\u00e9 de la municipalit\u00e9. \u00ab\u2009Elle est aujourd\u2019hui un mus\u00e9e d\u2019histoire locale consacr\u00e9 \u00e0 l\u2019art et \u00e0 la vie ni\u00e7oise du XIXe\u00a0si\u00e8cle \u00e0 la Belle \u00c9poque.\u2009\u00bb<\/p>\n<p>Vid\u00e9os : en ce moment sur Actu<\/p>\n<p class=\" wall-content\">Alors qu\u2019elle vient d\u2019\u00eatre class\u00e9e au titre des monuments historiques par la ministre de la Culture, Rachida Dati, le maire de la commune exprime son \u00ab\u2009immense fiert\u00e9\u2009\u00bb.<\/p>\n<p>L\u2019ext\u00e9rieur reconnu \u00ab\u2009Jardin remarquable\u2009\u00bb<\/p>\n<p class=\" wall-content\">\u00ab\u2009Cette reconnaissance, que nous attendions avec impatience, souligne l\u2019importance de ce lieu embl\u00e9matique dans l\u2019histoire de notre ville. [\u2026] Elle constitue <strong>un lieu de m\u00e9moire<\/strong> essentiel, porteur d\u2019une histoire pr\u00e9cieuse qu\u2019il nous appartient de pr\u00e9server et de transmettre aux g\u00e9n\u00e9rations futures\u2009\u00bb, r\u00e9agit Christian Estrosi.<\/p>\n<p class=\" wall-content\">\n<p class=\" wall-content\">Une \u00ab\u2009nouvelle \u00e9tape\u2009\u00bb importante pour la Villa Mass\u00e9na, dont le mus\u00e9e est accessible au public toute l\u2019ann\u00e9e. Le prix de l\u2019entr\u00e9e pour acc\u00e9der \u00e0 l\u2019exposition et \u00e0 la collection permanente est fix\u00e9 \u00e0 <strong>10\u00a0euros.<\/strong> Elle est gratuite pour les r\u00e9sidents de la M\u00e9tropole Nice C\u00f4te d\u2019Azur.<\/p>\n<p class=\" wall-content\">Ce lieu embl\u00e9matique de la promenade des Anglais vient donc s\u2019ajouter aux 75 sites d\u00e9j\u00e0 class\u00e9s au titre des monuments historiques \u00e0 Nice. En avril dernier, ses jardins ont d\u00e9j\u00e0 \u00e9t\u00e9 reconnus \u00ab\u2009Jardin remarquable\u2009\u00bb. Ils sont en acc\u00e8s libre.<\/p>\n<p class=\" wall-content\">Suivez toute l\u2019actualit\u00e9 de vos villes et m\u00e9dias favoris en vous inscrivant \u00e0 <a href=\"https:\/\/moncompte.actu.fr\" title=\"D\u00e9couvez Mon Actu\" rel=\"nofollow noopener\" data-trk=\"{&quot;cta&quot;:{&quot;action&quot;:&quot;https:\\\/\\\/moncompte.actu.fr&quot;,&quot;category&quot;:&quot;mon compte&quot;,&quot;from&quot;:&quot;article footer&quot;,&quot;name&quot;:&quot;Mon actu&quot;,&quot;type&quot;:&quot;cta&quot;}}\" target=\"_blank\">Mon Actu<\/a>.<\/p>\n","protected":false},"excerpt":{"rendered":"Par Manon Reinhardt Publi\u00e9 le 1 juin 2025 \u00e0 7h12 Vous l\u2019avez sans doute d\u00e9j\u00e0 remarqu\u00e9e\u2009: la Villa&hellip;\n","protected":false},"author":2,"featured_media":144204,"comment_status":"","ping_status":"","sticky":false,"template":"","format":"standard","meta":{"footnotes":""},"categories":[2819],"tags":[1111,11,1777,674,1011,27,937,1652,12,2401,2551,882,25],"class_list":{"0":"post-144203","1":"post","2":"type-post","3":"status-publish","4":"format-standard","5":"has-post-thumbnail","7":"category-nice","8":"tag-actu","9":"tag-actualites","10":"tag-eu","11":"tag-europe","12":"tag-fr","13":"tag-france","14":"tag-histoire","15":"tag-loisirs-culture","16":"tag-news","17":"tag-nice","18":"tag-patrimoine","19":"tag-provence-alpes-cote-dazur","20":"tag-republique-francaise"},"share_on_mastodon":{"url":"https:\/\/pubeurope.com\/@fr\/114608520802304089","error":""},"_links":{"self":[{"href":"https:\/\/www.europesays.com\/fr\/wp-json\/wp\/v2\/posts\/144203","targetHints":{"allow":["GET"]}}],"collection":[{"href":"https:\/\/www.europesays.com\/fr\/wp-json\/wp\/v2\/posts"}],"about":[{"href":"https:\/\/www.europesays.com\/fr\/wp-json\/wp\/v2\/types\/post"}],"author":[{"embeddable":true,"href":"https:\/\/www.europesays.com\/fr\/wp-json\/wp\/v2\/users\/2"}],"replies":[{"embeddable":true,"href":"https:\/\/www.europesays.com\/fr\/wp-json\/wp\/v2\/comments?post=144203"}],"version-history":[{"count":0,"href":"https:\/\/www.europesays.com\/fr\/wp-json\/wp\/v2\/posts\/144203\/revisions"}],"wp:featuredmedia":[{"embeddable":true,"href":"https:\/\/www.europesays.com\/fr\/wp-json\/wp\/v2\/media\/144204"}],"wp:attachment":[{"href":"https:\/\/www.europesays.com\/fr\/wp-json\/wp\/v2\/media?parent=144203"}],"wp:term":[{"taxonomy":"category","embeddable":true,"href":"https:\/\/www.europesays.com\/fr\/wp-json\/wp\/v2\/categories?post=144203"},{"taxonomy":"post_tag","embeddable":true,"href":"https:\/\/www.europesays.com\/fr\/wp-json\/wp\/v2\/tags?post=144203"}],"curies":[{"name":"wp","href":"https:\/\/api.w.org\/{rel}","templated":true}]}}