{"id":144207,"date":"2025-06-01T14:14:15","date_gmt":"2025-06-01T14:14:15","guid":{"rendered":"https:\/\/www.europesays.com\/fr\/144207\/"},"modified":"2025-06-01T14:14:15","modified_gmt":"2025-06-01T14:14:15","slug":"klub-une-application-nantaise-de-bons-plans-pour-les-jeunes","status":"publish","type":"post","link":"https:\/\/www.europesays.com\/fr\/144207\/","title":{"rendered":"Klub, une application nantaise de bons plans pour les jeunes"},"content":{"rendered":"<p>Lucas Philipponneau et Nicolas Papin, deux Nantais amis d\u2019enfance, ont lanc\u00e9 il y a quelques mois Klub, une nouvelle application de bons plans.\u00a0Pour 3,90\u00a0\u20ac par mois, elle permet aux moins de 26\u00a0ans de b\u00e9n\u00e9ficier d\u2019avantages et de r\u00e9ductions dans leur vie quotidienne, \u00e0 <a href=\"https:\/\/nantes.maville.com\/info\/info-locale\/\" rel=\"nofollow noopener\" target=\"_blank\">Nantes<\/a>.<\/p>\n<p><strong>\u00ab\u00a0Klub, c\u2019est faire le lien entre les jeunes et les commerces locaux, que ce soit des \u00e9tablissements culturels, sportifs, festifs, gastronomiques<\/strong>  <strong>,<\/strong> explique Lucas Philipponneau. <strong> Le but est d\u2019apporter une solution de communication aux commerces locaux et de proposer des avantages et des r\u00e9ductions aux jeunes.\u00a0\u00bb<\/strong>  Un bon moyen donc, de faire d\u00e9couvrir les commerces nantais.<\/p>\n<p>Des r\u00e9ductions ou bons d\u2019achat chez les commer\u00e7ants partenaires<\/p>\n<p>Parmi les avantages disponibles, des r\u00e9ductions dans des bars du Hangar \u00e0 bananes, l\u2019all\u00e9chante offre Un menu achet\u00e9 =\u00a0un menu offert, valable dans plusieurs restaurants du centre-ville, et des paniers de courses \u00e0 petits prix chez NousAntiGaspi, une \u00e9picerie engag\u00e9e, pr\u00e8s de la Tour de Bretagne. Mais aussi des offres dans la d\u00e9coration, le bien-\u00eatre, les fleurs et les plantes de Mok la Fleur ou les produits cosm\u00e9tiques de Fleurance nature. La librairie d\u2019occasion Bouquinerie du centre est \u00e9galement partenaire de l\u2019application et offre un bon d\u2019achat de 10\u00a0\u20ac aux membres de Klub.<\/p>\n<p><strong>\u00ab\u00a0L\u2019id\u00e9e est de couvrir l\u2019ensemble du quotidien d\u2019un jeune. C\u2019est un peu l\u2019application que Nicolas et moi aurions voulue quand nous \u00e9tions plus jeunes\u00a0\u00bb,<\/strong> ajoute Lucas Philipponneau. Dans les prochains mois, les deux associ\u00e9s esp\u00e8rent proposer des r\u00e9ductions dans des cin\u00e9mas, des th\u00e9\u00e2tres et des mus\u00e9es, afin d\u2019\u00e9largir leur offre culturelle. Et pour trouver toujours plus de bonnes adresses, ils peuvent compter sur les 5\u00a0000\u00a0membres de leur communaut\u00e9 Instagram, qui ne manquent pas de leur sugg\u00e9rer des bons plans.<\/p>\n<p><strong>Contact.<\/strong> <a href=\"https:\/\/www.carte-klub.com.\/\" rel=\"nofollow noopener\" target=\"_blank\">www.carte-klub.com<\/a>. Instagram\u00a0: <a href=\"https:\/\/www.instagram.com\/klub_nantes\/\" rel=\"nofollow noopener\" target=\"_blank\">klub_nantes.<\/a><\/p>\n<p>\u00a0<\/p>\n<p>\t\t<script async src=\"\/\/www.instagram.com\/embed.js\"><\/script><\/p>\n","protected":false},"excerpt":{"rendered":"Lucas Philipponneau et Nicolas Papin, deux Nantais amis d\u2019enfance, ont lanc\u00e9 il y a quelques mois Klub, une&hellip;\n","protected":false},"author":2,"featured_media":144208,"comment_status":"","ping_status":"","sticky":false,"template":"","format":"standard","meta":{"footnotes":""},"categories":[2818],"tags":[1111,11,8035,8083,1777,674,1011,27,4074,27257,7127,766,12,2636,27258,25],"class_list":{"0":"post-144207","1":"post","2":"type-post","3":"status-publish","4":"format-standard","5":"has-post-thumbnail","7":"category-nantes","8":"tag-actu","9":"tag-actualites","10":"tag-application","11":"tag-bons","12":"tag-eu","13":"tag-europe","14":"tag-fr","15":"tag-france","16":"tag-jeunes","17":"tag-klub","18":"tag-nantaise","19":"tag-nantes","20":"tag-news","21":"tag-pays-de-la-loire","22":"tag-plans","23":"tag-republique-francaise"},"share_on_mastodon":{"url":"https:\/\/pubeurope.com\/@fr\/114608528699248296","error":""},"_links":{"self":[{"href":"https:\/\/www.europesays.com\/fr\/wp-json\/wp\/v2\/posts\/144207","targetHints":{"allow":["GET"]}}],"collection":[{"href":"https:\/\/www.europesays.com\/fr\/wp-json\/wp\/v2\/posts"}],"about":[{"href":"https:\/\/www.europesays.com\/fr\/wp-json\/wp\/v2\/types\/post"}],"author":[{"embeddable":true,"href":"https:\/\/www.europesays.com\/fr\/wp-json\/wp\/v2\/users\/2"}],"replies":[{"embeddable":true,"href":"https:\/\/www.europesays.com\/fr\/wp-json\/wp\/v2\/comments?post=144207"}],"version-history":[{"count":0,"href":"https:\/\/www.europesays.com\/fr\/wp-json\/wp\/v2\/posts\/144207\/revisions"}],"wp:featuredmedia":[{"embeddable":true,"href":"https:\/\/www.europesays.com\/fr\/wp-json\/wp\/v2\/media\/144208"}],"wp:attachment":[{"href":"https:\/\/www.europesays.com\/fr\/wp-json\/wp\/v2\/media?parent=144207"}],"wp:term":[{"taxonomy":"category","embeddable":true,"href":"https:\/\/www.europesays.com\/fr\/wp-json\/wp\/v2\/categories?post=144207"},{"taxonomy":"post_tag","embeddable":true,"href":"https:\/\/www.europesays.com\/fr\/wp-json\/wp\/v2\/tags?post=144207"}],"curies":[{"name":"wp","href":"https:\/\/api.w.org\/{rel}","templated":true}]}}