{"id":144209,"date":"2025-06-01T14:15:09","date_gmt":"2025-06-01T14:15:09","guid":{"rendered":"https:\/\/www.europesays.com\/fr\/144209\/"},"modified":"2025-06-01T14:15:09","modified_gmt":"2025-06-01T14:15:09","slug":"dates-lieux-illuminations-voici-le-programme-du-mois-des-fiertes-a-nantes","status":"publish","type":"post","link":"https:\/\/www.europesays.com\/fr\/144209\/","title":{"rendered":"Dates, lieux, illuminations\u2026 Voici le programme du Mois des fiert\u00e9s \u00e0 Nantes"},"content":{"rendered":"<p>            Par<br \/>\n        <strong><br \/>\n            <a href=\"https:\/\/actu.fr\/auteur\/laure-gentil\" title=\"Consulter tous les articles de Laure Gentil\" target=\"_blank\" rel=\"noopener\">Laure Gentil<\/a><br \/>\n        <\/strong><\/p>\n<p>        Publi\u00e9 le<\/p>\n<p>            1 juin 2025 \u00e0 15h46        <\/p>\n<p>Le mois de juin va se parer des couleurs du drapeau arc-en-ciel dans la cit\u00e9 des ducs de Bretagne. \u00ab\u2009Nantes est pleinement engag\u00e9e pour soutenir et rendre visible le combat contre toutes les formes de discriminations\u2009\u00bb, a assur\u00e9 Mahaut Bertu, adjointe \u00e0 la maire de <strong>Nantes<\/strong> en charge de l\u2019\u00e9galit\u00e9.<\/p>\n<p class=\" wall-content\">Voici le programme du \u00ab<strong>\u2009Mois des fiert\u00e9s<\/strong>\u2009\u00bb organis\u00e9 par la Ville de Nantes et l\u2019association Nosig.<\/p>\n<p>Des kak\u00e9monos et des illuminations<\/p>\n<ul class=\" wall-content\">\n<li><strong>Du 2 au 16\u00a0juin<\/strong>, le cours des 50 Otages et la rue de Strasbourg seront d\u00e9cor\u00e9s avec des kak\u00e9monos aux couleurs arc-en-ciel\u2009;<\/li>\n<li><strong>de la \u00ab\u2009Pride aux balcons\u2009\u00bb du 1er au 15\u00a0juin<\/strong>\u2009: cette initiative, cr\u00e9\u00e9e pendant la crise sanitaire, invite les Nantaises et les Nantais, les commerces et les institutions, \u00e0 afficher des drapeaux LGBTQIA +\u00a0\u00e0 leurs fen\u00eatres et devantures pour afficher leur soutien \u00e0 la communaut\u00e9\u2009;<\/li>\n<li><strong>du 2 au 16\u00a0juin<\/strong>, le miroir d\u2019eau et le th\u00e9\u00e2tre Graslin seront \u00e9clair\u00e9s aux couleurs de l\u2019arc-en-ciel (\u00c0 noter\u2009: pour des raisons techniques, le drapeau arc-en-ciel n\u2019est plus affich\u00e9 sur la fa\u00e7ade du th\u00e9\u00e2tre Graslin).<\/li>\n<li><strong>Jusqu\u2019au 17\u00a0juin<\/strong>, un tramway de la ligne 2 est habill\u00e9 aux couleurs arc-en-ciel. Il circule sur toute la ligne (de terminus \u00e0 terminus).<\/li>\n<\/ul>\n<p>    <a href=\"https:\/\/www.facebook.com\/plugins\/post.php?href=https%3A%2F%2Fwww.facebook.com%2Fnosigcentrelgbti%2Fposts%2Fpfbid02ojWXk1dbeY1mkV2rqXvJwLmNLLjVUiXke6gYdofdkxvrYEAiL71ExTiy8heEPJ6fl&amp;show_text=true&amp;width=350\" title=\"Ouvrie le lien\" target=\"_blank\" rel=\"noopener\">Cliquez ici pour visualiser le contenu<\/a><\/p>\n<p>Quand se d\u00e9roulera le d\u00e9fil\u00e9\u2009?<\/p>\n<p class=\" wall-content\">La Marche des Fiert\u00e9s est organis\u00e9e cette ann\u00e9e<strong> le 14\u00a0juin<\/strong> avec comme mot d\u2019ordre cette ann\u00e9e\u2009: \u00ab\u2009Toutes nos couleurs et origines brillent contre l\u2019obscurantisme\u2009\u00bb, pour faire \u00e9cho avec \u00ab\u2009les menaces et discriminations qui persistent \u00e0 l\u2019encontre de la communaut\u00e9 LGBTQIA +, sur le plan international et europ\u00e9en\u2009\u00bb, indique la Ville de Nantes.<\/p>\n<p>Vid\u00e9os : en ce moment sur Actu<\/p>\n<p class=\" wall-content\">Il s\u2019agit aussi de \u00ab\u2009mettre en lumi\u00e8re les r\u00e9alit\u00e9s et les v\u00e9cus des personnes queers racis\u00e9es\u2009\u00bb. Elle <strong>partira de la place Foch<\/strong>. La collectivit\u00e9 tiendra aussi un <strong>stand au sein du Village<\/strong> associatif, de 11\u2009h \u00e0 19\u2009h.<\/p>\n<p class=\" wall-content\">La <a href=\"https:\/\/www.nosig.fr\/page\/2689078-pridenantes-2025-infos-pratiques-officielles\" target=\"_blank\" rel=\"noopener\">marche est coordonn\u00e9e par l\u2019association Nosig<\/a>, avec un collectif de volontaires et d\u2019associations.<\/p>\n<p class=\" wall-content\">Suivez toute l\u2019actualit\u00e9 de vos villes et m\u00e9dias favoris en vous inscrivant \u00e0 <a href=\"https:\/\/moncompte.actu.fr\" title=\"D\u00e9couvez Mon Actu\" rel=\"nofollow noopener\" data-trk=\"{&quot;cta&quot;:{&quot;action&quot;:&quot;https:\\\/\\\/moncompte.actu.fr&quot;,&quot;category&quot;:&quot;mon compte&quot;,&quot;from&quot;:&quot;article footer&quot;,&quot;name&quot;:&quot;Mon actu&quot;,&quot;type&quot;:&quot;cta&quot;}}\" target=\"_blank\">Mon Actu<\/a>.<\/p>\n","protected":false},"excerpt":{"rendered":"Par Laure Gentil Publi\u00e9 le 1 juin 2025 \u00e0 15h46 Le mois de juin va se parer des&hellip;\n","protected":false},"author":2,"featured_media":144210,"comment_status":"","ping_status":"","sticky":false,"template":"","format":"standard","meta":{"footnotes":""},"categories":[2818],"tags":[1111,11,1777,674,1011,27,9087,766,12,2636,25,104],"class_list":{"0":"post-144209","1":"post","2":"type-post","3":"status-publish","4":"format-standard","5":"has-post-thumbnail","7":"category-nantes","8":"tag-actu","9":"tag-actualites","10":"tag-eu","11":"tag-europe","12":"tag-fr","13":"tag-france","14":"tag-lgbt","15":"tag-nantes","16":"tag-news","17":"tag-pays-de-la-loire","18":"tag-republique-francaise","19":"tag-societe"},"share_on_mastodon":{"url":"https:\/\/pubeurope.com\/@fr\/114608532573071936","error":""},"_links":{"self":[{"href":"https:\/\/www.europesays.com\/fr\/wp-json\/wp\/v2\/posts\/144209","targetHints":{"allow":["GET"]}}],"collection":[{"href":"https:\/\/www.europesays.com\/fr\/wp-json\/wp\/v2\/posts"}],"about":[{"href":"https:\/\/www.europesays.com\/fr\/wp-json\/wp\/v2\/types\/post"}],"author":[{"embeddable":true,"href":"https:\/\/www.europesays.com\/fr\/wp-json\/wp\/v2\/users\/2"}],"replies":[{"embeddable":true,"href":"https:\/\/www.europesays.com\/fr\/wp-json\/wp\/v2\/comments?post=144209"}],"version-history":[{"count":0,"href":"https:\/\/www.europesays.com\/fr\/wp-json\/wp\/v2\/posts\/144209\/revisions"}],"wp:featuredmedia":[{"embeddable":true,"href":"https:\/\/www.europesays.com\/fr\/wp-json\/wp\/v2\/media\/144210"}],"wp:attachment":[{"href":"https:\/\/www.europesays.com\/fr\/wp-json\/wp\/v2\/media?parent=144209"}],"wp:term":[{"taxonomy":"category","embeddable":true,"href":"https:\/\/www.europesays.com\/fr\/wp-json\/wp\/v2\/categories?post=144209"},{"taxonomy":"post_tag","embeddable":true,"href":"https:\/\/www.europesays.com\/fr\/wp-json\/wp\/v2\/tags?post=144209"}],"curies":[{"name":"wp","href":"https:\/\/api.w.org\/{rel}","templated":true}]}}