{"id":14421,"date":"2025-04-10T07:47:10","date_gmt":"2025-04-10T07:47:10","guid":{"rendered":"https:\/\/www.europesays.com\/fr\/14421\/"},"modified":"2025-04-10T07:47:10","modified_gmt":"2025-04-10T07:47:10","slug":"volley-ball-une-bonne-alchimie-pour-les-feminines-dautun","status":"publish","type":"post","link":"https:\/\/www.europesays.com\/fr\/14421\/","title":{"rendered":"VOLLEY BALL : Une bonne alchimie pour les f\u00e9minines d&rsquo;Autun"},"content":{"rendered":"<p><img decoding=\"async\" class=\"newsFullImg  newsFullImgReduced  \" src=\"https:\/\/www.europesays.com\/fr\/wp-content\/uploads\/2025\/04\/89537_1_full.jpg\"\/>Joueuses exp\u00e9riment\u00e9es (plusieurs fois championnes il y a quelques ann\u00e9es) et jeunes joueuses \u00e9voluant en M18 l\u2019an dernier (championnes de Bourgogne Franche-Comt\u00e9 2024) ont d\u00e9cid\u00e9 d\u2019unir leurs forces en d\u00e9but de saison pour s\u2019engager dans le championnat d\u00e9partemental de Sa\u00f4ne-et-Loire.<br \/>L\u2019exp\u00e9rience et l\u2019assurance des unes alli\u00e9es \u00e0 la jeunesse et \u00e0 la fougue des autres ont permis aux volleyeuses de survoler cette comp\u00e9tition malgr\u00e9 deux joueuses bless\u00e9es en cours de saison.<br \/>Invaincues, les filles de St\u00e9phane Burgun ont conc\u00e9d\u00e9 un seul set de toute la saison face \u00e0 la sympathique \u00e9quipe de Buxy et terminent avec 30 points au classement, loin devant les 5 autres \u00e9quipes engag\u00e9es.<br \/>Bravo \u00e0 L\u00e9na, Claire, Caroline, Ma\u00eblle, Ana\u00efs, Alice, Delphine, Alexandra,\u00a0\u00c9n\u00e9a et Laurie-Anne ! Et \u00e0 leur coach Stef\u2026<br \/>Ultime challenge auquel elles n\u2019osent croire mais pourtant atteignable avec les forces et l\u2019envie en pr\u00e9sence\u00a0: remporter le 1er tour de la Coupe de Sa\u00f4ne-et-Loire qui les oppose suite au tirage au sort \u00e0 l\u2019\u00e9quipe du Creusot VB 1 qui \u00e9volue en championnat pr\u00e9-national (2 divisions au-dessus du championnat d\u00e9partemental).\t\t\t\t\t\t\t<\/p>\n<p>\t\t\t\t\t\t\tRendez-vous le vendredi 9 mai au Gymnase du Vallon-Stade Saint-Roch \u00e0 partir de 20h00 pour encourager les volleyeuses de la Vaillante.<\/p>\n<p><img decoding=\"async\" src=\"https:\/\/www.europesays.com\/fr\/wp-content\/uploads\/2025\/04\/volley-ball-autun-233701.jpg\"\/><\/p>\n","protected":false},"excerpt":{"rendered":"Joueuses exp\u00e9riment\u00e9es (plusieurs fois championnes il y a quelques ann\u00e9es) et jeunes joueuses \u00e9voluant en M18 l\u2019an dernier&hellip;\n","protected":false},"author":2,"featured_media":14422,"comment_status":"","ping_status":"","sticky":false,"template":"","format":"standard","meta":{"footnotes":""},"categories":[1417],"tags":[1011,27,60,1470,1469],"class_list":{"0":"post-14421","1":"post","2":"type-post","3":"status-publish","4":"format-standard","5":"has-post-thumbnail","7":"category-volley","8":"tag-fr","9":"tag-france","10":"tag-sports","11":"tag-volley","12":"tag-volleyball"},"share_on_mastodon":{"url":"https:\/\/pubeurope.com\/@fr\/114312566757724085","error":""},"_links":{"self":[{"href":"https:\/\/www.europesays.com\/fr\/wp-json\/wp\/v2\/posts\/14421","targetHints":{"allow":["GET"]}}],"collection":[{"href":"https:\/\/www.europesays.com\/fr\/wp-json\/wp\/v2\/posts"}],"about":[{"href":"https:\/\/www.europesays.com\/fr\/wp-json\/wp\/v2\/types\/post"}],"author":[{"embeddable":true,"href":"https:\/\/www.europesays.com\/fr\/wp-json\/wp\/v2\/users\/2"}],"replies":[{"embeddable":true,"href":"https:\/\/www.europesays.com\/fr\/wp-json\/wp\/v2\/comments?post=14421"}],"version-history":[{"count":0,"href":"https:\/\/www.europesays.com\/fr\/wp-json\/wp\/v2\/posts\/14421\/revisions"}],"wp:featuredmedia":[{"embeddable":true,"href":"https:\/\/www.europesays.com\/fr\/wp-json\/wp\/v2\/media\/14422"}],"wp:attachment":[{"href":"https:\/\/www.europesays.com\/fr\/wp-json\/wp\/v2\/media?parent=14421"}],"wp:term":[{"taxonomy":"category","embeddable":true,"href":"https:\/\/www.europesays.com\/fr\/wp-json\/wp\/v2\/categories?post=14421"},{"taxonomy":"post_tag","embeddable":true,"href":"https:\/\/www.europesays.com\/fr\/wp-json\/wp\/v2\/tags?post=14421"}],"curies":[{"name":"wp","href":"https:\/\/api.w.org\/{rel}","templated":true}]}}