{"id":144215,"date":"2025-06-01T14:18:12","date_gmt":"2025-06-01T14:18:12","guid":{"rendered":"https:\/\/www.europesays.com\/fr\/144215\/"},"modified":"2025-06-01T14:18:12","modified_gmt":"2025-06-01T14:18:12","slug":"un-nouveau-salon-de-the-entre-tradition-et-modernite","status":"publish","type":"post","link":"https:\/\/www.europesays.com\/fr\/144215\/","title":{"rendered":"un nouveau salon de th\u00e9 entre tradition et modernit\u00e9"},"content":{"rendered":"<p>            Par<br \/>\n        <strong><br \/>\n            <a href=\"https:\/\/actu.fr\/auteur\/lea-afonso\" title=\"Consulter tous les articles de L\u00e9a Afonso\" target=\"_blank\" rel=\"noopener\">L\u00e9a Afonso<\/a><br \/>\n        <\/strong><\/p>\n<p>        Publi\u00e9 le<\/p>\n<p>            1 juin 2025 \u00e0 15h44        <\/p>\n<p>\u00c0 seulement 26\u00a0ans, <strong>Orlane<\/strong>, dipl\u00f4m\u00e9e d\u2019une \u00e9cole de commerce, a concr\u00e9tis\u00e9 son r\u00eave d\u2019enfant\u2009: ouvrir son propre salon de th\u00e9 en plein c\u0153ur de <a href=\"https:\/\/actu.fr\/toulouse\/\" target=\"_blank\" rel=\"noopener\">Toulouse<\/a>, le 21\u00a0mai 2025. Situ\u00e9 <strong>entre la Daurade et Saint-Pierre<\/strong>, Sh\u00e9 Orlane \u2014 contraction de son pr\u00e9nom et de celui de sa m\u00e8re Sh\u00e9h\u00e9razade \u2014 est bien plus qu\u2019un simple lieu de d\u00e9tente\u2009: c\u2019est une d\u00e9claration d\u2019amour \u00e0 ses souvenirs d\u2019enfance, \u00e0 la r\u00e9silience, et \u00e0 la gourmandise. Rencontre.<\/p>\n<p>    <a href=\"https:\/\/www.google.com\/maps\/embed?pb=!1m18!1m12!1m3!1d2889.184626956074!2d1.4373079!3d43.602697299999996!2m3!1f0!2f0!3f0!3m2!1i1024!2i768!4f13.1!3m3!1m2!1s0x12aebd986391f5a9%3A0xc4a7b4c4d48a55a3!2sSh%C3%A9%20Orlane!5e0!3m2!1sfr!2sfr!4v1748601804822!5m2!1sfr!2sfr\" title=\"Ouvrie le lien\" target=\"_blank\" rel=\"noopener\">Cliquez ici pour visualiser le contenu<\/a><\/p>\n<p>Un projet pens\u00e9 de A \u00e0 Z<\/p>\n<p class=\" wall-content\">L\u2019histoire de Sh\u00e9 Orlane commence bien avant l\u2019ouverture. \u00ab\u2009<strong>\u00c7a fait deux ans que je suis sur ce projet<\/strong>. J\u2019avais d\u00e9j\u00e0 eu quelques vues sur un local aux Carmes, mais \u00e7a n\u2019a pas fonctionn\u00e9. J\u2019ai eu beaucoup de hauts et de bas\u2009\u00bb, confie Orlane. Le financement, la recherche d\u2019un lieu adapt\u00e9, les refus de derni\u00e8re minute\u2009: chaque obstacle aurait pu d\u00e9courager\u2026 mais pas elle\u2009!<\/p>\n<p class=\" wall-content\">\u00ab\u2009Alors quand je suis rentr\u00e9e dans ce local rue des Blanchers, j\u2019ai eu un coup de c\u0153ur. Les <strong>briques toulousaines<\/strong>, <strong>l\u2019ambiance<\/strong>, <strong>tout correspondait<\/strong> \u00e0 la d\u00e9co que je pr\u00e9voyais, port\u00e9e sur le beige, le chocolat, le dor\u00e9 et le vert. Je savais que c\u2019\u00e9tait ici\u2009\u00bb. Apr\u00e8s de nombreux travaux faits elle-m\u00eame, des <strong>objets chin\u00e9s dans les brocantes<\/strong> toulousaines et au Portugal, la jeune femme ouvre enfin les lieux.<\/p>\n<p>    <img   decoding=\"async\" loading=\"lazy\" src=\"https:\/\/www.europesays.com\/fr\/wp-content\/uploads\/2025\/06\/img-2868-960x640.jpeg\" alt=\"Une ambiance cosy avec des objets chin\u00e9s et des couleurs fortes. \" width=\"960\" height=\"640\"\/><br \/>\n    Une ambiance cosy avec des objets chin\u00e9s et des couleurs fortes. (\u00a9L\u00e9a Afonso \/ Actu Toulouse)Un salon de th\u00e9, mais surtout un hommage<\/p>\n<p class=\" wall-content\">C\u2019est dans ce cadre chaleureux, pens\u00e9 dans les moindres d\u00e9tails, qu\u2019Orlane a voulu <strong>recr\u00e9er l\u2019atmosph\u00e8re des go\u00fbters que sa m\u00e8re lui pr\u00e9parait<\/strong>\u2009: \u00ab\u2009C\u2019est mon id\u00e9e, mais c\u2019est beaucoup de souvenirs. Je veux que mes clients ressentent cette ambiance authentique et conviviale que j\u2019ai connue petite, dans la d\u00e9co comme dans la nourriture.\u2009\u00bb<\/p>\n<p class=\" wall-content\">Jusque dans le <strong>logo<\/strong>, le salon raconte <strong>l\u2019histoire entre cette m\u00e8re et cette fille<\/strong>\u2009: \u00ab\u2009C\u2019est ma maman qui me donne un g\u00e2teau. Elle m\u2019a transmis l\u2019envie, l\u2019impulsion. Sur le dessin, c\u2019est comme si elle m\u2019avait dit un jour\u2009: \u2018 je te donne un peu les cl\u00e9s pour que tu y arrives\u2019.\u202f\u00bb<\/p>\n<p>Une carte maison<br \/>\n    <img   decoding=\"async\" loading=\"lazy\" src=\"https:\/\/www.europesays.com\/fr\/wp-content\/uploads\/2025\/06\/img-2871-1-960x640.jpeg\" alt=\"Des boissons en tous genres \u00e0 d\u00e9couvrir chez Sh\u00e9 Orlane.\" width=\"960\" height=\"640\"\/><br \/>\n    Des boissons en tous genres \u00e0 d\u00e9couvrir chez Sh\u00e9 Orlane. (\u00a9L\u00e9a Afonso \/ Actu Toulouse)<\/p>\n<p class=\" wall-content\">Pens\u00e9 comme un cocon \u00ab\u2009chic et cosy\u2009\u00bb, Sh\u00e9 Orlane propose une carte maison\u2009: \u00ab\u2009<strong>je fais tout moi-m\u00eame, du sal\u00e9 (les salades, les tartines) au sucr\u00e9<\/strong>. Je veux que ma carte \u00e9volue en fonction des saisons, des fruits, des l\u00e9gumes\u2026 Je propose par exemple un g\u00e2teau du jour, qui n\u2019est jamais le m\u00eame, pour que je puisse faire comme bon me semble. C\u2019est beaucoup de travail, mais la passion prend le dessus. J\u2019adore, c\u2019est challengeant.\u2009\u00bb<\/p>\n<p class=\" wall-content\">Parmi les incontournables\u2009: <strong>cookies pistache, tarte citron, myrtille<\/strong>, et bient\u00f4t, \u00ab\u2009le <strong>tiramisu<\/strong> <strong>de maman<\/strong>\u2009\u00bb qui lui restera toujours sur la carte. \u00ab\u2009C\u2019est la recette de ma maman, celui qu\u2019elle m\u2019a toujours fait. Hier, elle en a pr\u00e9par\u00e9 un pour le salon et il n\u2019en est pas rest\u00e9 une miette. Elle m\u2019a montr\u00e9 la recette que je veux perfectionner avant de la mettre \u00e0 la carte\u2009\u00bb.<\/p>\n<p class=\" wall-content\">\u00ab\u2009L\u2019id\u00e9e, c\u2019est de toujours proposer ce que j\u2019aime, ce que je mangerais si j\u2019\u00e9tais cliente\u2009\u00bb. Le dimanche, la jeune femme fait un brunch complet \u00e0 26\u20ac, comprenant une assiette copieuse, une boisson et un g\u00e2teau au choix.<\/p>\n<p>Une vision diff\u00e9rente du salon de th\u00e9<\/p>\n<p class=\" wall-content\">Orlane ne cherche pas \u00e0 faire comme les autres. Sa volont\u00e9\u2009? Cr\u00e9er un lieu de rendez-vous, de fid\u00e9lit\u00e9, mais aussi innover. La <strong>jeune femme suit les tendances<\/strong> avec des boissons telles que le <strong>matcha framboise ou les iced lattes pistache, sp\u00e9culoos ou framboise.<\/strong><\/p>\n<p>    <img   decoding=\"async\" loading=\"lazy\" src=\"https:\/\/www.europesays.com\/fr\/wp-content\/uploads\/2025\/06\/img-2880-960x640.jpeg\" alt=\"Emporter son smoothie, son caf\u00e9 ou son match dans une canette : une nouveaut\u00e9 qu'Orlane voulait apporter \u00e0 Toulouse.\" width=\"960\" height=\"640\"\/><br \/>\n    Emporter son smoothie, son caf\u00e9 ou son match dans une canette\u2009: une nouveaut\u00e9 qu\u2019Orlane voulait apporter \u00e0 Toulouse. (\u00a9L\u00e9a Afonso \/ Actu Toulouse)<\/p>\n<p class=\" wall-content\">Le tout pouvant \u00eatre <strong>emport\u00e9 dans des canettes<\/strong>. \u00ab\u2009\u00c0 Toulouse, \u00e7a ne se fait pas du tout. C\u2019est vraiment une envie de proposer quelque chose de diff\u00e9rent.\u2009\u00bb<\/p>\n<p>Un d\u00e9but tout en douceur<\/p>\n<p class=\" wall-content\">Le salon n\u2019en est qu\u2019\u00e0 ses d\u00e9buts, et Orlane savoure chaque \u00e9tape\u2009: \u00ab\u2009Je suis contente que \u00e7a d\u00e9marre doucement. \u00c7a me permet de m\u2019adapter, d\u2019apprendre \u00e0 bien servir mes clients.\u2009\u00bb Mais la jeune femme ne compte pas s\u2019arr\u00eater l\u00e0 et a d\u00e9j\u00e0 des projets plein la t\u00eate pour l\u2019avenir.<\/p>\n<p class=\" wall-content\">Suivez toute l\u2019actualit\u00e9 de vos villes et m\u00e9dias favoris en vous inscrivant \u00e0 <a href=\"https:\/\/moncompte.actu.fr\" title=\"D\u00e9couvez Mon Actu\" rel=\"nofollow noopener\" data-trk=\"{&quot;cta&quot;:{&quot;action&quot;:&quot;https:\\\/\\\/moncompte.actu.fr&quot;,&quot;category&quot;:&quot;mon compte&quot;,&quot;from&quot;:&quot;article footer&quot;,&quot;name&quot;:&quot;Mon actu&quot;,&quot;type&quot;:&quot;cta&quot;}}\" target=\"_blank\">Mon Actu<\/a>.<\/p>\n","protected":false},"excerpt":{"rendered":"Par L\u00e9a Afonso Publi\u00e9 le 1 juin 2025 \u00e0 15h44 \u00c0 seulement 26\u00a0ans, Orlane, dipl\u00f4m\u00e9e d\u2019une \u00e9cole de&hellip;\n","protected":false},"author":2,"featured_media":144216,"comment_status":"","ping_status":"","sticky":false,"template":"","format":"standard","meta":{"footnotes":""},"categories":[2816],"tags":[1111,11,215,1777,674,1011,27,1652,12,2849,2680,25,1341,2312],"class_list":{"0":"post-144215","1":"post","2":"type-post","3":"status-publish","4":"format-standard","5":"has-post-thumbnail","7":"category-toulouse","8":"tag-actu","9":"tag-actualites","10":"tag-commerce","11":"tag-eu","12":"tag-europe","13":"tag-fr","14":"tag-france","15":"tag-loisirs-culture","16":"tag-news","17":"tag-nouveaux-commerces-a-toulouse","18":"tag-occitanie","19":"tag-republique-francaise","20":"tag-sortir-a-toulouse","21":"tag-toulouse"},"share_on_mastodon":{"url":"https:\/\/pubeurope.com\/@fr\/114608544467735832","error":""},"_links":{"self":[{"href":"https:\/\/www.europesays.com\/fr\/wp-json\/wp\/v2\/posts\/144215","targetHints":{"allow":["GET"]}}],"collection":[{"href":"https:\/\/www.europesays.com\/fr\/wp-json\/wp\/v2\/posts"}],"about":[{"href":"https:\/\/www.europesays.com\/fr\/wp-json\/wp\/v2\/types\/post"}],"author":[{"embeddable":true,"href":"https:\/\/www.europesays.com\/fr\/wp-json\/wp\/v2\/users\/2"}],"replies":[{"embeddable":true,"href":"https:\/\/www.europesays.com\/fr\/wp-json\/wp\/v2\/comments?post=144215"}],"version-history":[{"count":0,"href":"https:\/\/www.europesays.com\/fr\/wp-json\/wp\/v2\/posts\/144215\/revisions"}],"wp:featuredmedia":[{"embeddable":true,"href":"https:\/\/www.europesays.com\/fr\/wp-json\/wp\/v2\/media\/144216"}],"wp:attachment":[{"href":"https:\/\/www.europesays.com\/fr\/wp-json\/wp\/v2\/media?parent=144215"}],"wp:term":[{"taxonomy":"category","embeddable":true,"href":"https:\/\/www.europesays.com\/fr\/wp-json\/wp\/v2\/categories?post=144215"},{"taxonomy":"post_tag","embeddable":true,"href":"https:\/\/www.europesays.com\/fr\/wp-json\/wp\/v2\/tags?post=144215"}],"curies":[{"name":"wp","href":"https:\/\/api.w.org\/{rel}","templated":true}]}}