{"id":144221,"date":"2025-06-01T14:22:11","date_gmt":"2025-06-01T14:22:11","guid":{"rendered":"https:\/\/www.europesays.com\/fr\/144221\/"},"modified":"2025-06-01T14:22:11","modified_gmt":"2025-06-01T14:22:11","slug":"le-4-juin-1989-200-marseillais-nageaient-dans-les-eaux-du-frioul-pour-le-challenge-edmond-dantes","status":"publish","type":"post","link":"https:\/\/www.europesays.com\/fr\/144221\/","title":{"rendered":"Le 4\u00a0juin\u00a01989, 200 Marseillais nageaient dans les eaux du Frioul pour le Challenge Edmond Dant\u00e8s"},"content":{"rendered":"<p>Relier <a href=\"https:\/\/www.laprovence.com\/article\/tourisme\/98586106372442\/au-chateau-d-if-debut-d-un-chantier-xxl-et-recherche-d-un-nouveau-restaurateur\" target=\"_blank\" rel=\"nofollow noopener\">le Ch\u00e2teau d\u2019If<\/a> aux plages marseillaises par la nage, l\u2019id\u00e9e n\u2019est pas nouvelle. Bien avant le lancement du D\u00e9fi Monte-Cristo, une course nomm\u00e9e le Challenge Edmond Dant\u00e8s ouvrait la voie aux Marseillais adeptes de nage libre. Devenu la plus grande course de natation en eau libre du monde, le D\u00e9fi Monte-Cristo est inspir\u00e9 de ce challenge lanc\u00e9 dans les ann\u00e9es\u00a080.<\/p>\n<p>Et, le 4\u00a0juin\u00a01989, pr\u00e8s de 200 Marseillais adeptes de nage s\u2019\u00e9lan\u00e7aient du Ch\u00e2teau d\u2019If pour la toute premi\u00e8re \u00e9dition de cet \u00e9v\u00e9nement. \u00c0 l\u2019\u00e9poque, la course reliait la c\u00e9l\u00e8bre forteresse prison au quai de la Fraternit\u00e9, dans le Vieux-Port, sur une distance de 3\u00a0850 m\u00e8tres.<\/p>\n<p>6\u00a0200 participants en\u00a02024<\/p>\n<p>Imagin\u00e9 par Ren\u00e9 Giancarli, directeur du Samu Social de la Ville de Marseille, et le patron de la S\u00e9curit\u00e9 publique de l\u2019\u00e9poque, Claude Martinez, le Challenge Edmond Dant\u00e8s avait pour but de c\u00e9l\u00e9brer le bicentenaire de la R\u00e9volution fran\u00e7aise. L\u2019\u00e9v\u00e9nement \u00e9tait encadr\u00e9 par \u00ab\u00a0une centaine de fonctionnaires\u00a0de police, une trentaine de bateaux de s\u00e9curit\u00e9 du CMV et du\u00a0CNTL, trois antennes du Samu, une dizaine de m\u00e9decins et\u00a0d\u2019infirmiers, et m\u00eame un h\u00e9licopt\u00e8re de la s\u00e9curit\u00e9 civile\u00a0\u00bb, rapportait La Provence dans son \u00e9dition du 27\u00a0juin\u00a02017.<\/p>\n<p>Aujourd\u2019hui, la course Monte-Cristo rassemble encore plus de participants avec plus de 6\u00a0200 nageurs \u00e0 l\u2019eau en\u00a02024. Cette ann\u00e9e, <a href=\"https:\/\/www.laprovence.com\/article\/sortie-loisirs\/30903949008572\/le-defi-de-monte-cristo-revient-a-marseille-en-juin\" target=\"_blank\" rel=\"nofollow noopener\">le D\u00e9fi Monte-Cristo revient pour sa 27e \u00e9dition du 6 au 8\u00a0juin et du 14 au 15\u00a0juin.<\/a><\/p>\n","protected":false},"excerpt":{"rendered":"Relier le Ch\u00e2teau d\u2019If aux plages marseillaises par la nage, l\u2019id\u00e9e n\u2019est pas nouvelle. Bien avant le lancement&hellip;\n","protected":false},"author":2,"featured_media":144222,"comment_status":"","ping_status":"","sticky":false,"template":"","format":"standard","meta":{"footnotes":""},"categories":[2814],"tags":[10546,17,27259,1111,11,1446,27261,1777,674,1011,27,151,761,884,27260,12,882,16,25],"class_list":{"0":"post-144221","1":"post","2":"type-post","3":"status-publish","4":"format-standard","5":"has-post-thumbnail","7":"category-marseille","8":"tag-10546","9":"tag-17","10":"tag-4-juin-1989","11":"tag-actu","12":"tag-actualites","13":"tag-dans","14":"tag-eaux","15":"tag-eu","16":"tag-europe","17":"tag-fr","18":"tag-france","19":"tag-les","20":"tag-marseillais","21":"tag-marseille","22":"tag-nageaient","23":"tag-news","24":"tag-provence-alpes-cote-dazur","25":"tag-region","26":"tag-republique-francaise"},"share_on_mastodon":{"url":"https:\/\/pubeurope.com\/@fr\/114608560110574554","error":""},"_links":{"self":[{"href":"https:\/\/www.europesays.com\/fr\/wp-json\/wp\/v2\/posts\/144221","targetHints":{"allow":["GET"]}}],"collection":[{"href":"https:\/\/www.europesays.com\/fr\/wp-json\/wp\/v2\/posts"}],"about":[{"href":"https:\/\/www.europesays.com\/fr\/wp-json\/wp\/v2\/types\/post"}],"author":[{"embeddable":true,"href":"https:\/\/www.europesays.com\/fr\/wp-json\/wp\/v2\/users\/2"}],"replies":[{"embeddable":true,"href":"https:\/\/www.europesays.com\/fr\/wp-json\/wp\/v2\/comments?post=144221"}],"version-history":[{"count":0,"href":"https:\/\/www.europesays.com\/fr\/wp-json\/wp\/v2\/posts\/144221\/revisions"}],"wp:featuredmedia":[{"embeddable":true,"href":"https:\/\/www.europesays.com\/fr\/wp-json\/wp\/v2\/media\/144222"}],"wp:attachment":[{"href":"https:\/\/www.europesays.com\/fr\/wp-json\/wp\/v2\/media?parent=144221"}],"wp:term":[{"taxonomy":"category","embeddable":true,"href":"https:\/\/www.europesays.com\/fr\/wp-json\/wp\/v2\/categories?post=144221"},{"taxonomy":"post_tag","embeddable":true,"href":"https:\/\/www.europesays.com\/fr\/wp-json\/wp\/v2\/tags?post=144221"}],"curies":[{"name":"wp","href":"https:\/\/api.w.org\/{rel}","templated":true}]}}