{"id":144225,"date":"2025-06-01T14:24:13","date_gmt":"2025-06-01T14:24:13","guid":{"rendered":"https:\/\/www.europesays.com\/fr\/144225\/"},"modified":"2025-06-01T14:24:13","modified_gmt":"2025-06-01T14:24:13","slug":"on-essaye-de-creer-cette-ambiance-un-peu-plus-festivaliere","status":"publish","type":"post","link":"https:\/\/www.europesays.com\/fr\/144225\/","title":{"rendered":"\u00ab\u00a0On essaye de cr\u00e9er cette ambiance un peu plus festivali\u00e8re\u00a0\u00bb"},"content":{"rendered":"<p>C\u2019est parti pour le show. Les Nuits de Fourvi\u00e8re entament ce lundi au th\u00e9\u00e2tre romain de Fourvi\u00e8re deux mois d\u2019une grande intensit\u00e9 artistique, sur la colline et dans les multiples lieux partenaires.<\/p>\n<p>Emmanuelle Durand et Vincent Anglade, nomm\u00e9s \u00e0 la t\u00eate du festival en 2022, \u00e9voquent les contours de cette nouvelle \u00e9dition <a href=\"https:\/\/www.leprogres.fr\/culture-loisirs\/2025\/03\/12\/clara-luciani-kool-and-the-gang-oxmo-puccino-decouvrez-la-programmation-des-nuits-de-fourviere\" target=\"_blank\" rel=\"nofollow noopener\">riche en concerts d\u2019envergure<\/a> mais aussi tr\u00e8s attentive \u00e0 de nombreuses autres disciplines artistiques (danse, cirque, th\u00e9\u00e2tre\u2026)<\/p>\n<blockquote class=\"question\"><p>Les Nuits de Fourvi\u00e8re s\u2019ouvrent dans un contexte de contraintes budg\u00e9taires g\u00e9n\u00e9ralis\u00e9es \u00e0 tout le monde de la culture. Comment le festival traverse-t-il cette p\u00e9riode\u00a0?<\/p><\/blockquote>\n<p>Emmanuelle Durand\u00a0: \u00ab\u00a0On n\u2019a pas \u00e9t\u00e9 \u00e9pargn\u00e9s <a href=\"https:\/\/www.leprogres.fr\/politique\/2025\/02\/17\/la-metropole-de-lyon-baisse-ses-subventions-a-ces-acteurs-culturels-une-variable-d-ajustement-denonce-l-opposition\" target=\"_blank\" rel=\"nofollow noopener\">comme beaucoup de monde dans le milieu culturel<\/a>, avec une baisse de subvention de la M\u00e9tropole de&#8230;<\/p>\n","protected":false},"excerpt":{"rendered":"C\u2019est parti pour le show. Les Nuits de Fourvi\u00e8re entament ce lundi au th\u00e9\u00e2tre romain de Fourvi\u00e8re deux&hellip;\n","protected":false},"author":2,"featured_media":144226,"comment_status":"","ping_status":"","sticky":false,"template":"","format":"standard","meta":{"footnotes":""},"categories":[1889],"tags":[1111,11,2430,1687,2757,1777,674,107,1011,27,2428,2756,12,25,2429,4604,3140],"class_list":{"0":"post-144225","1":"post","2":"type-post","3":"status-publish","4":"format-standard","5":"has-post-thumbnail","7":"category-lyon","8":"tag-actu","9":"tag-actualites","10":"tag-auvergne-rhone-alpes","11":"tag-culture-loisirs","12":"tag-edition-lyon-villeurbanne","13":"tag-eu","14":"tag-europe","15":"tag-fil-info","16":"tag-fr","17":"tag-france","18":"tag-lyon","19":"tag-lyon-bassin","20":"tag-news","21":"tag-republique-francaise","22":"tag-rhone","23":"tag-selection-abonne","24":"tag-spectacle"},"share_on_mastodon":{"url":"https:\/\/pubeurope.com\/@fr\/114608567977173697","error":""},"_links":{"self":[{"href":"https:\/\/www.europesays.com\/fr\/wp-json\/wp\/v2\/posts\/144225","targetHints":{"allow":["GET"]}}],"collection":[{"href":"https:\/\/www.europesays.com\/fr\/wp-json\/wp\/v2\/posts"}],"about":[{"href":"https:\/\/www.europesays.com\/fr\/wp-json\/wp\/v2\/types\/post"}],"author":[{"embeddable":true,"href":"https:\/\/www.europesays.com\/fr\/wp-json\/wp\/v2\/users\/2"}],"replies":[{"embeddable":true,"href":"https:\/\/www.europesays.com\/fr\/wp-json\/wp\/v2\/comments?post=144225"}],"version-history":[{"count":0,"href":"https:\/\/www.europesays.com\/fr\/wp-json\/wp\/v2\/posts\/144225\/revisions"}],"wp:featuredmedia":[{"embeddable":true,"href":"https:\/\/www.europesays.com\/fr\/wp-json\/wp\/v2\/media\/144226"}],"wp:attachment":[{"href":"https:\/\/www.europesays.com\/fr\/wp-json\/wp\/v2\/media?parent=144225"}],"wp:term":[{"taxonomy":"category","embeddable":true,"href":"https:\/\/www.europesays.com\/fr\/wp-json\/wp\/v2\/categories?post=144225"},{"taxonomy":"post_tag","embeddable":true,"href":"https:\/\/www.europesays.com\/fr\/wp-json\/wp\/v2\/tags?post=144225"}],"curies":[{"name":"wp","href":"https:\/\/api.w.org\/{rel}","templated":true}]}}