{"id":144231,"date":"2025-06-01T14:29:10","date_gmt":"2025-06-01T14:29:10","guid":{"rendered":"https:\/\/www.europesays.com\/fr\/144231\/"},"modified":"2025-06-01T14:29:10","modified_gmt":"2025-06-01T14:29:10","slug":"300-passagers-dun-ter-strasbourg-paris-passent-la-nuit-dans-le-train-a-cause-dune-panne","status":"publish","type":"post","link":"https:\/\/www.europesays.com\/fr\/144231\/","title":{"rendered":"300 passagers d\u2019un TER Strasbourg-Paris passent la nuit dans le train \u00e0 cause d\u2019une panne"},"content":{"rendered":"<p><strong>train du sommeil &#8211; A cause d\u2019un train de marchandises tomb\u00e9 en panne vers Vitry-le-Fran\u00e7ois, dans la Marne, un TER circulant entre Strasbourg et Paris a mis onze heures pour arriver \u00e0 destination. 300 passagers ont pass\u00e9 la nuit dans la rame faute de place en h\u00f4tel<\/strong><\/p>\n<p>Quelque 300 passagers d\u2019un TER Strasbourg-Paris ont mis onze heures pour arriver \u00e0 destination vendredi, \u00e0 cause d\u2019un <a href=\"https:\/\/www.20minutes.fr\/dossier\/train?at_medium=RSS%20feed&amp;at_campaign=ynews&amp;utm_source=yahoo&amp;utm_medium=rss&amp;utm_campaign=news_feed&amp;utm_content=in_article_link\" rel=\"nofollow noopener\" target=\"_blank\" data-ylk=\"slk:train;elm:context_link;itc:0;sec:content-canvas\" class=\"link \">train<\/a> de marchandises tomb\u00e9 en panne vers Vitry-le-Fran\u00e7ois, dans la Marne, <a href=\"https:\/\/www.francebleu.fr\/infos\/transports\/300-passagers-du-ter-paris-strasbourg-bloques-toute-une-nuit-a-cause-d-une-panne-en-champagne-ardenne-4375422?at_medium=RSS%20feed&amp;at_campaign=ynews&amp;utm_source=yahoo&amp;utm_medium=rss&amp;utm_campaign=news_feed&amp;utm_content=in_article_link\" rel=\"nofollow noopener\" target=\"_blank\" data-ylk=\"slk:rapporte Ici Champagne Ardenne.;elm:context_link;itc:0;sec:content-canvas\" class=\"link \">rapporte Ici Champagne Ardenne.<\/a> Tous les <a href=\"https:\/\/www.20minutes.fr\/dossier\/ter?at_medium=RSS%20feed&amp;at_campaign=ynews&amp;utm_source=yahoo&amp;utm_medium=rss&amp;utm_campaign=news_feed&amp;utm_content=in_article_link\" rel=\"nofollow noopener\" target=\"_blank\" data-ylk=\"slk:TER;elm:context_link;itc:0;sec:content-canvas\" class=\"link \">TER <\/a>entre Saint-Dizier et Ch\u00e2lons-en-Champagne ont \u00e9t\u00e9 interrompus et les 300 passagers du Strasbourg-Paris ont pass\u00e9 la nuit \u00e0 bord, faute d\u2019autre solution.<\/p>\n<p>Retour \u00e0 Nancy et nuit dans le train<\/p>\n<p>Le TER est rest\u00e9 bloqu\u00e9 en gare de Bar-le-Duc (Meuse) mais une fois le train de marchandise remorqu\u00e9, un nouveau probl\u00e8me s&rsquo;est pos\u00e9\u00a0: le tron\u00e7on que le TER devrait emprunter est en travaux la nuit. Et, cerise sur le g\u00e2teau, vu la localisation, impossible de trouver suffisamment de chambres d\u2019h\u00f4tel. R\u00e9sultat\u00a0: le train rebrousse chemin jusqu\u2019\u00e0 <a href=\"https:\/\/www.20minutes.fr\/dossier\/nancy?at_medium=RSS%20feed&amp;at_campaign=ynews&amp;utm_source=yahoo&amp;utm_medium=rss&amp;utm_campaign=news_feed&amp;utm_content=in_article_link\" rel=\"nofollow noopener\" target=\"_blank\" data-ylk=\"slk:Nancy;elm:context_link;itc:0;sec:content-canvas\" class=\"link \">Nancy<\/a>.<\/p>\n<p>Seules deux familles ont pu \u00eatre transport\u00e9es en taxi de Nancy \u00e0 Paris Est. Le reste des passagers a \u00e9t\u00e9 accueilli dans une rame par les \u00e9quipes de nuit avec bouteille d\u2019eau et plateau-repas. Le train a red\u00e9marr\u00e9 au petit matin, \u00e0 5h45.<\/p>\n<p>Pour le remboursement des billets, les passagers du TER devront se tourner vers la r\u00e9gion, a pr\u00e9cis\u00e9 la SNCF, qui a pr\u00e9sent\u00e9 ses \u00ab\u00a0excuses\u00a0\u00bb pour la g\u00eane occasionn\u00e9e.<\/p>\n<p><a href=\"https:\/\/www.20minutes.fr\/faits_divers\/4156313-20250601-meuse-300-passagers-ter-strrasbourg-paris-passent-nuit-train-cause-panne?at_medium=RSS%20feed&amp;at_campaign=ynews&amp;utm_source=yahoo&amp;utm_medium=rss&amp;utm_campaign=news_feed&amp;utm_content=read_more_link&quot;\" rel=\"nofollow noopener\" target=\"_blank\" data-ylk=\"slk:Lire la suite sur 20minutes;elm:context_link;itc:0;sec:content-canvas\" class=\"link \">Lire la suite sur 20minutes<\/a><\/p>\n<p>\u00c0 lire aussi :<br \/><a href=\"https:\/\/www.20minutes.fr\/faits_divers\/4142984-20250311-loiret-femme-accouche-train-clermont-paris-arret-urgence-organise-montargis?at_medium=RSS%20feed&amp;at_campaign=ynews&amp;utm_source=yahoo&amp;utm_medium=rss&amp;utm_campaign=news_feed&amp;utm_content=related_content_link\" rel=\"nofollow noopener\" target=\"_blank\" data-ylk=\"slk:Loiret\u00a0: Une femme accouche dans un train Clermont-Paris, un arr\u00eat d\u2019urgence organis\u00e9 \u00e0 Montargis;elm:context_link;itc:0;sec:content-canvas\" class=\"link \">Loiret\u00a0: Une femme accouche dans un train Clermont-Paris, un arr\u00eat d\u2019urgence organis\u00e9 \u00e0 Montargis<\/a><br \/><a href=\"https:\/\/www.20minutes.fr\/faits_divers\/4154686-20250521-landes-bebe-laisse-seul-voiture-mere-piegee-train?at_medium=RSS%20feed&amp;at_campaign=ynews&amp;utm_source=yahoo&amp;utm_medium=rss&amp;utm_campaign=news_feed&amp;utm_content=related_content_link\" rel=\"nofollow noopener\" target=\"_blank\" data-ylk=\"slk:Landes\u00a0: Un b\u00e9b\u00e9 laiss\u00e9 seul dans une voiture, sa m\u00e8re pi\u00e9g\u00e9e dans un train;elm:context_link;itc:0;sec:content-canvas\" class=\"link \">Landes\u00a0: Un b\u00e9b\u00e9 laiss\u00e9 seul dans une voiture, sa m\u00e8re pi\u00e9g\u00e9e dans un train<\/a><\/p>\n","protected":false},"excerpt":{"rendered":"train du sommeil &#8211; A cause d\u2019un train de marchandises tomb\u00e9 en panne vers Vitry-le-Fran\u00e7ois, dans la Marne,&hellip;\n","protected":false},"author":2,"featured_media":144232,"comment_status":"","ping_status":"","sticky":false,"template":"","format":"standard","meta":{"footnotes":""},"categories":[1888],"tags":[1111,1928,11,1927,1777,674,1011,27,27264,12,1926,626,1925,25,640,27262,926,27265,27263],"class_list":{"0":"post-144231","1":"post","2":"type-post","3":"status-publish","4":"format-standard","5":"has-post-thumbnail","7":"category-paris","8":"tag-actu","9":"tag-actu-paris","10":"tag-actualites","11":"tag-actualites-paris","12":"tag-eu","13":"tag-europe","14":"tag-fr","15":"tag-france","16":"tag-la-marne","17":"tag-news","18":"tag-news-paris","19":"tag-paris","20":"tag-paris-news","21":"tag-republique-francaise","22":"tag-strasbourg","23":"tag-strasbourg-paris","24":"tag-train","25":"tag-train-de-marchandises","26":"tag-vitry-le-francois"},"share_on_mastodon":{"url":"https:\/\/pubeurope.com\/@fr\/114608587623862597","error":""},"_links":{"self":[{"href":"https:\/\/www.europesays.com\/fr\/wp-json\/wp\/v2\/posts\/144231","targetHints":{"allow":["GET"]}}],"collection":[{"href":"https:\/\/www.europesays.com\/fr\/wp-json\/wp\/v2\/posts"}],"about":[{"href":"https:\/\/www.europesays.com\/fr\/wp-json\/wp\/v2\/types\/post"}],"author":[{"embeddable":true,"href":"https:\/\/www.europesays.com\/fr\/wp-json\/wp\/v2\/users\/2"}],"replies":[{"embeddable":true,"href":"https:\/\/www.europesays.com\/fr\/wp-json\/wp\/v2\/comments?post=144231"}],"version-history":[{"count":0,"href":"https:\/\/www.europesays.com\/fr\/wp-json\/wp\/v2\/posts\/144231\/revisions"}],"wp:featuredmedia":[{"embeddable":true,"href":"https:\/\/www.europesays.com\/fr\/wp-json\/wp\/v2\/media\/144232"}],"wp:attachment":[{"href":"https:\/\/www.europesays.com\/fr\/wp-json\/wp\/v2\/media?parent=144231"}],"wp:term":[{"taxonomy":"category","embeddable":true,"href":"https:\/\/www.europesays.com\/fr\/wp-json\/wp\/v2\/categories?post=144231"},{"taxonomy":"post_tag","embeddable":true,"href":"https:\/\/www.europesays.com\/fr\/wp-json\/wp\/v2\/tags?post=144231"}],"curies":[{"name":"wp","href":"https:\/\/api.w.org\/{rel}","templated":true}]}}