{"id":144250,"date":"2025-06-01T14:39:11","date_gmt":"2025-06-01T14:39:11","guid":{"rendered":"https:\/\/www.europesays.com\/fr\/144250\/"},"modified":"2025-06-01T14:39:11","modified_gmt":"2025-06-01T14:39:11","slug":"en-direct-psg-champion-deurope-les-parisiens-ont-atterri-a-roissy-les-supporters-les-attendent-aux-champs-elysees","status":"publish","type":"post","link":"https:\/\/www.europesays.com\/fr\/144250\/","title":{"rendered":"EN DIRECT &#8211; PSG champion d\u2019Europe : les Parisiens ont atterri \u00e0 Roissy, les supporters les attendent aux Champs-\u00c9lys\u00e9es"},"content":{"rendered":"<p>\n        16:28\n            <\/p>\n<p class=\"fig-live-post__title\" role=\"heading\" aria-level=\"3\">Les joueurs descendent de l\u2019avion avec le troph\u00e9e<\/p>\n<p class=\"fig-paragraph\">Le capitaine du PSG, Marquinhos, et le pr\u00e9sident du club Nasser Al-Khela\u00effi descendent de l\u2019avion en tenant le troph\u00e9e de la Ligue des champions.<\/p>\n<p>\n        16:21\n            <\/p>\n<p class=\"fig-live-post__title\" role=\"heading\" aria-level=\"3\">Quelle est la suite du programme ?<\/p>\n<p class=\"fig-paragraph\">Les joueurs du PSG paraderont sur les Champs-\u00c9lys\u00e9es \u00e0 partir de 17h. Deux bus \u00e0 imp\u00e9riale ont \u00e9t\u00e9 pr\u00e9par\u00e9s pour cela.<\/p>\n<p class=\"fig-paragraph\">La parade devrait s\u2019achever vers 18h30. Le club de la capitale sera re\u00e7u \u00e0 19h \u00e0 l\u2019\u00c9lys\u00e9e par le chef de l\u2019\u00c9tat, Emmanuel Macron.<\/p>\n<p class=\"fig-paragraph\">\u00c0 20h30, une c\u00e9r\u00e9monie commencera au Parc des Princes. L\u2019\u00e9quipe de Luis Enrique y est attendue aux alentours de 21h pour c\u00e9l\u00e9brer de nouveau avec ses supporters.<\/p>\n<p>\n        16:04\n            <\/p>\n<p class=\"fig-live-post__title\" role=\"heading\" aria-level=\"3\">Les Parisiens ont atterri<\/p>\n<p class=\"fig-paragraph\">Ousmane Demb\u00e9l\u00e9 et ses co\u00e9quipiers ont atterri \u00e0 l\u2019a\u00e9roport Roissy-Charles de Gaulle, accueillis par de nombreux supporters. Ils sont attendus sur les Champs-\u00c9lys\u00e9es pour y parader \u00e0 17h.<\/p>\n<p>\n        15:59\n            <\/p>\n<p class=\"fig-live-post__title\" role=\"heading\" aria-level=\"3\">\u00c0 Marseille, la \u00absoir\u00e9e g\u00e2ch\u00e9e\u00bb par la victoire du PSG<\/p>\n<p class=\"fig-paragraph\">De nombreux Marseillais esp\u00e9raient voir le grand rival parisien \u00e9chouer en finale de Ligue des champions samedi soir. Ce fut tout l\u2019inverse.\u00a0<a href=\"http:\/\/www.lefigaro.fr\/marseille\/on-est-tous-malades-et-on-est-degoutes-les-marseillais-ont-mal-apres-la-victoire-du-psg-en-finale-de-la-ligue-des-champions-20250601\" data-fig-type=\"NewsFlash\" data-gtm-custom-categorie=\"navigation\" data-gtm-custom-action=\"crossclick\" data-gtm-custom-label=\"Contextuel\" data-gtm-event=\"customEventSPE\" data-fig-domain=\"LEFIGARO\" rel=\"nofollow noopener\" target=\"_blank\">Reportage au c\u0153ur de la cit\u00e9 phoc\u00e9enne<\/a>.<\/p>\n<p>\n        15:55\n            <\/p>\n<p class=\"fig-live-post__title\" role=\"heading\" aria-level=\"3\">Grosse ambiance \u00e0 l\u2019a\u00e9roport<\/p>\n<p class=\"fig-paragraph\">Les Parisiens vont atterrir d\u2019ici quelques minutes \u00e0 l\u2019a\u00e9roport Roissy-Charles de Gaulle. De nombreux supporters sont pr\u00eats \u00e0 les accueillir.<\/p>\n<p>\n        15:42\n            <\/p>\n<p class=\"fig-live-post__title\" role=\"heading\" aria-level=\"3\">Le PSG \u00abcondamne avec la plus grande fermet\u00e9 les violences\u00bb<\/p>\n<p class=\"fig-paragraph\">\u00abLe Paris Saint-Germain condamne avec la plus grande fermet\u00e9 les violences survenues en marge des c\u00e9l\u00e9brations\u00bb,\u00a0<a href=\"http:\/\/www.lefigaro.fr\/sports\/football\/ligue-des-champions\/psg-le-club-condamne-les-violences-et-appelle-chacun-a-faire-preuve-de-responsabilite-20250601\" data-fig-type=\"NewsFlash\" data-gtm-custom-categorie=\"navigation\" data-gtm-custom-action=\"crossclick\" data-gtm-custom-label=\"Contextuel\" data-gtm-event=\"customEventSPE\" data-fig-domain=\"LEFIGARO\" rel=\"nofollow noopener\" target=\"_blank\">a d\u00e9clar\u00e9 le club de la capitale<\/a>\u00a0dans une publication sur X.<\/p>\n<p>\n        15:24\n            <\/p>\n<p class=\"fig-live-post__title\" role=\"heading\" aria-level=\"3\">Les supporters \u00e0 l\u2019assaut des Champs-\u00c9lys\u00e9es<\/p>\n<p class=\"fig-paragraph\">Drapeaux, \u00e9charpes et maillots du PSG envahissent l\u2019avenue de la capitale o\u00f9 les joueurs vont parader cet apr\u00e8s-midi.<\/p>\n<p>\n        15:18\n            <\/p>\n<p class=\"fig-live-post__title\" role=\"heading\" aria-level=\"3\">Les Parisiens ont d\u00e9coll\u00e9<\/p>\n<p class=\"fig-paragraph\">Les joueurs sont dans l\u2019avion direction Paris. Marquinhos a pris soin d\u2019attacher le troph\u00e9e de la Ligue des champions avant le d\u00e9collage.<\/p>\n<p>\n        14:49\n            <\/p>\n<p class=\"fig-live-post__title\" role=\"heading\" aria-level=\"3\">Le Real Madrid f\u00e9licite le PSG<\/p>\n<p class=\"fig-paragraph\">\u00abF\u00e9licitations au PSG et \u00e0 ses supporters pour leur Ligue des champions bien m\u00e9rit\u00e9e. Et nos f\u00e9licitations plus particuli\u00e8res \u00e0 notre cher Luis Enrique, avec un souvenir \u00e9mu et affectueux pour sa fille Xana\u00bb. a \u00e9crit le Real Madrid sur X.<\/p>\n<p class=\"fig-paragraph\">Enrique, entra\u00eeneur du PSG qui avait d\u00e9j\u00e0 gagn\u00e9 la C1 sur le banc du FC Barcelone (2015), a aussi jou\u00e9 au Bar\u00e7a (1996-2004) apr\u00e8s cinq ans au&#8230; Real Madrid (1991-1996).<\/p>\n<p>\n        14:35\n            <\/p>\n<p class=\"fig-live-post__title\" role=\"heading\" aria-level=\"3\">Les supporters pr\u00eats \u00e0 envahir les Champs-\u00c9lys\u00e9es<\/p>\n<p class=\"fig-paragraph\">Une jauge \u00e0 110.000 personnes a \u00e9t\u00e9 fix\u00e9e pour les festivit\u00e9s sur les Champs-\u00c9lys\u00e9es, o\u00f9 d\u00e9filera l\u2019\u00e9quipe parisienne \u00e0 partir de 17h. L\u2019acc\u00e8s \u00e0 la c\u00e9l\u00e8bre avenue a \u00e9t\u00e9 autoris\u00e9 d\u00e8s 14h30.<\/p>\n<p>\n        14:26\n            <\/p>\n<p class=\"fig-live-post__title\" role=\"heading\" aria-level=\"3\">Le troph\u00e9e de la Ligue des champions embarque \u00e0 bord<\/p>\n<p class=\"fig-paragraph\">\u00abElle passe le contr\u00f4le de s\u00fbret\u00e9 vous pensez\u00a0?\u00bb, fait mine de s\u2019inqui\u00e9ter le PSG dans une publication sur X, accompagn\u00e9e d\u2019une vid\u00e9o o\u00f9 le troph\u00e9e passe sur le tapis roulant au contr\u00f4le de s\u00fbret\u00e9.<\/p>\n<p>\n        14:17\n            <\/p>\n<p class=\"fig-live-post__title\" role=\"heading\" aria-level=\"3\">Deux bus avec la mention \u00abchampions d\u2019Europe\u00bb<\/p>\n<p class=\"fig-paragraph\">Deux bus aux couleurs du club et avec la mention \u00abChampions d\u2019Europe\u00bb attendent l\u2019\u00e9quipe parisienne \u00e0 l\u2019a\u00e9roport Roissy-Charles de Gaulle. La parade sur les Champs-\u00c9lys\u00e9es est pr\u00e9vue d\u00e8s 17h.<\/p>\n<p>\n        14:11\n            <\/p>\n<p class=\"fig-live-post__title\" role=\"heading\" aria-level=\"3\">De nombreux heurts en France dans la nuit de samedi \u00e0 dimanche<\/p>\n<p class=\"fig-paragraph\">\u00c0 Paris et ailleurs, la victoire du PSG en finale de la Ligue des champions a \u00e9t\u00e9 accompagn\u00e9e par des effusions de joie, mais aussi de violence.\u00a0<a href=\"http:\/\/www.lefigaro.fr\/actualite-france\/pres-de-600-interpellations-deux-deces-700-incendies-l-accablant-bilan-securitaire-du-match-psg-inter-20250601\" data-fig-type=\"NewsFlash\" data-gtm-custom-categorie=\"navigation\" data-gtm-custom-action=\"crossclick\" data-gtm-custom-label=\"Contextuel\" data-gtm-event=\"customEventSPE\" data-fig-domain=\"LEFIGARO\" rel=\"nofollow noopener\" target=\"_blank\">Des centaines d\u2019interpellations et d\u2019incendies ont \u00e9t\u00e9 d\u00e9nombr\u00e9es<\/a>. Deux personnes ont perdu la vie.<\/p>\n<p>\n        13:59\n            <\/p>\n<p class=\"fig-live-post__title\" role=\"heading\" aria-level=\"3\">En images, l\u2019avion dans lequel vont voyager les Parisiens<\/p>\n<p class=\"fig-paragraph\">Qatar Airways, sponsor de l\u2019UEFA, a pr\u00e9par\u00e9 un avion expr\u00e8s pour le vainqueur de la Ligue des champions, en l\u2019occurrence le PSG. Le club de la capitale doit quitter Munich aux alentours de 14h25.<\/p>\n<p>\n        13:56\n            <\/p>\n<p class=\"fig-live-post__title\" role=\"heading\" aria-level=\"3\">Les m\u00e9dias europ\u00e9ens encensent le PSG<\/p>\n<p class=\"fig-paragraph\">Le r\u00e9sultat et surtout la mani\u00e8re avec laquelle le PSG a balay\u00e9 l\u2019Inter Milan\u00a0<a href=\"http:\/\/www.lefigaro.fr\/sports\/football\/ligue-des-champions\/paris-tout-puissant-ici-c-est-paradis-munich-terre-de-la-honte-pour-l-inter-la-presse-europeenne-honore-le-sacre-eternel-du-psg-20250601\" data-fig-type=\"NewsFlash\" data-gtm-custom-categorie=\"navigation\" data-gtm-custom-action=\"crossclick\" data-gtm-custom-label=\"Contextuel\" data-gtm-event=\"customEventSPE\" data-fig-domain=\"LEFIGARO\" rel=\"nofollow noopener\" target=\"_blank\">ont entra\u00een\u00e9 les louanges de la presse europ\u00e9enne<\/a>\u00a0ce dimanche. Le journal espagnol Marca \u00e9voque par exemple \u00abla plus grande victoire dans l\u2019histoire d\u2019une finale de Coupe d\u2019Europe ou de Ligue des champions\u00bb.<\/p>\n<p>\n        13:47\n            <\/p>\n<p class=\"fig-live-post__title\" role=\"heading\" aria-level=\"3\">Le programme des festivit\u00e9s<\/p>\n<p class=\"fig-paragraph\">16h\u00a0: les joueurs parisiens atterrissent \u00e0 l\u2019a\u00e9roport de Roissy-Charles de Gaulle\u00a0<br \/>17h\u00a0: parade sur la partie haute des Champs-\u00c9lys\u00e9es, jauge fix\u00e9e \u00e0 100.000 personnes\u00a0<br \/>19h\u00a0: r\u00e9ception des membres du PSG par le chef de l\u2019\u00c9tat, Emmanuel Macron, \u00e0 l\u2019\u00c9lys\u00e9e\u00a0<br \/>21h\u00a0: d\u00e9but de la c\u00e9r\u00e9monie au Parc des Princes<\/p>\n<p>\n        13:46\n            <\/p>\n<p class=\"fig-live-post__title\" role=\"heading\" aria-level=\"3\">Le PSG a enfin d\u00e9croch\u00e9 le graal<\/p>\n<p class=\"fig-paragraph\">55 ans apr\u00e8s la naissance du club, 14 ans apr\u00e8s l\u2019arriv\u00e9e des dirigeants qataris et tant d\u2019\u00e9checs cuisants, le PSG\u00a0<a href=\"http:\/\/www.lefigaro.fr\/sports\/football\/ligue-des-champions\/ligue-des-champions-le-psg-enfin-sur-le-toit-de-l-europe-ca-valait-le-coup-d-attendre-20250601\" data-fig-type=\"NewsFlash\" data-gtm-custom-categorie=\"navigation\" data-gtm-custom-action=\"crossclick\" data-gtm-custom-label=\"Contextuel\" data-gtm-event=\"customEventSPE\" data-fig-domain=\"LEFIGARO\" rel=\"nofollow noopener\" target=\"_blank\">a enfin remport\u00e9 la Ligue des champions<\/a>. Un triomphe historique pour le football fran\u00e7ais.<\/p>\n<p>\n        13:37\n            <\/p>\n<p class=\"fig-live-post__title\" role=\"heading\" aria-level=\"3\">Bonjour \u00e0 toutes et \u00e0 tous !<\/p>\n<p class=\"fig-paragraph\">Bienvenue sur Le Figaro pour suivre les c\u00e9l\u00e9brations du PSG apr\u00e8s son sacre en Ligue des champions.<\/p>\n<p>                Les publications appara\u00eetront ici<\/p>\n<p>        Fermer<\/p>\n","protected":false},"excerpt":{"rendered":"16:28 Les joueurs descendent de l\u2019avion avec le troph\u00e9e Le capitaine du PSG, Marquinhos, et le pr\u00e9sident du&hellip;\n","protected":false},"author":2,"featured_media":144251,"comment_status":"","ping_status":"","sticky":false,"template":"","format":"standard","meta":{"footnotes":""},"categories":[2],"tags":[11,4791,786,525,448,6984,1981,1089,814,2257,63,1011,27,2705,447,1307,3490,955,12,4589,4789,93,4790,25,1980,455],"class_list":{"0":"post-144250","1":"post","2":"type-post","3":"status-publish","4":"format-standard","5":"has-post-thumbnail","7":"category-actualites","8":"tag-actualites","9":"tag-barcelone","10":"tag-c1","11":"tag-calendrier","12":"tag-champions-league","13":"tag-champs-elysees","14":"tag-classement","15":"tag-coupe-deurope","16":"tag-direct","17":"tag-foot","18":"tag-football","19":"tag-fr","20":"tag-france","21":"tag-groupe","22":"tag-ligue-des-champions","23":"tag-lille","24":"tag-liverpool","25":"tag-match","26":"tag-news","27":"tag-phase-finale","28":"tag-poule","29":"tag-psg","30":"tag-real-madrid","31":"tag-republique-francaise","32":"tag-resultats","33":"tag-uefa"},"share_on_mastodon":{"url":"https:\/\/pubeurope.com\/@fr\/114608627069981252","error":""},"_links":{"self":[{"href":"https:\/\/www.europesays.com\/fr\/wp-json\/wp\/v2\/posts\/144250","targetHints":{"allow":["GET"]}}],"collection":[{"href":"https:\/\/www.europesays.com\/fr\/wp-json\/wp\/v2\/posts"}],"about":[{"href":"https:\/\/www.europesays.com\/fr\/wp-json\/wp\/v2\/types\/post"}],"author":[{"embeddable":true,"href":"https:\/\/www.europesays.com\/fr\/wp-json\/wp\/v2\/users\/2"}],"replies":[{"embeddable":true,"href":"https:\/\/www.europesays.com\/fr\/wp-json\/wp\/v2\/comments?post=144250"}],"version-history":[{"count":0,"href":"https:\/\/www.europesays.com\/fr\/wp-json\/wp\/v2\/posts\/144250\/revisions"}],"wp:featuredmedia":[{"embeddable":true,"href":"https:\/\/www.europesays.com\/fr\/wp-json\/wp\/v2\/media\/144251"}],"wp:attachment":[{"href":"https:\/\/www.europesays.com\/fr\/wp-json\/wp\/v2\/media?parent=144250"}],"wp:term":[{"taxonomy":"category","embeddable":true,"href":"https:\/\/www.europesays.com\/fr\/wp-json\/wp\/v2\/categories?post=144250"},{"taxonomy":"post_tag","embeddable":true,"href":"https:\/\/www.europesays.com\/fr\/wp-json\/wp\/v2\/tags?post=144250"}],"curies":[{"name":"wp","href":"https:\/\/api.w.org\/{rel}","templated":true}]}}