{"id":144252,"date":"2025-06-01T14:40:10","date_gmt":"2025-06-01T14:40:10","guid":{"rendered":"https:\/\/www.europesays.com\/fr\/144252\/"},"modified":"2025-06-01T14:40:10","modified_gmt":"2025-06-01T14:40:10","slug":"donald-trump-change-davis-pour-la-tete-de-la-nasa-et-recale-finalement-ce-proche-delon-musk","status":"publish","type":"post","link":"https:\/\/www.europesays.com\/fr\/144252\/","title":{"rendered":"Donald Trump change d\u2019avis pour la t\u00eate de la Nasa et recale finalement ce proche d\u2019Elon Musk"},"content":{"rendered":"<p>        <img decoding=\"async\" loading=\"lazy\" src=\"https:\/\/www.europesays.com\/fr\/wp-content\/uploads\/2025\/06\/096fc7c_sirius-fs-upload-1-e5kchjmypwdp-1748758707644-063-2217855691.jpg\"  width=\"728\" height=\"485\" alt=\"WASHINGTON, DC - MAY 30: Tesla CEO Elon Musk speaks alongside U.S. President Donald Trump to reporters in the Oval Office of the White House on May 30, 2025 in Washington, DC. Musk, who served as an adviser to Trump and led the Department of Government Efficiency, announced he would leave his role in the Trump administration to refocus on his businesses.   Kevin Dietsch\/Getty Images\/AFP (Photo by Kevin Dietsch \/ GETTY IMAGES NORTH AMERICA \/ Getty Images via AFP)\"\/>  <\/p>\n<p>KEVIN DIETSCH \/ Getty Images via AFP<\/p>\n<p>WASHINGTON, DC &#8211; MAY 30: Tesla CEO Elon Musk speaks alongside U.S. President Donald Trump to reporters in the Oval Office of the White House on May 30, 2025 in Washington, DC. Musk, who served as an adviser to Trump and led the Department of Government Efficiency, announced he would leave his role in the Trump administration to refocus on his businesses.   Kevin Dietsch\/Getty Images\/AFP (Photo by Kevin Dietsch \/ GETTY IMAGES NORTH AMERICA \/ Getty Images via AFP)<\/p>\n<p class=\"asset asset-text\">ESPACE &#8211; Cet autre cadeau de d\u00e9part risque de lui faire moins plaisir. Au lendemain d\u2019<a href=\"https:\/\/www.huffingtonpost.fr\/international\/video\/musk-a-recu-un-cadeau-tres-special-de-trump-et-un-eloge-sans-queue-ni-tete-pour-son-depart-du-gouvernement_250722.html\" target=\"_blank\" rel=\"noopener\">une c\u00e9r\u00e9monie dans le Bureau ovale<\/a> pour c\u00e9l\u00e9brer son d\u00e9part du DOGE, <a href=\"https:\/\/www.huffingtonpost.fr\/international\/article\/elon-musk-sourit-de-son-il-au-beurre-noir-aux-cotes-de-donald-trump-dans-le-bureau-ovale_250730.html\" target=\"_blank\" rel=\"noopener\">Elon Musk<\/a> a appris une mauvaise nouvelle de la part de Donald Trump. Le milliardaire Jared Isaacman, un magnat du paiement en ligne qui est l\u2019un de ses proches, ne sera finalement pas le futur patron de la Nasa.<\/p>\n<p class=\"asset asset-text\">Le pr\u00e9sident am\u00e9rican a chang\u00e9 d\u2019avis <a href=\"https:\/\/www.huffingtonpost.fr\/international\/article\/nasa-jared-isaacman-proche-d-elon-musk-choisi-par-trump-pour-diriger-l-agence-spatiale-americaine_243152.html\" target=\"_blank\" rel=\"noopener\">six mois apr\u00e8s avoir dit qu\u2019il voulait faire de cet homme<\/a> -premier astronaute priv\u00e9 \u00e0 avoir effectu\u00e9 en novembre\u00a02024\u00a0une sortie extra-v\u00e9hiculaire dans l\u2019espace- le prochain directeur de <a href=\"https:\/\/www.huffingtonpost.fr\/tech-futurs\/video\/la-nasa-reussit-un-sauvetage-desespere-de-voyager-1-une-sonde-envoyee-en-1977_250105.html\" target=\"_blank\" rel=\"noopener\">la Nasa<\/a>. \u00ab\u00a0Apr\u00e8s un examen approfondi de ses associations ant\u00e9rieures, je retire par la pr\u00e9sente la nomination de Jared Isaacman \u00e0 la t\u00eate de la NASA\u00a0\u00bb, a \u00e9crit Donald Trump ce samedi 31\u00a0mai sur son r\u00e9seau Truth Social.<\/p>\n<p class=\"asset asset-text\">\u00ab\u00a0J\u2019annoncerai bient\u00f4t un nouveau candidat qui sera en ligne avec sa mission et mettra l\u2019Am\u00e9rique au premier rang dans l\u2019espace\u00a0\u00bb, a-t-il ajout\u00e9 sans que l\u2019on sache si c\u2019est r\u00e9ellement un probl\u00e8me de ligne qui a conduit \u00e0 ce revirement.<\/p>\n<p class=\"asset asset-text\">Mais il semble que la raison ne soit pas li\u00e9e \u00e0 la conqu\u00eate spatiale mais plut\u00f4t au pass\u00e9 politique de Jared Isaacman. Le New York Times qui a \u00e9t\u00e9 le premier \u00e0 r\u00e9v\u00e9ler cette d\u00e9cision affirme que Donald Trump (pr\u00e9sident r\u00e9publicain) a d\u00e9couvert que son candidat a effectu\u00e9 par le pass\u00e9 des dons \u00e0 des \u00e9lus d\u00e9mocrates.<\/p>\n<p>                     Isaacman-Musk, un beau conflit d\u2019int\u00e9r\u00eats    <\/p>\n<p class=\"asset asset-text\">Jared Isaacman, 42\u00a0ans, qui a fait fortune dans les paiements en ligne \u00e0 la t\u00eate de son entreprise Shift4 Payments a eu droit \u00e0 un \u00e9loge d\u2019Elon Musk. \u00ab\u00a0Il est rare de trouver quelqu\u2019un d\u2019aussi comp\u00e9tent et g\u00e9n\u00e9reux\u00a0\u00bb, a \u00e9crit l\u2019homme le plus riche du monde sur son r\u00e9seau social X, masquant peu <a href=\"https:\/\/www.huffingtonpost.fr\/international\/article\/elon-musk-envoie-un-tacle-tres-direct-a-donald-trump-pour-son-depart-du-doge_250617.html\" target=\"_blank\" rel=\"noopener\">un nouvel \u00e9pisode de d\u00e9ception vis-\u00e0-vis de Donald Trump<\/a>.<\/p>\n<p class=\"asset asset-text\">Elon Musk \u00e9tait soup\u00e7onn\u00e9 par les m\u00e9dias am\u00e9ricains d\u2019avoir fait pression directement sur le pr\u00e9sident pour que son ami, qui a eu d\u2019importantes relations d\u2019affaires avec <a href=\"https:\/\/www.huffingtonpost.fr\/international\/video\/la-fusee-starship-d-elon-musk-explose-sous-ses-yeux-pour-son-retour-aux-affaires_250604.html\" target=\"_blank\" rel=\"noopener\">SpaceX<\/a>. Cela avait alors cr\u00e9\u00e9 une pol\u00e9mique sur d\u2019\u00e9ventuels conflits d\u2019int\u00e9r\u00eats. D\u00e9but avril, Jared Isaacman avait particip\u00e9 \u00e0 une audition devant une commission du S\u00e9nat \u00e0 Washington durant laquelle il avait dit vouloir donner la priorit\u00e9 \u00e0 l\u2019envoi d\u2019astronautes sur Mars, un projet ambitieux qu\u2019il entendait mener sans faire l\u2019impasse sur la Lune.<\/p>\n","protected":false},"excerpt":{"rendered":"KEVIN DIETSCH \/ Getty Images via AFP WASHINGTON, DC &#8211; MAY 30: Tesla CEO Elon Musk speaks alongside&hellip;\n","protected":false},"author":2,"featured_media":144253,"comment_status":"","ping_status":"","sticky":false,"template":"","format":"standard","meta":{"footnotes":""},"categories":[2],"tags":[11,75,46,386,73,1011,27,14,333,12,25],"class_list":{"0":"post-144252","1":"post","2":"type-post","3":"status-publish","4":"format-standard","5":"has-post-thumbnail","7":"category-actualites","8":"tag-actualites","9":"tag-donald-trump","10":"tag-elon-musk","11":"tag-espace","12":"tag-etats-unis","13":"tag-fr","14":"tag-france","15":"tag-international","16":"tag-nasa","17":"tag-news","18":"tag-republique-francaise"},"share_on_mastodon":{"url":"https:\/\/pubeurope.com\/@fr\/114608630868214803","error":""},"_links":{"self":[{"href":"https:\/\/www.europesays.com\/fr\/wp-json\/wp\/v2\/posts\/144252","targetHints":{"allow":["GET"]}}],"collection":[{"href":"https:\/\/www.europesays.com\/fr\/wp-json\/wp\/v2\/posts"}],"about":[{"href":"https:\/\/www.europesays.com\/fr\/wp-json\/wp\/v2\/types\/post"}],"author":[{"embeddable":true,"href":"https:\/\/www.europesays.com\/fr\/wp-json\/wp\/v2\/users\/2"}],"replies":[{"embeddable":true,"href":"https:\/\/www.europesays.com\/fr\/wp-json\/wp\/v2\/comments?post=144252"}],"version-history":[{"count":0,"href":"https:\/\/www.europesays.com\/fr\/wp-json\/wp\/v2\/posts\/144252\/revisions"}],"wp:featuredmedia":[{"embeddable":true,"href":"https:\/\/www.europesays.com\/fr\/wp-json\/wp\/v2\/media\/144253"}],"wp:attachment":[{"href":"https:\/\/www.europesays.com\/fr\/wp-json\/wp\/v2\/media?parent=144252"}],"wp:term":[{"taxonomy":"category","embeddable":true,"href":"https:\/\/www.europesays.com\/fr\/wp-json\/wp\/v2\/categories?post=144252"},{"taxonomy":"post_tag","embeddable":true,"href":"https:\/\/www.europesays.com\/fr\/wp-json\/wp\/v2\/tags?post=144252"}],"curies":[{"name":"wp","href":"https:\/\/api.w.org\/{rel}","templated":true}]}}