{"id":144254,"date":"2025-06-01T14:41:10","date_gmt":"2025-06-01T14:41:10","guid":{"rendered":"https:\/\/www.europesays.com\/fr\/144254\/"},"modified":"2025-06-01T14:41:10","modified_gmt":"2025-06-01T14:41:10","slug":"debut-de-brouille-diplomatique-entre-la-france-et-la-chine-sur-la-question-de-taiwan","status":"publish","type":"post","link":"https:\/\/www.europesays.com\/fr\/144254\/","title":{"rendered":"D\u00e9but de brouille diplomatique entre la France et la Chine sur la question de Ta\u00efwan ?"},"content":{"rendered":"<p>Emmanuel Macron s&rsquo;est exprim\u00e9 lors du Shangri-La Dialogue, une conf\u00e9rence internationale sur la d\u00e9fense et la s\u00e9curit\u00e9 en Asie, organis\u00e9 \u00e0 Singapour samedi.Le pr\u00e9sident a fait le parall\u00e8le entre la guerre en Ukraine et un \u00e9ventuel conflit entre la Chine et Ta\u00efwan.Des propos qui ont provoqu\u00e9 l&rsquo;ire de P\u00e9kin.<\/p>\n<p data-module=\"article-paragraph\" class=\"jsx-362436225 Paragraph\">La communaut\u00e9 internationale s&rsquo;inqui\u00e8te <a href=\"https:\/\/www.tf1info.fr\/international\/video-lci-la-chine-teste-des-barges-de-debarquement-a-tout-moment-elle-peut-decider-d-envahir-taiwan-estime-un-geopolitologue-2362853.html\" target=\"_blank\" rel=\"noopener\">des r\u00e9centes d\u00e9monstrations de force de la Chine contre Ta\u00efwan<\/a> ces derniers mois. Lors d&rsquo;un forum sur la s\u00e9curit\u00e9 en Asie, Emmanuel Macron a d&rsquo;ailleurs fait un parall\u00e8le entre la situation en Ukraine et ce qui pourrait se passer \u00e0 Ta\u00efwan. \u00ab\u00a0Parce que si nous consid\u00e9rons que la Russie pourrait \u00eatre autoris\u00e9e \u00e0 prendre une partie du territoire de l&rsquo;Ukraine, sans aucune restriction, sans aucune contrainte, sans aucune r\u00e9action de l&rsquo;ordre mondial. Que dira-t-on de ce qui pourrait se passer \u00e0 Ta\u00efwan ?\u00a0\u00bb, a questionn\u00e9 le chef de l&rsquo;\u00c9tat.<\/p>\n<p data-module=\"article-paragraph\" class=\"jsx-362436225 Paragraph Paragraph__End\">Des propos qui ont suscit\u00e9 la col\u00e8re de P\u00e9kin. Sur Facebook, l&rsquo;ambassade de Chine \u00e0 Singapour estim\u00e9 que \u00ab\u00a0comparer la question de Ta\u00efwan au probl\u00e8me ukrainien est inacceptable\u00a0\u00bb. \u00ab\u00a0Les deux sont de nature diff\u00e9rente et ne sont pas du tout comparables. Si l&rsquo;on essaie de d\u00e9noncer un double standard par un double standard, le seul r\u00e9sultat que l&rsquo;on obtient, c&rsquo;est toujours un double standard\u00a0\u00bb, a-t-elle encore fustig\u00e9.<\/p>\n<p data-module=\"article-paragraph\" class=\"jsx-362436225 Paragraph Paragraph__End\">\u00ab\u00a0Dans le sud global, on d\u00e9nonce le deux poids deux mesures avec la comparaison entre l&rsquo;Ukraine, o\u00f9 les Occidentaux r\u00e9clament le d\u00e9part de la Russie et la souverainet\u00e9 ukrainienne, et ont les yeux ferm\u00e9s [pour le reste]\u00a0\u00bb, notamment \u00e0 la situation \u00e0 Gaza, expose le journaliste Richard Werly sur LCI, dans la vid\u00e9o en t\u00eate de cet article. Ainsi, \u00ab\u00a0on risquerait d&rsquo;\u00eatre totalement d\u00e9cr\u00e9dibilis\u00e9s si l&rsquo;on ne dit rien\u00a0\u00bb, abonde Guillaume Auda, \u00e9ditorialiste international, alors que les \u00c9tats-Unis ont affirm\u00e9, samedi 31 mai, que la \u00ab\u00a0menace que repr\u00e9sente la Chine est r\u00e9elle et pourrait \u00eatre imminente\u00a0\u00bb contre Ta\u00efwan.<\/p>\n<p>Emma ALLAMAND<\/p>\n","protected":false},"excerpt":{"rendered":"Emmanuel Macron s&rsquo;est exprim\u00e9 lors du Shangri-La Dialogue, une conf\u00e9rence internationale sur la d\u00e9fense et la s\u00e9curit\u00e9 en&hellip;\n","protected":false},"author":2,"featured_media":138592,"comment_status":"","ping_status":"","sticky":false,"template":"","format":"standard","meta":{"footnotes":""},"categories":[4],"tags":[1111,11,1921,309,1011,27,1922,13144,12,25,22053,133,1920],"class_list":{"0":"post-144254","1":"post","2":"type-post","3":"status-publish","4":"format-standard","5":"has-post-thumbnail","7":"category-france","8":"tag-actu","9":"tag-actualites","10":"tag-article-video","11":"tag-chine","12":"tag-fr","13":"tag-france","14":"tag-info","15":"tag-le-temps-de-linfo","16":"tag-news","17":"tag-republique-francaise","18":"tag-taiwan","19":"tag-video","20":"tag-video-international"},"share_on_mastodon":{"url":"https:\/\/pubeurope.com\/@fr\/114608634784986866","error":""},"_links":{"self":[{"href":"https:\/\/www.europesays.com\/fr\/wp-json\/wp\/v2\/posts\/144254","targetHints":{"allow":["GET"]}}],"collection":[{"href":"https:\/\/www.europesays.com\/fr\/wp-json\/wp\/v2\/posts"}],"about":[{"href":"https:\/\/www.europesays.com\/fr\/wp-json\/wp\/v2\/types\/post"}],"author":[{"embeddable":true,"href":"https:\/\/www.europesays.com\/fr\/wp-json\/wp\/v2\/users\/2"}],"replies":[{"embeddable":true,"href":"https:\/\/www.europesays.com\/fr\/wp-json\/wp\/v2\/comments?post=144254"}],"version-history":[{"count":0,"href":"https:\/\/www.europesays.com\/fr\/wp-json\/wp\/v2\/posts\/144254\/revisions"}],"wp:featuredmedia":[{"embeddable":true,"href":"https:\/\/www.europesays.com\/fr\/wp-json\/wp\/v2\/media\/138592"}],"wp:attachment":[{"href":"https:\/\/www.europesays.com\/fr\/wp-json\/wp\/v2\/media?parent=144254"}],"wp:term":[{"taxonomy":"category","embeddable":true,"href":"https:\/\/www.europesays.com\/fr\/wp-json\/wp\/v2\/categories?post=144254"},{"taxonomy":"post_tag","embeddable":true,"href":"https:\/\/www.europesays.com\/fr\/wp-json\/wp\/v2\/tags?post=144254"}],"curies":[{"name":"wp","href":"https:\/\/api.w.org\/{rel}","templated":true}]}}