{"id":144262,"date":"2025-06-01T14:49:09","date_gmt":"2025-06-01T14:49:09","guid":{"rendered":"https:\/\/www.europesays.com\/fr\/144262\/"},"modified":"2025-06-01T14:49:09","modified_gmt":"2025-06-01T14:49:09","slug":"giro-tour-ditalie-rafal-majka-defend-del-toro-necoute-pas-ceux-qui-te-disent","status":"publish","type":"post","link":"https:\/\/www.europesays.com\/fr\/144262\/","title":{"rendered":"Giro. Tour d&rsquo;Italie &#8211; Rafal Majka d\u00e9fend Del Toro : \u00abN\u2019\u00e9coute pas ceux qui te disent&#8230;\u00bb"},"content":{"rendered":"<p>L&rsquo;\u00e9quipe\u00a0<strong>UAE Team Emirates &#8211; XRG<\/strong>\u00a0et <strong><a href=\"https:\/\/www.cyclismactu.net\/..\/news-giro-route-tour-d-italie-isaac-del-toro-je-voulais-rouler-avec-carapaz-mais-a-refuse-88156.html\" target=\"_blank\" rel=\"nofollow noopener\">Isaac Del Toro<\/a>\u00a0<\/strong>se sont r\u00e9jouis de sa 2e place finale au g\u00e9n\u00e9ral du\u00a0<strong><a href=\"https:\/\/www.cyclismactu.net\/..\/news-giro-route-tour-d-italie-une-20e-etape-legendaire-simon-yates-renverse-del-toro-et-giro-88149.html\" target=\"_blank\" rel=\"nofollow noopener\">Giro d&rsquo;Italia<\/a><\/strong>\u00a0apr\u00e8s l&rsquo;arriv\u00e9e de la 20e \u00e9tape ce samedi soir, mais leur satisfaction contrastait fortement avec la frustration g\u00e9n\u00e9rale d&rsquo;avoir vu le Maglia Rosa abdiquer sans vraiment combattre jusqu&rsquo;au bout ni faire honneur \u00e0 son maillot de leader.\u00a0Apr\u00e8s 11 jours en Rose et 3 semaines presque\u00a0idylliques, le Mexicain a ainsi subi ses premi\u00e8res vives critiques pour son manque\u00a0de panache et ses choix tactiques dans ce final l\u00e9gendaire, notamment accus\u00e9 par\u00a0<strong>Richard Carapaz<\/strong>\u00a0d&rsquo;avoir perdu la course apr\u00e8s s&rsquo;\u00eatre enterr\u00e9 avec\u00a0l&rsquo;Equatorien plut\u00f4t que de d\u00e9fendre sa pr\u00e9cieuse tunique face \u00e0 la perc\u00e9e de\u00a0<strong><a href=\"https:\/\/www.cyclismactu.net\/..\/news-giro-route-tour-d-italie-simon-yates-je-n-ai-pas-pu-retenir-mes-larmes-88153.html\" target=\"_blank\" rel=\"nofollow noopener\">Simon Yates<\/a><\/strong>. Egalement peu aid\u00e9 par\u00a0l&rsquo;\u00e9chec collectif et strat\u00e9gique de la formation \u00e9miratie, pas \u00e0 la hauteur de l&rsquo;enjeu sur les pentes du Finestre,\u00a0le natif\u00a0d\u2019Ensenada (seulement \u00e2g\u00e9 de 21 ans, on le rappelle) a vu\u00a0son co\u00e9quipier\u00a0<strong>Rafal Majka <\/strong>voler \u00e0 son secours et prendre sa d\u00e9fense.<\/p>\n<p>Vid\u00e9o &#8211; La r\u00e9action d&rsquo;Isaac Del Toro apr\u00e8s avoir perdu le Rose Lire la suite de l&rsquo;article&#13;<\/p>\n<p>\u00a0<\/p>\n<p>&#13;<br \/>\nMatxin Fernandez : \u00ab\u00a0Isaac a couru \u00e0 la limite,\u00a0il a failli exploser\u00a0\u00bb&#13;<\/p>\n<p>Lieutenant de luxe toujours aussi exemplaire et pr\u00e9cieux en montagne, le Polonais de 35 ans s&rsquo;est fendu d&rsquo;un message sur X pour soutenir son jeune leader face aux critiques. \u00ab\u00a0Nous avons \u00e9crit une belle histoire, Isaac. N\u2019\u00e9coute pas les gens qui te disent que tu as perdu, cette exp\u00e9rience fera de toi un champion\u00a0\u00bb, a affirm\u00e9 celui qui termine par ailleurs 13e de ce <strong>Tour d&rsquo;Italie<\/strong>, malgr\u00e9 son remarquable travail accompli comme \u00e9quipier.<\/p>\n<p>&#13;<\/p>\n<p>Autre membre <strong>UAE<\/strong> \u00e0 d\u00e9fendre le capitaine inattendu du navire \u00e9miratie, le DS <strong>Matxin Fernandez<\/strong>\u00a0a pris la parole, d\u00e9\u00e7u du r\u00e9sultat final mais satisfait de la performance de son jeune coureur face \u00e0 l&rsquo;adversit\u00e9. \u00ab\u00a0Isaac a couru \u00e0 la limite aujourd\u2019hui. Il a toujours essay\u00e9 de limiter les attaques de Carapaz, mais \u00e0 un moment donn\u00e9, il a failli exploser. En fin de compte, cette strat\u00e9gie de sprint et de ralentissement s\u2019est av\u00e9r\u00e9e positive pour Isaac. Aujourd\u2019hui, nous avons couru comme d\u2019habitude, notre plan \u00e9tait d\u2019imposer un rythme r\u00e9gulier au Finestre, mais l\u2019\u00e9quipe EF a commenc\u00e9 \u00e0 rouler fort tout de suite. A partir de l\u00e0, la course est devenue un d\u00e9fi en un contre un entre les trois meilleurs coureurs de ce Tour\u00a0\u00bb, a-t-il conclu.<\/p>\n<p>&#13;<br \/>\nTour d&rsquo;Italie &#8211; Classement de la 20\u00e8 \u00e9tape Tour d&rsquo;Italie &#8211; Classement g\u00e9n\u00e9ral provisoire apr\u00e8s la 20\u00e8 \u00e9tape<\/p>\n","protected":false},"excerpt":{"rendered":"L&rsquo;\u00e9quipe\u00a0UAE Team Emirates &#8211; XRG\u00a0et Isaac Del Toro\u00a0se sont r\u00e9jouis de sa 2e place finale au g\u00e9n\u00e9ral du\u00a0Giro&hellip;\n","protected":false},"author":2,"featured_media":144263,"comment_status":"","ping_status":"","sticky":false,"template":"","format":"standard","meta":{"footnotes":""},"categories":[1411],"tags":[1154,207,1011,27,209,60,3318,208],"class_list":{"0":"post-144262","1":"post","2":"type-post","3":"status-publish","4":"format-standard","5":"has-post-thumbnail","7":"category-cyclisme","8":"tag-cycling","9":"tag-cyclisme","10":"tag-fr","11":"tag-france","12":"tag-route","13":"tag-sports","14":"tag-tour-d","15":"tag-velo"},"share_on_mastodon":{"url":"https:\/\/pubeurope.com\/@fr\/114608666307939238","error":""},"_links":{"self":[{"href":"https:\/\/www.europesays.com\/fr\/wp-json\/wp\/v2\/posts\/144262","targetHints":{"allow":["GET"]}}],"collection":[{"href":"https:\/\/www.europesays.com\/fr\/wp-json\/wp\/v2\/posts"}],"about":[{"href":"https:\/\/www.europesays.com\/fr\/wp-json\/wp\/v2\/types\/post"}],"author":[{"embeddable":true,"href":"https:\/\/www.europesays.com\/fr\/wp-json\/wp\/v2\/users\/2"}],"replies":[{"embeddable":true,"href":"https:\/\/www.europesays.com\/fr\/wp-json\/wp\/v2\/comments?post=144262"}],"version-history":[{"count":0,"href":"https:\/\/www.europesays.com\/fr\/wp-json\/wp\/v2\/posts\/144262\/revisions"}],"wp:featuredmedia":[{"embeddable":true,"href":"https:\/\/www.europesays.com\/fr\/wp-json\/wp\/v2\/media\/144263"}],"wp:attachment":[{"href":"https:\/\/www.europesays.com\/fr\/wp-json\/wp\/v2\/media?parent=144262"}],"wp:term":[{"taxonomy":"category","embeddable":true,"href":"https:\/\/www.europesays.com\/fr\/wp-json\/wp\/v2\/categories?post=144262"},{"taxonomy":"post_tag","embeddable":true,"href":"https:\/\/www.europesays.com\/fr\/wp-json\/wp\/v2\/tags?post=144262"}],"curies":[{"name":"wp","href":"https:\/\/api.w.org\/{rel}","templated":true}]}}