{"id":144272,"date":"2025-06-01T14:54:20","date_gmt":"2025-06-01T14:54:20","guid":{"rendered":"https:\/\/www.europesays.com\/fr\/144272\/"},"modified":"2025-06-01T14:54:20","modified_gmt":"2025-06-01T14:54:20","slug":"jai-le-coeur-en-miettes","status":"publish","type":"post","link":"https:\/\/www.europesays.com\/fr\/144272\/","title":{"rendered":"J&rsquo;ai le c\u0153ur en miettes"},"content":{"rendered":"<p class=\"articleContent-meta\">\n        Aujourd&rsquo;hui \u00e0 14:37 &#8211; par             <a class=\"articleContent-metaAuthorsLink\" href=\"https:\/\/www.programme.tv\/auteur\/laetitia-azi\/\" target=\"_blank\" rel=\"noopener\">Laetitia Azi<\/a><\/p>\n<p>                    Tweeter<\/p>\n<p>                    Partager sur Facebook<\/p>\n<p>                        <img decoding=\"async\" src=\"https:\/\/www.europesays.com\/fr\/wp-content\/uploads\/2025\/06\/on-a-fugue-laure-et-matthieu-devoile-un-secret-de-leur-experience-dans-maries-au-premier-regard.jpg\" alt=\"Player Video\" class=\"player-applyRatio poster exclude-seedtag\"\/><\/p>\n<p>Triste nouvelle. Ce dimanche 1er juin, Laure a annonc\u00e9 sa s\u00e9paration avec Matthieu, le p\u00e8re de ses filles. Le couple s&rsquo;\u00e9tait form\u00e9 dans la saison 5 de Mari\u00e9s au premier regard sur M6.<\/p>\n<p>Apr\u00e8s leur participation \u00e0 la saison 5 de Mari\u00e9s au premier regard sur M6, <a href=\"https:\/\/www.programme.tv\/news\/actu\/213709-laure-et-matthieu-maries-au-premier-regard-parents-la-jeune-maman-devoile-de-nouveaux-cliches-de-leur-fille-lya\/\" target=\"_blank\" rel=\"noopener\">Laure et Matthieu sont un des rares couples qui a dur\u00e9<\/a>. Leur compatibilit\u00e9 de 79% n&rsquo;a pas menti puisque les deux candidats ont v\u00e9cu une histoire d&rsquo;amour digne d&rsquo;un conte de f\u00e9es et ont eu deux petites filles : Lya et Rose. Ces derniers temps, le couple a travers\u00e9 des moments difficiles. <a href=\"https:\/\/www.programme.tv\/news\/tele-realite\/262695-lannee-sannonce-tres-compliquee-matthieu-maries-au-premier-regard-se-confie-en-pleine-therapie-de-couple-avec-sa-femme-laure\/\" target=\"_blank\" rel=\"noopener\">Laure avait r\u00e9v\u00e9l\u00e9 suivre une th\u00e9rapie avec son mari<\/a>. \u00ab\u00a0On n\u2019est pas sur la m\u00eame longueur d\u2019onde\u00a0\u00bb, avait-elle indiqu\u00e9. Malheureusement, cette initiative n&rsquo;a pas port\u00e9 ses fruits. Ce dimanche 1er juin, l&rsquo;ancienne candidate de Mari\u00e9s au premier regard a annonc\u00e9 sa s\u00e9paration avec le p\u00e8re de ses enfants.<\/p>\n<p>Mari\u00e9s au premier regard : Laure et Matthieu annoncent leur s\u00e9paration<\/p>\n<p>Dans une publication Instagram, Laure a annonc\u00e9 une mauvaise nouvelle concernant<a href=\"https:\/\/www.programme.tv\/news\/actu\/216287-jai-fait-un-scandale-a-la-prod-laure-maries-au-premier-regard-5-revient-sur-une-drole-danecdote-survenue-avant-son-mariage-avec-matthieu\/\" target=\"_blank\" rel=\"noopener\"> son mariage avec Matthieu<\/a>. \u00ab\u00a0Depuis longtemps, j&rsquo;ai essay\u00e9. De comprendre, de faire tenir, de ne pas baisser les bras. J&rsquo;ai esp\u00e9r\u00e9. J&rsquo;ai cru que l&rsquo;amour pouvait suffire. J&rsquo;ai demand\u00e9 du temps, juste un peu d&rsquo;air, pour continuer \u00e0 y croire. Mais parfois, \u00e0 force de porter seule, on finit par se perdre soi-m\u00eame\u00a0\u00bb, a-t-elle confi\u00e9 avant de confirmer sa rupture avec le p\u00e8re de ses filles. \u00ab\u00a0La d\u00e9cision de se s\u00e9parer ne m&rsquo;appartient pas enti\u00e8rement. Elle n&rsquo;est pas n\u00e9e d&rsquo;un seul moment, ni d&rsquo;un seul choix. Elle s&rsquo;est construite dans les silences, les d\u00e9calages, les blessures. Et aujourd&rsquo;hui encore, je suis debout mais le c\u0153ur en miettes\u00a0\u00bb, a-t-elle regrett\u00e9 avant d&rsquo;ajouter : \u00ab\u00a0Je crois profond\u00e9ment qu&rsquo;on peut aimer encore, et pourtant se s\u00e9parer. Parce qu&rsquo;on ne s&rsquo;aligne plus. Parce que les chemins bifurquent. Parce que rester, ce serait trahir.\u00a0\u00bb<\/p>\n<p>                                    Laure (Mari\u00e9s au premier regard) s\u00e9par\u00e9e de Matthieu, elle veut pr\u00e9server ses filles<\/p>\n<p>Apr\u00e8s avoir annonc\u00e9 sa s\u00e9paration avec Matthieu, Laure a \u00e9voqu\u00e9 leur \u00ab\u00a0plus belle r\u00e9ussite\u00a0\u00bb : Lya et Rose. \u00ab\u00a0J&rsquo;aurais voulu prendre le temps d&rsquo;expliquer, d&rsquo;en parler \u00e0 mes filles, avant de devoir faire face \u00e0 l&rsquo;agitation des r\u00e9seaux. Mais parfois, ce temps-l\u00e0 ne nous est pas accord\u00e9. Des mots ont \u00e9t\u00e9 pos\u00e9s sans moi, des interpr\u00e9tations lanc\u00e9es, des v\u00e9rit\u00e9s tronqu\u00e9es\u00a0\u00bb, a d\u00e9plor\u00e9 la maman. \u00ab\u00a0Ce que je choisis aujourd&rsquo;hui, ce n&rsquo;est pas le conflit. C&rsquo;est la paix. Pour mes filles, pour moi, pour que malgr\u00e9 la rupture, il reste quelque chose de beau\u00a0\u00bb, a-t-elle assur\u00e9 avant de conclure : \u00ab\u00a0Nos filles. Des b\u00e9b\u00e9s n\u00e9es d&rsquo;un amour sinc\u00e8re. Elles resteront toujours notre plus belle r\u00e9ussite. Et tout ce que je fais, tout ce que je d\u00e9cide aujourd&rsquo;hui, c&rsquo;est aussi pour elles.\u00a0\u00bb<\/p>\n<blockquote class=\"instagram-media\" data-instgrm-captioned=\"\" data-instgrm-permalink=\"https:\/\/www.instagram.com\/p\/DKW5hIrsyYT\/?utm_source=ig_embed&amp;utm_campaign=loading\" data-instgrm-version=\"14\" style=\" background:#FFF; border:0; border-radius:3px; box-shadow:0 0 1px 0 rgba(0,0,0,0.5),0 1px 10px 0 rgba(0,0,0,0.15); margin: 1px; max-width:658px; min-width:326px; padding:0; width:99.375%; width:-webkit-calc(100% - 2px); width:calc(100% - 2px);\"\/>\n<p>Rejoignez-nous sur Google News !<\/p>\n<p class=\"articleContent-pushTagline\">Abonnez-vous \u00e0 <a href=\"https:\/\/news.google.com\/publications\/CAAiEJwr-IZFXDFoZD1ePbkC_VcqFAgKIhCcK_iGRVwxaGQ9Xj25Av1X\" target=\"_blank\" rel=\"noopener\">T\u00e9l\u00e9 2 semaines sur Google News<\/a> pour ne manquer aucune info !<\/p>\n<p><script async src=\"\/\/www.instagram.com\/embed.js\"><\/script><\/p>\n","protected":false},"excerpt":{"rendered":"Aujourd&rsquo;hui \u00e0 14:37 &#8211; par Laetitia Azi Tweeter Partager sur Facebook Triste nouvelle. Ce dimanche 1er juin, Laure&hellip;\n","protected":false},"author":2,"featured_media":144273,"comment_status":"","ping_status":"","sticky":false,"template":"","format":"standard","meta":{"footnotes":""},"categories":[1356],"tags":[58,59,1011,27,18198,27273,252,3604,1364,1630],"class_list":{"0":"post-144272","1":"post","2":"type-post","3":"status-publish","4":"format-standard","5":"has-post-thumbnail","7":"category-television","8":"tag-divertissement","9":"tag-entertainment","10":"tag-fr","11":"tag-france","12":"tag-laure-et-matthieu","13":"tag-su00e9paration","14":"tag-television","15":"tag-tu00e9lu00e9-ru00e9alitu00e9","16":"tag-tv","17":"tag-zapping"},"share_on_mastodon":{"url":"https:\/\/pubeurope.com\/@fr\/114608685988999374","error":""},"_links":{"self":[{"href":"https:\/\/www.europesays.com\/fr\/wp-json\/wp\/v2\/posts\/144272","targetHints":{"allow":["GET"]}}],"collection":[{"href":"https:\/\/www.europesays.com\/fr\/wp-json\/wp\/v2\/posts"}],"about":[{"href":"https:\/\/www.europesays.com\/fr\/wp-json\/wp\/v2\/types\/post"}],"author":[{"embeddable":true,"href":"https:\/\/www.europesays.com\/fr\/wp-json\/wp\/v2\/users\/2"}],"replies":[{"embeddable":true,"href":"https:\/\/www.europesays.com\/fr\/wp-json\/wp\/v2\/comments?post=144272"}],"version-history":[{"count":0,"href":"https:\/\/www.europesays.com\/fr\/wp-json\/wp\/v2\/posts\/144272\/revisions"}],"wp:featuredmedia":[{"embeddable":true,"href":"https:\/\/www.europesays.com\/fr\/wp-json\/wp\/v2\/media\/144273"}],"wp:attachment":[{"href":"https:\/\/www.europesays.com\/fr\/wp-json\/wp\/v2\/media?parent=144272"}],"wp:term":[{"taxonomy":"category","embeddable":true,"href":"https:\/\/www.europesays.com\/fr\/wp-json\/wp\/v2\/categories?post=144272"},{"taxonomy":"post_tag","embeddable":true,"href":"https:\/\/www.europesays.com\/fr\/wp-json\/wp\/v2\/tags?post=144272"}],"curies":[{"name":"wp","href":"https:\/\/api.w.org\/{rel}","templated":true}]}}