{"id":144278,"date":"2025-06-01T14:57:09","date_gmt":"2025-06-01T14:57:09","guid":{"rendered":"https:\/\/www.europesays.com\/fr\/144278\/"},"modified":"2025-06-01T14:57:09","modified_gmt":"2025-06-01T14:57:09","slug":"cet-ustensile-de-cuisine-est-dangereux-pour-la-sante-selon-un-gastro-enterologue","status":"publish","type":"post","link":"https:\/\/www.europesays.com\/fr\/144278\/","title":{"rendered":"cet ustensile de cuisine est dangereux pour la sant\u00e9, selon un gastro-ent\u00e9rologue"},"content":{"rendered":"<p>Dans nos cuisines, certains ustensiles se fondent dans le d\u00e9cor au point d&rsquo;en devenir invisibles. Pourtant, leur innocuit\u00e9 n&rsquo;est qu&rsquo;une illusion. C&rsquo;est le message gla\u00e7ant lanc\u00e9 par le Dr Saurabh Sethi, gastro-ent\u00e9rologue, dans la presse britannique. Comme le rapporte le m\u00e9dia Top Sant\u00e9, ce sp\u00e9cialiste alerte sur trois objets du quotidien qui pourraient bien nuire \u00e0 notre sant\u00e9&#8230; Et l&rsquo;un d&rsquo;eux se cache peut-\u00eatre juste l\u00e0, sur votre plan de travail. On vous explique pourquoi il est temps d\u2019ouvrir l&rsquo;\u0153il, et surtout, de faire le tri.<\/p>\n<p>Un ustensile de cuisine que l&rsquo;on pensait inoffensif<\/p>\n<p>Bougie cocooning, po\u00eale antiadh\u00e9sive, ustensiles de cuisine&#8230; Derri\u00e8re ces objets anodins se cacherait un cocktail toxique. C\u2019est en tout cas ce que redoute le Dr Sethi, qui s&rsquo;alarme notamment de<strong> la pr\u00e9sence de phtalates dans les bougies parfum\u00e9es ou de PFAS dans les po\u00eales ray\u00e9es<\/strong>. Ces compos\u00e9s chimiques (aussi appel\u00e9s \u00ab\u00a0polluants \u00e9ternels\u00a0\u00bb) s&rsquo;accumulent dans l&rsquo;organisme et sont suspect\u00e9s d&rsquo;interf\u00e9rer avec le syst\u00e8me hormonal. Ce qui provoque des troubles de la reproduction, une possible hausse du cholest\u00e9rol, et parfois certains cancers. Mais l\u2019objet qui retient tout particuli\u00e8rement notre attention, <strong>c&rsquo;est le troisi\u00e8me de la liste<\/strong>. \u00c0 premi\u00e8re vue inoffensif, il se niche dans toutes les cuisines. Pratique, l\u00e9ger, souvent color\u00e9, il est pourtant sur la sellette&#8230;<\/p>\n<p>L&rsquo;ustensile en plastique qui finit dans nos assiettes<\/p>\n<p>Nous n&rsquo;allons pas faire durer le suspense (&#8230;)<\/p>\n<p><a href=\"https:\/\/www.grazia.fr\/lifestyle\/insolite\/faut-debarasser-ustencile-cuisine-dangereux-sante-selon-gastro-enterologue-1162979.html?utm_campaign=partenariat&amp;utm_source=yahoo-articles&amp;utm_medium=flux\" rel=\"nofollow noopener\" target=\"_blank\" data-ylk=\"slk:Lire la suite sur Grazia;elm:context_link;itc:0;sec:content-canvas\" class=\"link \">Lire la suite sur Grazia<\/a><\/p>\n<p><a href=\"https:\/\/www.grazia.fr\/beaute\/coiffure\/adriana-karembeu-53-ans-affiche-ses-nouveaux-cheveux-courts-une-coupe-bob-qui-devoile-entierement-sa-nuque-1163127.html?utm_campaign=partenariat&amp;utm_source=yahoo-articles&amp;utm_medium=flux\" rel=\"nofollow noopener\" target=\"_blank\" data-ylk=\"slk:Adriana Karembeu (53 ans) affiche ses nouveaux cheveux courts : une coupe bob qui d\u00e9voile enti\u00e8rement sa nuque;elm:context_link;itc:0;sec:content-canvas\" class=\"link \">Adriana Karembeu (53 ans) affiche ses nouveaux cheveux courts : une coupe bob qui d\u00e9voile enti\u00e8rement sa nuque<\/a><br \/><a href=\"https:\/\/www.grazia.fr\/beaute\/adieu-rides-ridules-incontournable-sephora-creme-japonaise-lifte-peau-temps-record-1163118.html?utm_campaign=partenariat&amp;utm_source=yahoo-articles&amp;utm_medium=flux\" rel=\"nofollow noopener\" target=\"_blank\" data-ylk=\"slk:Adieu les rides et les ridules : incontournable chez Sephora, cette cr\u00e8me japonaise lifte la peau en un temps record;elm:context_link;itc:0;sec:content-canvas\" class=\"link \">Adieu les rides et les ridules : incontournable chez Sephora, cette cr\u00e8me japonaise lifte la peau en un temps record<\/a><br \/><a href=\"https:\/\/www.grazia.fr\/mode\/news-mode\/late-bloomers-pourquoi-les-modeux-vont-sarracher-cette-collection-sportwear-signee-decathlon-1162808.html?utm_campaign=partenariat&amp;utm_source=yahoo-articles&amp;utm_medium=flux\" rel=\"nofollow noopener\" target=\"_blank\" data-ylk=\"slk:&quot;Late Bloomers&quot; : pourquoi les modeux vont s&#039;arracher cette collection sportwear sign\u00e9e... Decathlon;elm:context_link;itc:0;sec:content-canvas\" class=\"link \">\u00ab\u00a0Late Bloomers\u00a0\u00bb : pourquoi les modeux vont s&rsquo;arracher cette collection sportwear sign\u00e9e&#8230; Decathlon<\/a><br \/><a href=\"https:\/\/www.grazia.fr\/beaute\/soins-visage-corps\/texture-surprenante-et-tres-agreable-cette-creme-hydratante-a-leau-doranger-vous-transporte-en-italie-en-un-clin-doeil-1163114.html?utm_campaign=partenariat&amp;utm_source=yahoo-articles&amp;utm_medium=flux\" rel=\"nofollow noopener\" target=\"_blank\" data-ylk=\"slk:&quot;Texture surprenante et tr\u00e8s agr\u00e9able&quot; : cette cr\u00e8me hydratante \u00e0 l&#039;eau d&#039;oranger vous transporte en Italie en un clin d&#039;oeil;elm:context_link;itc:0;sec:content-canvas\" class=\"link \">\u00ab\u00a0Texture surprenante et tr\u00e8s agr\u00e9able\u00a0\u00bb : cette cr\u00e8me hydratante \u00e0 l&rsquo;eau d&rsquo;oranger vous transporte en Italie en un clin d&rsquo;oeil<\/a><br \/><a href=\"https:\/\/www.grazia.fr\/beaute\/forme-minceur\/non-ce-nest-pas-la-marche-nordique-ni-le-footing-qui-va-vous-faire-perdre-du-poids-voila-lactivite-la-plus-efficace-1163111.html?utm_campaign=partenariat&amp;utm_source=yahoo-articles&amp;utm_medium=flux\" rel=\"nofollow noopener\" target=\"_blank\" data-ylk=\"slk:Non, ce n&#039;est pas la marche nordique ni le footing qui va vous faire perdre du poids : voil\u00e0 l&#039;activit\u00e9 la plus efficace;elm:context_link;itc:0;sec:content-canvas\" class=\"link \">Non, ce n&rsquo;est pas la marche nordique ni le footing qui va vous faire perdre du poids : voil\u00e0 l&rsquo;activit\u00e9 la plus efficace<\/a><\/p>\n","protected":false},"excerpt":{"rendered":"Dans nos cuisines, certains ustensiles se fondent dans le d\u00e9cor au point d&rsquo;en devenir invisibles. Pourtant, leur innocuit\u00e9&hellip;\n","protected":false},"author":2,"featured_media":144279,"comment_status":"","ping_status":"","sticky":false,"template":"","format":"standard","meta":{"footnotes":""},"categories":[10],"tags":[24113,1011,27,72,71,17690],"class_list":{"0":"post-144278","1":"post","2":"type-post","3":"status-publish","4":"format-standard","5":"has-post-thumbnail","7":"category-sante","8":"tag-dr-sethi","9":"tag-fr","10":"tag-france","11":"tag-health","12":"tag-sante","13":"tag-saurabh-sethi"},"share_on_mastodon":{"url":"https:\/\/pubeurope.com\/@fr\/114608697654930365","error":""},"_links":{"self":[{"href":"https:\/\/www.europesays.com\/fr\/wp-json\/wp\/v2\/posts\/144278","targetHints":{"allow":["GET"]}}],"collection":[{"href":"https:\/\/www.europesays.com\/fr\/wp-json\/wp\/v2\/posts"}],"about":[{"href":"https:\/\/www.europesays.com\/fr\/wp-json\/wp\/v2\/types\/post"}],"author":[{"embeddable":true,"href":"https:\/\/www.europesays.com\/fr\/wp-json\/wp\/v2\/users\/2"}],"replies":[{"embeddable":true,"href":"https:\/\/www.europesays.com\/fr\/wp-json\/wp\/v2\/comments?post=144278"}],"version-history":[{"count":0,"href":"https:\/\/www.europesays.com\/fr\/wp-json\/wp\/v2\/posts\/144278\/revisions"}],"wp:featuredmedia":[{"embeddable":true,"href":"https:\/\/www.europesays.com\/fr\/wp-json\/wp\/v2\/media\/144279"}],"wp:attachment":[{"href":"https:\/\/www.europesays.com\/fr\/wp-json\/wp\/v2\/media?parent=144278"}],"wp:term":[{"taxonomy":"category","embeddable":true,"href":"https:\/\/www.europesays.com\/fr\/wp-json\/wp\/v2\/categories?post=144278"},{"taxonomy":"post_tag","embeddable":true,"href":"https:\/\/www.europesays.com\/fr\/wp-json\/wp\/v2\/tags?post=144278"}],"curies":[{"name":"wp","href":"https:\/\/api.w.org\/{rel}","templated":true}]}}