{"id":144290,"date":"2025-06-01T15:03:09","date_gmt":"2025-06-01T15:03:09","guid":{"rendered":"https:\/\/www.europesays.com\/fr\/144290\/"},"modified":"2025-06-01T15:03:09","modified_gmt":"2025-06-01T15:03:09","slug":"le-jackpot-grace-a-sa-premiere-victoire-en-ligue-des-champions-le-psg-va-toucher-un-gros-prize-money","status":"publish","type":"post","link":"https:\/\/www.europesays.com\/fr\/144290\/","title":{"rendered":"Le jackpot : gr\u00e2ce \u00e0 sa premi\u00e8re victoire en Ligue des champions, le PSG va toucher un gros \u00ab prize-money \u00bb"},"content":{"rendered":"<p class=\"paragraph text_align_left\">Le soulagement \u00e9tait total du c\u00f4t\u00e9 du PSG apr\u00e8s que le club a d\u00e9croch\u00e9, <a href=\"https:\/\/www.leparisien.fr\/sports\/football\/ligue-des-champions\/psg-inter-5-0-paris-tout-puissant-31-05-2025-DNPP4HBOWFG23OPCCCDDHQKRKU.php\" target=\"_blank\" rel=\"noreferrer nofollow noopener\">face \u00e0 l\u2019Inter Milan (5-0)<\/a>, son premier titre en Ligue des champions. Une couronne europ\u00e9enne qu\u2019il attendait depuis longtemps. Mais les dirigeants du <a href=\"https:\/\/www.leparisien.fr\/sports\/football\/psg\/\" target=\"_blank\" rel=\"noreferrer nofollow noopener\">Paris Saint-Germain<\/a> ont d\u2019autres raisons d\u2019\u00eatre heureux en voyant le prize money dont il a b\u00e9n\u00e9fici\u00e9 lors de cette \u00e9dition 2024-2025.<\/p>\n<p class=\"lp-f-ui-06 bet-widget_legal-notices lp-color-text-muted lp-mb-07\">LES JEUX D&rsquo;ARGENT ET DE HASARD PEUVENT \u00caTRE DANGEREUX : PERTES D&rsquo;ARGENT, CONFLITS FAMILIAUX, ADDICTION\u2026 RETROUVEZ NOS CONSEILS SUR <a href=\"https:\/\/joueurs-info-service.fr\/\" class=\"lp-color-text-muted\" rel=\"nofollow noopener\" target=\"_blank\">JOUEURS-INFO-SERVICE.FR<\/a> (09 74 75 13 13 &#8211; APPEL NON SURTAX\u00c9)<\/p>\n<p class=\"paragraph text_align_left\">Le club de la capitale va recevoir, en tout, 148.42 millions d\u2019euros de la part de l\u2019UEFA. Comme toutes les \u00e9quipes qualifi\u00e9es pour la phase de ligue, Paris avait touch\u00e9 18.62 millions d\u2019euros. \u00c0 cela se sont ajout\u00e9s 44.73 millions li\u00e9s aux droits t\u00e9l\u00e9s, aux classements sur les cinq derni\u00e8res ann\u00e9es et \u00e0 l\u2019historique dans la comp\u00e9tition.<\/p>\n<p class=\"paragraph text_align_left\">Sur le plan sportif, le PSG a r\u00e9cup\u00e9r\u00e9 une nouvelle prime \u00e0 chaque tour pass\u00e9. Apr\u00e8s avoir re\u00e7u 16.57 millions pour son classement en phase de ligue, son parcours lui a permis d\u2019obtenir 68.5 millions suppl\u00e9mentaires. Parmi cette somme, 4 millions sont li\u00e9s \u00e0 <a href=\"https:\/\/www.leparisien.fr\/sports\/football\/ligue-des-champions\/supercoupe-deurope-grace-a-son-sacre-en-ligue-des-champions-paris-affrontera-tottenham-le-13-aout-en-italie-01-06-2025-Z5ZMJ5NJDVH2DP3WKHMHKJD64E.php\" target=\"_blank\" rel=\"noreferrer nofollow noopener\">sa participation \u00e0 la Supercoupe d\u2019Europe<\/a> contre Tottenham le 13 ao\u00fbt.<\/p>\n<blockquote class=\"twitter-tweet\">\n<p lang=\"en\" dir=\"ltr\">\ud83d\udcb8\ud83d\udcb0\ud83d\udcca Your final \ud83d\udd35 UEFA Champions League (unofficial) prize money rankings for season 2024\/25<\/p>\n<p>\ud83d\udd39 PSG \ud83c\uddeb\ud83c\uddf7 made +\u20ac10.5m tonight:<\/p>\n<p>\u25aa\ufe0f +\u20ac6.5m is for winning the \ud83d\udd35 UCL final<br \/>\u25aa\ufe0f +\u20ac4m is for qualifying for UEFA Super Cup <\/p>\n<p>\ud83d\udd39 PSG \ud83c\uddeb\ud83c\uddf7 finish the season with record breaking \u20ac148.4m\u2026 <a href=\"https:\/\/t.co\/GWTWw6soXy\" rel=\"nofollow\">pic.twitter.com\/GWTWw6soXy<\/a><\/p>\n<p>\u2014 Football Meets Data (@fmeetsdata) <a href=\"https:\/\/twitter.com\/fmeetsdata\/status\/1928935854371725811?ref_src=twsrc%5Etfw\" rel=\"nofollow noopener\" target=\"_blank\">May 31, 2025<\/a><\/p><\/blockquote>\n<p><script async src=\"https:\/\/platform.twitter.com\/widgets.js\" charset=\"utf-8\"><\/script><\/p>\n","protected":false},"excerpt":{"rendered":"Le soulagement \u00e9tait total du c\u00f4t\u00e9 du PSG apr\u00e8s que le club a d\u00e9croch\u00e9, face \u00e0 l\u2019Inter Milan&hellip;\n","protected":false},"author":2,"featured_media":144291,"comment_status":"","ping_status":"","sticky":false,"template":"","format":"standard","meta":{"footnotes":""},"categories":[4],"tags":[11,63,1011,27,447,12,25,60],"class_list":{"0":"post-144290","1":"post","2":"type-post","3":"status-publish","4":"format-standard","5":"has-post-thumbnail","7":"category-france","8":"tag-actualites","9":"tag-football","10":"tag-fr","11":"tag-france","12":"tag-ligue-des-champions","13":"tag-news","14":"tag-republique-francaise","15":"tag-sports"},"share_on_mastodon":{"url":"https:\/\/pubeurope.com\/@fr\/114608721352677330","error":""},"_links":{"self":[{"href":"https:\/\/www.europesays.com\/fr\/wp-json\/wp\/v2\/posts\/144290","targetHints":{"allow":["GET"]}}],"collection":[{"href":"https:\/\/www.europesays.com\/fr\/wp-json\/wp\/v2\/posts"}],"about":[{"href":"https:\/\/www.europesays.com\/fr\/wp-json\/wp\/v2\/types\/post"}],"author":[{"embeddable":true,"href":"https:\/\/www.europesays.com\/fr\/wp-json\/wp\/v2\/users\/2"}],"replies":[{"embeddable":true,"href":"https:\/\/www.europesays.com\/fr\/wp-json\/wp\/v2\/comments?post=144290"}],"version-history":[{"count":0,"href":"https:\/\/www.europesays.com\/fr\/wp-json\/wp\/v2\/posts\/144290\/revisions"}],"wp:featuredmedia":[{"embeddable":true,"href":"https:\/\/www.europesays.com\/fr\/wp-json\/wp\/v2\/media\/144291"}],"wp:attachment":[{"href":"https:\/\/www.europesays.com\/fr\/wp-json\/wp\/v2\/media?parent=144290"}],"wp:term":[{"taxonomy":"category","embeddable":true,"href":"https:\/\/www.europesays.com\/fr\/wp-json\/wp\/v2\/categories?post=144290"},{"taxonomy":"post_tag","embeddable":true,"href":"https:\/\/www.europesays.com\/fr\/wp-json\/wp\/v2\/tags?post=144290"}],"curies":[{"name":"wp","href":"https:\/\/api.w.org\/{rel}","templated":true}]}}