{"id":144294,"date":"2025-06-01T15:05:10","date_gmt":"2025-06-01T15:05:10","guid":{"rendered":"https:\/\/www.europesays.com\/fr\/144294\/"},"modified":"2025-06-01T15:05:10","modified_gmt":"2025-06-01T15:05:10","slug":"firminy-soixante-ans-apres-existe-t-il-toujours-un-esprit-corbu-chez-les-habitants-de-son-immeuble","status":"publish","type":"post","link":"https:\/\/www.europesays.com\/fr\/144294\/","title":{"rendered":"Firminy. Soixante ans apr\u00e8s, existe-t-il toujours un \u00ab\u00a0esprit\u00a0Corbu\u00a0\u00bb chez les habitants de son immeuble\u202f?"},"content":{"rendered":"<p>Command\u00e9e par le maire Eug\u00e8ne Claudius-Petit en 1959, l\u2019unit\u00e9 d\u2019habitation de Firminy Vert commen\u00e7a \u00e0 sortir de terre en 1965\u00a0: la premi\u00e8re pierre fut pos\u00e9e par l\u2019architecte Le Corbusier et le maire le 21\u00a0mai. La fin des travaux intervint en octobre\u00a01967, sous la baguette de l\u2019architecte Wogensky, Le Corbusier \u00e9tant mort entre-temps, en 1965.<\/p>\n<p>Ici, tout a \u00e9t\u00e9 fait pour que les gens se rencontrent, \u00e9changent. Les choses vont bien marcher pendant les premi\u00e8res ann\u00e9es, o\u00f9 de nombreux anciens soixante-huitards vont venir s\u2019installer. Il se cr\u00e9e \u00e0 l\u2019\u00e9poque une ambiance comme nulle part ailleurs. \u00ab\u00a0Il y avait un esprit de village\u00a0\u00bb, se souvient, nostalgique, l\u2019un des habitants de l\u2019\u00e9poque.<\/p>\n<p>\u00ab\u00a0Tout le monde peut trouver certaines affinit\u00e9s\u00a0\u00bb<\/p>\n<p>Depuis, si les choses ont bien chang\u00e9, il est int\u00e9ressant de voir que le syst\u00e8me n\u2019est pas totalement effac\u00e9. \u00ab\u00a0On vit bien au Corbusier\u00a0\u00bb, confie Brigitte, qui y&#8230;<\/p>\n","protected":false},"excerpt":{"rendered":"Command\u00e9e par le maire Eug\u00e8ne Claudius-Petit en 1959, l\u2019unit\u00e9 d\u2019habitation de Firminy Vert commen\u00e7a \u00e0 sortir de terre&hellip;\n","protected":false},"author":2,"featured_media":144295,"comment_status":"","ping_status":"","sticky":false,"template":"","format":"standard","meta":{"footnotes":""},"categories":[9653],"tags":[1111,11,2430,7539,1777,674,10282,10283,1011,27,1908,12,25,4001,104],"class_list":{"0":"post-144294","1":"post","2":"type-post","3":"status-publish","4":"format-standard","5":"has-post-thumbnail","7":"category-saint-etienne","8":"tag-actu","9":"tag-actualites","10":"tag-auvergne-rhone-alpes","11":"tag-edition-loire-sud","12":"tag-eu","13":"tag-europe","14":"tag-firminy","15":"tag-firminy-ville","16":"tag-fr","17":"tag-france","18":"tag-logement","19":"tag-news","20":"tag-republique-francaise","21":"tag-saint-etienne","22":"tag-societe"},"share_on_mastodon":{"url":"https:\/\/pubeurope.com\/@fr\/114608729182917680","error":""},"_links":{"self":[{"href":"https:\/\/www.europesays.com\/fr\/wp-json\/wp\/v2\/posts\/144294","targetHints":{"allow":["GET"]}}],"collection":[{"href":"https:\/\/www.europesays.com\/fr\/wp-json\/wp\/v2\/posts"}],"about":[{"href":"https:\/\/www.europesays.com\/fr\/wp-json\/wp\/v2\/types\/post"}],"author":[{"embeddable":true,"href":"https:\/\/www.europesays.com\/fr\/wp-json\/wp\/v2\/users\/2"}],"replies":[{"embeddable":true,"href":"https:\/\/www.europesays.com\/fr\/wp-json\/wp\/v2\/comments?post=144294"}],"version-history":[{"count":0,"href":"https:\/\/www.europesays.com\/fr\/wp-json\/wp\/v2\/posts\/144294\/revisions"}],"wp:featuredmedia":[{"embeddable":true,"href":"https:\/\/www.europesays.com\/fr\/wp-json\/wp\/v2\/media\/144295"}],"wp:attachment":[{"href":"https:\/\/www.europesays.com\/fr\/wp-json\/wp\/v2\/media?parent=144294"}],"wp:term":[{"taxonomy":"category","embeddable":true,"href":"https:\/\/www.europesays.com\/fr\/wp-json\/wp\/v2\/categories?post=144294"},{"taxonomy":"post_tag","embeddable":true,"href":"https:\/\/www.europesays.com\/fr\/wp-json\/wp\/v2\/tags?post=144294"}],"curies":[{"name":"wp","href":"https:\/\/api.w.org\/{rel}","templated":true}]}}