{"id":144307,"date":"2025-06-01T15:13:09","date_gmt":"2025-06-01T15:13:09","guid":{"rendered":"https:\/\/www.europesays.com\/fr\/144307\/"},"modified":"2025-06-01T15:13:09","modified_gmt":"2025-06-01T15:13:09","slug":"un-saint-affricain-champion-de-france-avec-montpellier","status":"publish","type":"post","link":"https:\/\/www.europesays.com\/fr\/144307\/","title":{"rendered":"un Saint-Affricain champion de France avec Montpellier"},"content":{"rendered":"<p>Ma\u00ebl Mallavan, form\u00e9 au Saint-Affrique Handball, a d\u00e9croch\u00e9 le titre de champion de France U 18 avec le Montpellier Handball, le week-end dernier \u00e0 Vend\u00f4me, lors du tournoi final \u00e0 quatre \u00e9quipes. Apr\u00e8s avoir dispos\u00e9 de Tremblay-en-France en demi-finale, les jeunes espoirs montpelli\u00e9rains ont battu Cherbourg (qualifi\u00e9 aux d\u00e9pens du F\u00e9nix Toulouse) en finale.<\/p>\n<p>Un bel exploit qui rejaillit sur la formation saint-affricaine o\u00f9 Ma\u00ebl a fait ses classes jusqu\u2019en moins de 15 ans avant de rejoindre le P\u00f4le espoir de Montpellier et le MHB.<\/p>\n<p>Un grand bravo \u00e0 Ma\u00ebl et ses \u00e9quipiers et un clin d\u2019\u0153il \u00e0 ses parents, Patricia, ancienne co-pr\u00e9sidente du SAHB, et St\u00e9phane, entra\u00eeneur embl\u00e9matique du club, qui peuvent \u00eatre fiers de leur handballeur de fiston.<\/p>\n<p>Cerise sur le g\u00e2teau, Ma\u00ebl a \u00e9t\u00e9 retenu avec l\u2019\u00e9quipe de France U17 pour un stage de pr\u00e9paration et des matchs contre l\u2019Allemagne, du 16 au 22 juin prochains, \u00e0 Berlin.<\/p>\n<p>Tournoi qualificatif au Championnat de France pour les 15\/17 filles du SAHB<\/p>\n<p>G\u2026 <\/p>\n","protected":false},"excerpt":{"rendered":"Ma\u00ebl Mallavan, form\u00e9 au Saint-Affrique Handball, a d\u00e9croch\u00e9 le titre de champion de France U 18 avec le&hellip;\n","protected":false},"author":2,"featured_media":144308,"comment_status":"","ping_status":"","sticky":false,"template":"","format":"standard","meta":{"footnotes":""},"categories":[9599],"tags":[328,1111,11,1777,674,1011,27,27283,2208,12,2680,25,27284,27285],"class_list":{"0":"post-144307","1":"post","2":"type-post","3":"status-publish","4":"format-standard","5":"has-post-thumbnail","7":"category-montpellier","8":"tag-a-la-une","9":"tag-actu","10":"tag-actualites","11":"tag-eu","12":"tag-europe","13":"tag-fr","14":"tag-france","15":"tag-millavois-com","16":"tag-montpellier","17":"tag-news","18":"tag-occitanie","19":"tag-republique-francaise","20":"tag-saint-affrique","21":"tag-saint-affrique-handball"},"share_on_mastodon":{"url":"https:\/\/pubeurope.com\/@fr\/114608760741073627","error":""},"_links":{"self":[{"href":"https:\/\/www.europesays.com\/fr\/wp-json\/wp\/v2\/posts\/144307","targetHints":{"allow":["GET"]}}],"collection":[{"href":"https:\/\/www.europesays.com\/fr\/wp-json\/wp\/v2\/posts"}],"about":[{"href":"https:\/\/www.europesays.com\/fr\/wp-json\/wp\/v2\/types\/post"}],"author":[{"embeddable":true,"href":"https:\/\/www.europesays.com\/fr\/wp-json\/wp\/v2\/users\/2"}],"replies":[{"embeddable":true,"href":"https:\/\/www.europesays.com\/fr\/wp-json\/wp\/v2\/comments?post=144307"}],"version-history":[{"count":0,"href":"https:\/\/www.europesays.com\/fr\/wp-json\/wp\/v2\/posts\/144307\/revisions"}],"wp:featuredmedia":[{"embeddable":true,"href":"https:\/\/www.europesays.com\/fr\/wp-json\/wp\/v2\/media\/144308"}],"wp:attachment":[{"href":"https:\/\/www.europesays.com\/fr\/wp-json\/wp\/v2\/media?parent=144307"}],"wp:term":[{"taxonomy":"category","embeddable":true,"href":"https:\/\/www.europesays.com\/fr\/wp-json\/wp\/v2\/categories?post=144307"},{"taxonomy":"post_tag","embeddable":true,"href":"https:\/\/www.europesays.com\/fr\/wp-json\/wp\/v2\/tags?post=144307"}],"curies":[{"name":"wp","href":"https:\/\/api.w.org\/{rel}","templated":true}]}}