{"id":144309,"date":"2025-06-01T15:14:15","date_gmt":"2025-06-01T15:14:15","guid":{"rendered":"https:\/\/www.europesays.com\/fr\/144309\/"},"modified":"2025-06-01T15:14:15","modified_gmt":"2025-06-01T15:14:15","slug":"quelques-debordements-ont-eu-lieu-a-rouen-et-au-havre","status":"publish","type":"post","link":"https:\/\/www.europesays.com\/fr\/144309\/","title":{"rendered":"quelques d\u00e9bordements ont eu lieu \u00e0 Rouen et au Havre"},"content":{"rendered":"<p>            Par<br \/>\n        <strong><br \/>\n            <a href=\"https:\/\/actu.fr\/auteur\/vanessa-leroy\" title=\"Consulter tous les articles de Vanessa Leroy\" rel=\"nofollow noopener\" target=\"_blank\">Vanessa Leroy<\/a><br \/>\n        <\/strong><\/p>\n<p>        Publi\u00e9 le<\/p>\n<p>            1 juin 2025 \u00e0 16h10<br \/>\n        ; mis \u00e0 jour le 1 juin 2025 \u00e0 16h21    <\/p>\n<p>C\u2019est un <a href=\"https:\/\/actu.fr\/ile-de-france\/paris_75056\/parades-des-joueurs-du-psg-de-roissy-au-parc-des-princes-via-les-champs-elysees-le-parcours-prevu_62713213.html\" rel=\"nofollow noopener\" target=\"_blank\">titre historique pour le Paris Saint-Germain<\/a> qui a remport\u00e9, <strong>samedi 31 mai 2025<\/strong>, sa premi\u00e8re Ligue des Champions en battant l\u2019Inter Milan cinq buts \u00e0 z\u00e9ro \u00e0 Munich (Allemagne).<\/p>\n<p class=\" wall-content\">Une victoire f\u00eat\u00e9e (presque) partout en France, et notamment <strong>\u00e0 Rouen et au Havre<\/strong> (<a href=\"https:\/\/actu.fr\/76actu\/\" rel=\"nofollow noopener\" target=\"_blank\">Seine-Maritime<\/a>).<\/p>\n<p>Des milliers de supporters dans les rues<\/p>\n<p class=\" wall-content\">Ils \u00e9taient ainsi <strong>des milliers de supporters du PSG<\/strong>, \u00e0 pied ou en voiture, \u00e0 se retrouver dans le centre-ville rouennais une fois le coup de sifflet final donn\u00e9.<\/p>\n<p class=\" wall-content\">\n<p class=\" wall-content\">Chants, fumig\u00e8nes, klaxon\u2026 les fans se sont fait entendre. Mais pas que\u2026<\/p>\n<p class=\" wall-content\">La pr\u00e9fecture de la Seine-Maritime indique que <strong>pendant la nuit du samedi 31 mai au dimanche 1er juin 2025<\/strong>, \u00ab\u00a0les forces de police sont intervenues en marge du match de football PSG-Inter Milan, \u00e0 Rouen et au Havre, pour contenir des supporters au comportement violent\u00a0\u00bb.<\/p>\n<p class=\" wall-content\">Ainsi, quelque feux de poubelles ont notamment d\u00fb \u00eatre \u00e9teints \u00e0 Rouen. Pour autant, \u00ab\u00a0aucun bless\u00e9 n\u2019est \u00e0 d\u00e9plorer\u00a0\u00bb, pr\u00e9cisent les services de l\u2019Etat.<\/p>\n<p>Vid\u00e9os : en ce moment sur ActuSuivez l\u2019actualit\u00e9 du <a href=\"https:\/\/www.whatsapp.com\/channel\/0029VaFqJYE8aKvLBwVrEe0o\" rel=\"nofollow noopener\" target=\"_blank\">Havre<\/a> et de <a href=\"https:\/\/www.whatsapp.com\/channel\/0029VaKfnf99hXF2ddApFB1D\" rel=\"nofollow noopener\" target=\"_blank\">Rouen<\/a> sur nos cha\u00eenes WhatsApp et <a href=\"https:\/\/www.tiktok.com\/@76actu.fr?lang=fr\" rel=\"nofollow noopener\" target=\"_blank\">sur notre compte TikTok<\/a><\/p>\n<p class=\" wall-content\">Suivez toute l\u2019actualit\u00e9 de vos villes et m\u00e9dias favoris en vous inscrivant \u00e0 <a href=\"https:\/\/moncompte.actu.fr\" title=\"D\u00e9couvez Mon Actu\" rel=\"nofollow noopener\" data-trk=\"{&quot;cta&quot;:{&quot;action&quot;:&quot;https:\\\/\\\/moncompte.actu.fr&quot;,&quot;category&quot;:&quot;mon compte&quot;,&quot;from&quot;:&quot;article footer&quot;,&quot;name&quot;:&quot;Mon actu&quot;,&quot;type&quot;:&quot;cta&quot;}}\" target=\"_blank\">Mon Actu<\/a>.<\/p>\n<p>                    <script async src=\"\/\/www.tiktok.com\/embed.js\"><\/script><\/p>\n","protected":false},"excerpt":{"rendered":"Par Vanessa Leroy Publi\u00e9 le 1 juin 2025 \u00e0 16h10 ; mis \u00e0 jour le 1 juin 2025&hellip;\n","protected":false},"author":2,"featured_media":144310,"comment_status":"","ping_status":"","sticky":false,"template":"","format":"standard","meta":{"footnotes":""},"categories":[9587],"tags":[1111,11,1777,674,118,1011,27,447,12,5161,2332,25,9590,7501],"class_list":{"0":"post-144309","1":"post","2":"type-post","3":"status-publish","4":"format-standard","5":"has-post-thumbnail","7":"category-rouen","8":"tag-actu","9":"tag-actualites","10":"tag-eu","11":"tag-europe","12":"tag-faits-divers","13":"tag-fr","14":"tag-france","15":"tag-ligue-des-champions","16":"tag-news","17":"tag-normandie","18":"tag-paris-saint-germain-psg","19":"tag-republique-francaise","20":"tag-rouen","21":"tag-violences-urbaines"},"share_on_mastodon":{"url":"https:\/\/pubeurope.com\/@fr\/114608764512758340","error":""},"_links":{"self":[{"href":"https:\/\/www.europesays.com\/fr\/wp-json\/wp\/v2\/posts\/144309","targetHints":{"allow":["GET"]}}],"collection":[{"href":"https:\/\/www.europesays.com\/fr\/wp-json\/wp\/v2\/posts"}],"about":[{"href":"https:\/\/www.europesays.com\/fr\/wp-json\/wp\/v2\/types\/post"}],"author":[{"embeddable":true,"href":"https:\/\/www.europesays.com\/fr\/wp-json\/wp\/v2\/users\/2"}],"replies":[{"embeddable":true,"href":"https:\/\/www.europesays.com\/fr\/wp-json\/wp\/v2\/comments?post=144309"}],"version-history":[{"count":0,"href":"https:\/\/www.europesays.com\/fr\/wp-json\/wp\/v2\/posts\/144309\/revisions"}],"wp:featuredmedia":[{"embeddable":true,"href":"https:\/\/www.europesays.com\/fr\/wp-json\/wp\/v2\/media\/144310"}],"wp:attachment":[{"href":"https:\/\/www.europesays.com\/fr\/wp-json\/wp\/v2\/media?parent=144309"}],"wp:term":[{"taxonomy":"category","embeddable":true,"href":"https:\/\/www.europesays.com\/fr\/wp-json\/wp\/v2\/categories?post=144309"},{"taxonomy":"post_tag","embeddable":true,"href":"https:\/\/www.europesays.com\/fr\/wp-json\/wp\/v2\/tags?post=144309"}],"curies":[{"name":"wp","href":"https:\/\/api.w.org\/{rel}","templated":true}]}}