{"id":144315,"date":"2025-06-01T15:19:08","date_gmt":"2025-06-01T15:19:08","guid":{"rendered":"https:\/\/www.europesays.com\/fr\/144315\/"},"modified":"2025-06-01T15:19:08","modified_gmt":"2025-06-01T15:19:08","slug":"baignades-roller-disco-cine-en-plein-air-vous-ne-savez-pas-quoi-faire-cet-ete-a-rennes-voici-le-programme","status":"publish","type":"post","link":"https:\/\/www.europesays.com\/fr\/144315\/","title":{"rendered":"Baignades, roller-disco, cin\u00e9 en plein air\u2026 Vous ne savez pas quoi faire cet \u00e9t\u00e9 \u00e0 Rennes ? Voici le programme"},"content":{"rendered":"<p>            Par<br \/>\n        <strong><br \/>\n            <a href=\"https:\/\/actu.fr\/auteur\/lou-batteux\" title=\"Consulter tous les articles de Lou Batteux\" target=\"_blank\" rel=\"noopener\">Lou Batteux<\/a><br \/>\n        <\/strong><\/p>\n<p>        Publi\u00e9 le<\/p>\n<p>            1 juin 2025 \u00e0 16h42        <\/p>\n<p>Entre activit\u00e9s culturelles, sportives, de d\u00e9tente et de loisirs, ou tourn\u00e9es vers la nature, <a href=\"https:\/\/actu.fr\/rennes\/\" target=\"_blank\" rel=\"noopener\">Rennes<\/a> regorge d\u2019animations pour l\u2019\u00e9t\u00e9 2025. Ouvertes \u00e0<strong> tous les \u00e2ges<\/strong>, elles sont en majorit\u00e9 <strong>gratuites<\/strong>, ou sinon \u00e0 <strong>tarif r\u00e9duit,<\/strong> notamment\u00a0pour les d\u00e9tenteurs de la <strong>carte Sortir\u2009!<\/strong>.<\/p>\n<p>1- De multiples activit\u00e9s sportives<\/p>\n<p class=\" wall-content\">Cet \u00e9t\u00e9, les <strong>\u00e9ducateurs sportifs de la Ville de Rennes<\/strong> ainsi que certaines associations viendront animer les <strong>vacances des enfants<\/strong> en leur proposant plein d\u2019activit\u00e9s.<\/p>\n<p class=\" wall-content\">En effet, <strong>trois villages pluriactivit\u00e9s<\/strong> vous accueilleront\u2009:<\/p>\n<ul class=\" wall-content\">\n<li>Au <strong>parc du Berry<\/strong>, \u00e0 Villejean, <strong>du 4 au 28\u00a0ao\u00fbt<\/strong>, du lundi au vendredi, de 14h \u00e0 19h. Berry Plage sera \u00e9galement accessible <strong>du 5\u00a0juillet au 1er\u00a0ao\u00fbt<\/strong>, du lundi au vendredi, de 15h \u00e0 22h\u2009;<\/li>\n<li>Au <strong>complexe de la Motte Brulon<\/strong>, \u00e0 Maurepas-Bellangerais, <strong>du 7\u00a0juillet au 1er\u00a0ao\u00fbt<\/strong>, du lundi au vendredi, de 14h \u00e0 19h\u2009;<\/li>\n<li>Au <strong>parc des Hautes Ourmes<\/strong>, au Blosne, <strong>du 7\u00a0juillet au 28\u00a0ao\u00fbt<\/strong>, du lundi au vendredi, de 14h \u00e0 19h.<\/li>\n<\/ul>\n<p class=\" wall-content\">Gr\u00e2ce aux \u00e9ducateurs sportifs pr\u00e9sents sur place chaque apr\u00e8s-midi, <strong>les enfants de 8 \u00e0 14\u00a0ans<\/strong> peuvent tester de nombreuses disciplines\u2009: <strong>escalade, rugby, basket, tir \u00e0 l\u2019arc, jeux g\u00e9ants, v\u00e9lo, grimpe d\u2019arbres\u2026<\/strong><\/p>\n<p>Vid\u00e9os : en ce moment sur Actu<\/p>\n<p class=\" wall-content\">Des programmes d\u2019activit\u00e9s sont aussi mis \u00e0 disposition :<\/p>\n<ul class=\" wall-content\">\n<li>\u00e0 <strong>Br\u00e9quigny<\/strong>, pr\u00e8s du gymnase Jacques Pr\u00e9vert, <strong>du 7\u00a0juillet au 1er\u00a0ao\u00fbt<\/strong>, du lundi au vendredi, de 13h30 \u00e0 21h ;<\/li>\n<li>\u00e0 <strong>Cleunay<\/strong>, derri\u00e8re le BAM, <strong>du 15 au 18\u00a0juillet<\/strong>, de 15h30 \u00e0 18h30, les mardi, jeudi et vendredi et de 18h \u00e0 22h le mercredi.<\/li>\n<\/ul>\n<p class=\" wall-content\">Le <strong>Cercle Paul Bert Cleunay<\/strong> accueille \u00e9galement les <strong>jeunes de 11 \u00e0 15\u00a0ans<\/strong>, <strong>du 7\u00a0juillet au 8\u00a0ao\u00fbt et du 25 au 29\u00a0ao\u00fbt<\/strong>, de 14h \u00e0 17h au gymnase R\u00e9cipon pour 5h de sport par semaine, des sorties culturelles et sportives en ext\u00e9rieur et des ateliers d\u2019interconnaissance.<\/p>\n<p class=\" wall-content\">L\u2019association multisport <strong>UFOLEP 35<\/strong> lance sa <strong>caravane du sport<\/strong> en juillet. Lors de 21 dates, \u00ab\u2009dont trois sp\u00e9cifiquement d\u00e9di\u00e9es aux seniors\u2009\u00bb, elle d\u00e9ploie ses \u00e9quipements <strong>sur les places ou dans les parcs de la ville<\/strong> pour vous faire d\u00e9couvrir le volley ou le dodge ball, vous initier au parkour, vous apprendre les gestes qui sauvent, ou vous faire bouger en pratiquant le kravmaga.<\/p>\n<p class=\" wall-content\">Pour les amateurs de glisse ou les plus passionn\u00e9s, <strong>la patinoire Le Blizz ouvre sa piste \u00e0 tous<\/strong>, que ce soit pour pratiquer le hockey, le freestyle, le patinage artistique ou de vitesse ou simplement s\u2019essayer \u00e0 ce sport de glisse. Chaque jeudi soir, la patinoire propose <strong>une soir\u00e9e roller\u2011disco<\/strong> jusqu\u2019\u00e0 22h30.<\/p>\n<p>Horaires\u2009: du 1er\u00a0juillet au 29\u00a0ao\u00fbt, du mardi au vendredi (de 14 \u00e0 18h), et nocturne le jeudi.<\/p>\n<p>2- Tous \u00e0 l\u2019eau<\/p>\n<p class=\" wall-content\">Sortez vos maillots de bain et votre cr\u00e8me solaire, <strong>les plages et les piscines<\/strong> seront ouvertes. Aux <strong>\u00c9tangs d\u2019Apign\u00e9<\/strong>, la baignade est surveill\u00e9e en continu du samedi 21\u00a0juin au dimanche 7\u00a0septembre de 12h30 \u00e0 18h30.<\/p>\n<p class=\" wall-content\">Chaque jour de l\u2019\u00e9t\u00e9,<strong> la ligne estivale Api\u2019Bus<\/strong> relie la place de la R\u00e9publique aux \u00c9tangs d\u2019Apign\u00e9. Retrouvez les horaires des bus sur <a href=\"https:\/\/www.star.fr\/actualites\/apibus\" target=\"_blank\" rel=\"noopener\">star.fr\/actualites\/apibus<\/a>.<\/p>\n<p class=\" wall-content\">Aux <strong>plages et \u00e0 la base nautique de Baud<\/strong>, des activit\u00e9s nautiques comme le kayak ou l\u2019aviron sont r\u00e9guli\u00e8rement propos\u00e9es.<\/p>\n<p class=\" wall-content\">Embarquez \u00e0 bord des <strong>P\u2019tits Bateaux \u00e9lectriques s<\/strong><strong>ur le canal d\u2019Ille-et-Rance<\/strong>, au d\u00e9part des prairies Saint-Martin. Retrouvez <strong>les horaires et les tarifs<\/strong> sur <a href=\"https:\/\/www.lesptitsbateaux-rennes.com\/\" target=\"_blank\" rel=\"noopener\">lesptitsbateaux-rennes.com<\/a>.<\/p>\n<p class=\" wall-content\">Sur <strong>la Vilaine<\/strong>, vous pouvez louer des cano\u00ebs et des paddles ainsi que des bateaux \u00e9lectriques \u00e0 <strong>l\u2019embarcad\u00e8re du quai Saint\u2011Cyr<\/strong>, face au Mabilay. Retrouvez les horaires et les tarifs sur <a href=\"https:\/\/www.embarcadere-rennes.fr\/\" target=\"_blank\" rel=\"noopener\">embarcadere-rennes.fr<\/a>.<\/p>\n<p class=\" wall-content\">Tout l\u2019\u00e9t\u00e9, deux <strong>grandes piscines rennaises<\/strong> sont ouvertes. Celle de <strong>Br\u00e9quigny<\/strong> avec son bassin olympique en int\u00e9rieur et son bassin nordique en plein air, et celle des <strong>Gayeulles<\/strong>, avec ses espaces pour les enfants et son bassin \u00e0 vagues. Pour conna\u00eetre <strong>les horaires d\u2019ouverture<\/strong>, rendez-vous sur <a href=\"https:\/\/metropole.rennes.fr\/les-horaires-des-piscines\" target=\"_blank\" rel=\"noopener\">metropole. rennes.fr\/les-horairesdes\u2011piscines<\/a>.<\/p>\n<p class=\" wall-content\">Des <strong>brumisateurs ou des jeux d\u2019eau<\/strong> sont \u00e9galement propos\u00e9s :<\/p>\n<ul class=\" wall-content\">\n<li>\u00e0 la plage de l\u2019\u00e9tang d\u2019Apign\u00e9 ;<\/li>\n<li>dans les parcs du Berry, de Maurepas ;<\/li>\n<li>sur les plages de Baud ;<\/li>\n<li>aux abords des stations de m\u00e9tro Gros\u2011Ch\u00eane et Saint Germain.<\/li>\n<\/ul>\n<p class=\" wall-content\">Vous pouvez retrouver <strong>la carte des espaces fra\u00eecheur disponibles<\/strong> sur <a href=\"https:\/\/ete.rennes.fr\/agenda\/event\/?types-devenement%5B0%5D=5\" target=\"_blank\" rel=\"noopener\">ete.rennes.fr<\/a>.<\/p>\n<p>3- Les cin\u00e9s en plein air<\/p>\n<p class=\" wall-content\">Voici quelques-uns des nombreux <strong>cin\u00e9mas plein air<\/strong> propos\u00e9s par l\u2019association de promotion du cin\u00e9ma <strong>Clair Obscur<\/strong> et les associations de quartiers. Cette ann\u00e9e, les <strong>films accessibles \u00e0 tout public et gratuits<\/strong>\u00a0rejoignent la th\u00e9matique du \u00ab\u2009Vivre ensemble\u2009\u00bb.<\/p>\n<ul class=\" wall-content\">\n<li><strong>Le Sens de la f\u00eate<\/strong> de Eric Toledano et Olivier Nakache, vendredi 4\u00a0juillet \u00e0 l\u2019\u00c9tang des Long Champs, \u00e0 22h30\u2009;<\/li>\n<li><strong>La Vache<\/strong> de Mohamed Hamidi, mercredi 16\u00a0juillet au Jardin des Vikings \u00e0 Br\u00e9quigny, \u00e0 22h30\u2009;<\/li>\n<li><strong>\u00c0 l\u2019abordage<\/strong> de Guillaume Brac, jeudi 17 juillet, place Gros Ch\u00eane, \u00e0 Maurepas, \u00e0 22h30\u2009;<\/li>\n<li><strong>E.T. l\u2019Extra-Terrestre<\/strong> de Steven Spielberg, mardi 26\u00a0ao\u00fbt au Beach-Park rue Charles G\u00e9niaux, \u00e0 21h30\u2009;<\/li>\n<li><strong>Kirikou et les Hommes et les Femmes<\/strong> de Michel Ocelot, mercredi 27\u00a0ao\u00fbt au R\u00e9cipon, \u00e0 Cleunay, \u00e0 21h30\u2009;<\/li>\n<li><strong>Rasta Rockett<\/strong> de Jon Turteltaub, lundi 25\u00a0ao\u00fbt au Parc des Hautes Ourmes, au Blosne, \u00e0 21h30.<\/li>\n<\/ul>\n<p class=\" wall-content\">En attendant le d\u00e9but des projections, <strong>de nombreuses animations, gratuites et pour tout public<\/strong>, sont propos\u00e9es l\u2019apr\u00e8s-midi. <strong>Une restauration et une buvette<\/strong> sont \u00e9galement install\u00e9es sur place.<\/p>\n<p>4- Au contact de la nature<\/p>\n<p class=\" wall-content\">Parcs et jardins, guinguettes, fermes urbaines\u2026 Cet \u00e9t\u00e9, il est possible de <strong>se reconnecter avec la nature m\u00eame \u00e0 Rennes<\/strong>.<\/p>\n<p class=\" wall-content\">Dans les parcs du Landry, des Gayeulles et pr\u00e8s de l\u2019all\u00e9e de Maurepas, de <strong>nouvelles aires de jeux<\/strong> ont pris place. Des \u0153uvres d\u2019art se sont aussi invit\u00e9es au <strong>parc des Tanneurs<\/strong>.<\/p>\n<p class=\" wall-content\">Sous le soleil d\u2019\u00e9t\u00e9,<strong> les guinguettes rouvrent leurs portes<\/strong>. Georgette, La Capitainerie, La Quincette, La Basse Cour, la guinguette du Roazhon Pub ou encore celle du MeM\u2026 Retrouvez toutes les <a href=\"https:\/\/actu.fr\/bretagne\/rennes_35238\/guinguettes-a-rennes-dates-de-reouverture-infos-pratiques-ce-qu-il-faut-savoir-pour-la-saison-2025_62327275.html\" target=\"_blank\" rel=\"noopener\">guinguettes ouvertes \u00e0 Rennes cet \u00e9t\u00e9 dans notre article d\u00e9di\u00e9<\/a>.<\/p>\n<p class=\" wall-content\">Une ferme en ville\u2009? <strong>L\u2019\u00c9comus\u00e9e de la Bintinais<\/strong>, route de Ch\u00e2tillon-sur-Seiche, \u00e0 Rennes, regroupe 19 races locales et un parc bocager de 19 hectares dans lequel se balader. <strong>Des \u00e9v\u00e9nements et des ateliers sont organis\u00e9s tout l\u2019\u00e9t\u00e9<\/strong> et l\u2019exposition Fleurs, au-del\u00e0 des apparences se tient jusqu\u2019au 31\u00a0ao\u00fbt. La <strong>programmation compl\u00e8te<\/strong> est \u00e0 d\u00e9couvrir sur le site <a href=\"https:\/\/www.ecomusee-rennes-metropole.fr\/\" target=\"_blank\" rel=\"noopener\">ecomusee-rennes-metropole.fr<\/a>.<\/p>\n<p class=\" wall-content\">\u00c0 Rennes, <strong>trois fermes urbaines ouvrent \u00e9galement leurs champs<\/strong> au public pour des cours de jardinage, des ateliers cuisine ou pour une vir\u00e9e au vert tout simplement. Rendez-vous au <strong>Jardin des Mille\u2011Pas<\/strong>, \u00e0 la Pr\u00e9valaye, \u00e0 <strong>la ferme de Quinc\u00e9<\/strong>, \u00e0 Beauregard ou bien aux <strong>Cols-Verts<\/strong>, au Blosne.<\/p>\n<p class=\" wall-content\">Pour celles et ceux qui voudraient s\u2019\u00e9vader plus loin, le dispositif <strong>Rennes \u00e0 la mer et au vert vous permet de partir en excursion <\/strong><strong>\u00e0 la journ\u00e9e<\/strong>, que ce soit en bord de mer ou \u00e0 la campagne. Ces sorties sont organis\u00e9es <strong>du 9\u00a0juillet au 25\u00a0ao\u00fbt<\/strong>.<\/p>\n<p class=\" wall-content\">Vous pouvez acheter vos billets \u00e0 <strong>la Maison des A\u00een\u00e9s et des Aidants, place du Colombier<\/strong>, \u00e0 partir du lundi 7\u00a0juillet \u00e0 14h. Les tarifs sont de <strong>9\u00a0euros pour les 5-15\u00a0ans<\/strong> (2,50\u00a0euros pour ceux qui d\u00e9tiennent la carte Sortir\u2009!), de <strong>13,50\u00a0euros pour les plus de 15\u00a0ans<\/strong> (4,50\u00a0euros avec la carte Sortir\u2009!) et <strong>gratuit pour les enfants de 5\u00a0ans ou moins<\/strong>.<\/p>\n<p>Vacances pour tous<\/p>\n<p>Avec le dispositif \u00ab Vacances pour tous \u00bb, la Ville de Rennes soutient les associations, les \u00e9quipements de quartiers et les centres sociaux qui proposent des sorties \u00e0 la journ\u00e9e et des s\u00e9jours \u00e0 destination des familles en situation de pr\u00e9carit\u00e9 (financement des frais de transports, de l&rsquo;h\u00e9bergement, des activit\u00e9s). <br \/>Journ\u00e9e \u00e0 la plage, dans un parc d&rsquo;attraction, balade fluviale, s\u00e9jours encadr\u00e9s en bord de mer&#8230; Plusieurs sorties et s\u00e9jours sont pr\u00e9vus tout l&rsquo;\u00e9t\u00e9. <br \/>Comme en 2024, un budget de 40 000 euros permet d&rsquo;accompagner 15 projets, au b\u00e9n\u00e9fice d&rsquo;environ 7 000 personnes.<\/p>\n<p>5- Place \u00e0 la culture<\/p>\n<p class=\" wall-content\">Cet \u00e9t\u00e9, <strong>l\u2019art contemporain revient en ville<\/strong> avec la 5e \u00e9dition de l\u2019\u00e9v\u00e8nement <strong>Exporama<\/strong>. Le <strong>portrait<\/strong> est mis sur le devant de la sc\u00e8ne cette ann\u00e9e au Couvent des Jacobins, au Mus\u00e9e des beaux-arts, mais aussi dans les rues et les parcs en version galerie \u00e0 ciel ouvert. Retrouvez toute la programmation sur <a href=\"https:\/\/www.exporama-rennes.fr\/\" target=\"_blank\" rel=\"noopener\">exporama-rennes.fr<\/a>.<\/p>\n<p class=\" wall-content\">La <strong>fa\u00e7ade du Parlement de Bretagne<\/strong> reprend des couleurs cet \u00e9t\u00e9 avec la <strong>projection monumentale intitul\u00e9e Regards<\/strong>. Ce spectacle immersif gratuit de 18\u00a0minutes est \u00e0 d\u00e9couvrir <strong>tous les soirs du 12\u00a0juillet au 24\u00a0ao\u00fbt<\/strong>. Il sera projet\u00e9 \u00e0 23h jusqu\u2019au 2\u00a0ao\u00fbt, puis \u00e0 22h30 \u00e0 partir du 3\u00a0ao\u00fbt et jusqu\u2019au 24\u00a0ao\u00fbt.<\/p>\n<p class=\" wall-content\">L\u2019incontournable festival<strong> Transat en ville<\/strong>, organis\u00e9 et produit par la Ville de Rennes, revient animer le c\u0153ur de la ville et les quartiers de Rennes en proposant <strong>des animations et des concerts gratuits<\/strong>.<\/p>\n<p class=\" wall-content\">Du 12\u00a0juillet au 23\u00a0ao\u00fbt 2025, <strong>l\u2019espace de d\u00e9tente de la place de la Mairie<\/strong> ouvre du mardi au samedi de 12h \u00e0 19h et <strong>la radio Canal B y propose des instants musicaux les mercredis<\/strong> de 14h \u00e0 15h.<\/p>\n<p class=\" wall-content\">Plusieurs artistes enflammeront <strong>la sc\u00e8ne de la place de la Mairie tous les samedis<\/strong>. D\u2019autres <strong>concerts<\/strong> sont \u00e9galement organis\u00e9s les <strong>jeudis en quartier<\/strong>. Les<strong> associations culturelles rennaises<\/strong>, quant \u00e0 elles, viendront animer le festival dans plusieurs endroits de Rennes. La programmation compl\u00e8te est r\u00e9v\u00e9l\u00e9e le 5\u00a0juin\u00a0sur\u00a0<a href=\"https:\/\/ete.rennes.fr\/agenda\/transat-en-ville\/\" target=\"_blank\" rel=\"noopener\">transatenville.fr<\/a>.<\/p>\n<p class=\" wall-content\">Les<strong> biblioth\u00e8ques de Rennes<\/strong> investissent les quartiers avec des animations gratuites et le nouveau<strong> Mus\u00e9e des beaux-arts de Maurepas<\/strong> vit son premier \u00e9t\u00e9 cette ann\u00e9e. \u00c0 l\u2019ext\u00e9rieur du mus\u00e9e,<strong> l<\/strong><strong>\u2019exposition Fantaisies<\/strong>\u00a0d\u2019Isabelle Arthuis, et les <strong>sculptures vitrines<\/strong> d\u2019Isabelle Cornaro sont \u00e0 d\u00e9couvrir. Ce mus\u00e9e gratuit est ouvert du mercredi au dimanche de 14h \u00e0 18h.<\/p>\n<p>Retrouvez l\u2019int\u00e9gralit\u00e9 du programme des animations de l\u2019\u00e9t\u00e9 sur <a href=\"https:\/\/ete.rennes.fr\" target=\"_blank\" rel=\"noopener\">ete.rennes.fr<\/a>.<\/p>\n<p class=\" wall-content\">Suivez toute l\u2019actualit\u00e9 de vos villes et m\u00e9dias favoris en vous inscrivant \u00e0 <a href=\"https:\/\/moncompte.actu.fr\" title=\"D\u00e9couvez Mon Actu\" rel=\"nofollow noopener\" data-trk=\"{&quot;cta&quot;:{&quot;action&quot;:&quot;https:\\\/\\\/moncompte.actu.fr&quot;,&quot;category&quot;:&quot;mon compte&quot;,&quot;from&quot;:&quot;article footer&quot;,&quot;name&quot;:&quot;Mon actu&quot;,&quot;type&quot;:&quot;cta&quot;}}\" target=\"_blank\">Mon Actu<\/a>.<\/p>\n","protected":false},"excerpt":{"rendered":"Par Lou Batteux Publi\u00e9 le 1 juin 2025 \u00e0 16h42 Entre activit\u00e9s culturelles, sportives, de d\u00e9tente et de&hellip;\n","protected":false},"author":2,"featured_media":144316,"comment_status":"","ping_status":"","sticky":false,"template":"","format":"standard","meta":{"footnotes":""},"categories":[2821],"tags":[1111,11,1063,829,1777,674,1011,27,1652,12,8302,584,25,3176],"class_list":{"0":"post-144315","1":"post","2":"type-post","3":"status-publish","4":"format-standard","5":"has-post-thumbnail","7":"category-rennes","8":"tag-actu","9":"tag-actualites","10":"tag-animations","11":"tag-bretagne","12":"tag-eu","13":"tag-europe","14":"tag-fr","15":"tag-france","16":"tag-loisirs-culture","17":"tag-news","18":"tag-plages","19":"tag-rennes","20":"tag-republique-francaise","21":"tag-vacances-scolaires"},"share_on_mastodon":{"url":"https:\/\/pubeurope.com\/@fr\/114608784309668962","error":""},"_links":{"self":[{"href":"https:\/\/www.europesays.com\/fr\/wp-json\/wp\/v2\/posts\/144315","targetHints":{"allow":["GET"]}}],"collection":[{"href":"https:\/\/www.europesays.com\/fr\/wp-json\/wp\/v2\/posts"}],"about":[{"href":"https:\/\/www.europesays.com\/fr\/wp-json\/wp\/v2\/types\/post"}],"author":[{"embeddable":true,"href":"https:\/\/www.europesays.com\/fr\/wp-json\/wp\/v2\/users\/2"}],"replies":[{"embeddable":true,"href":"https:\/\/www.europesays.com\/fr\/wp-json\/wp\/v2\/comments?post=144315"}],"version-history":[{"count":0,"href":"https:\/\/www.europesays.com\/fr\/wp-json\/wp\/v2\/posts\/144315\/revisions"}],"wp:featuredmedia":[{"embeddable":true,"href":"https:\/\/www.europesays.com\/fr\/wp-json\/wp\/v2\/media\/144316"}],"wp:attachment":[{"href":"https:\/\/www.europesays.com\/fr\/wp-json\/wp\/v2\/media?parent=144315"}],"wp:term":[{"taxonomy":"category","embeddable":true,"href":"https:\/\/www.europesays.com\/fr\/wp-json\/wp\/v2\/categories?post=144315"},{"taxonomy":"post_tag","embeddable":true,"href":"https:\/\/www.europesays.com\/fr\/wp-json\/wp\/v2\/tags?post=144315"}],"curies":[{"name":"wp","href":"https:\/\/api.w.org\/{rel}","templated":true}]}}