{"id":144322,"date":"2025-06-01T15:23:12","date_gmt":"2025-06-01T15:23:12","guid":{"rendered":"https:\/\/www.europesays.com\/fr\/144322\/"},"modified":"2025-06-01T15:23:12","modified_gmt":"2025-06-01T15:23:12","slug":"on-en-a-pris-plein-les-yeux-les-magnifiques-images-des-dauphins-apercus-au-large-de-cap-dail-et-monaco","status":"publish","type":"post","link":"https:\/\/www.europesays.com\/fr\/144322\/","title":{"rendered":"\u00ab\u00a0On en a pris plein les yeux\u00a0\u00bb: les magnifiques images des dauphins aper\u00e7us au large de Cap d&rsquo;Ail et Monaco"},"content":{"rendered":"<p>Un spectacle magnifique ! Voil\u00e0 ce qu&rsquo;on v\u00e9cu les plaisanciers de ce bateau au large de<strong> Cap d&rsquo;Ail et Monaco ce jeudi 29 mai.\u00a0<\/strong><\/p>\n<p>Une dizaine de dauphins sont venus s&rsquo;amuser \u00e0 c\u00f4t\u00e9 du bateau et <strong>ont fait quelques sauts<\/strong> captur\u00e9s en vid\u00e9o par la bande d&rsquo;amis pr\u00e9sente \u00e0 bord.\u00a0<\/p>\n<p>Un moment suspendu aussi bien \u00e0 bord qu&rsquo;en visionnant les images. Le groupe de dauphins a nag\u00e9 pendant une bonne <strong>dizaine de minutes autour du bateau<\/strong> non loin des c\u00f4tes.\u00a0<\/p>\n<p>\u00ab\u00a0On en a pris plein les yeux\u00a0\u00bb, assure Francesca, l&rsquo;une des passag\u00e8res \u00e0 bord. La<strong> mer M\u00e9diterran\u00e9e \u00e9tait particuli\u00e8rement calme ce jour-l\u00e0,<\/strong> ce qui a permis aux plaisanciers de les voir sous l&rsquo;eau depuis le bateau.\u00a0<\/p>\n","protected":false},"excerpt":{"rendered":"Un spectacle magnifique ! Voil\u00e0 ce qu&rsquo;on v\u00e9cu les plaisanciers de ce bateau au large de Cap d&rsquo;Ail&hellip;\n","protected":false},"author":2,"featured_media":144323,"comment_status":"","ping_status":"","sticky":false,"template":"","format":"standard","meta":{"footnotes":""},"categories":[2819],"tags":[1111,11,11130,1777,674,1011,27,12,2401,882,25],"class_list":{"0":"post-144322","1":"post","2":"type-post","3":"status-publish","4":"format-standard","5":"has-post-thumbnail","7":"category-nice","8":"tag-actu","9":"tag-actualites","10":"tag-belle-histoire","11":"tag-eu","12":"tag-europe","13":"tag-fr","14":"tag-france","15":"tag-news","16":"tag-nice","17":"tag-provence-alpes-cote-dazur","18":"tag-republique-francaise"},"share_on_mastodon":{"url":"https:\/\/pubeurope.com\/@fr\/114608800158026421","error":""},"_links":{"self":[{"href":"https:\/\/www.europesays.com\/fr\/wp-json\/wp\/v2\/posts\/144322","targetHints":{"allow":["GET"]}}],"collection":[{"href":"https:\/\/www.europesays.com\/fr\/wp-json\/wp\/v2\/posts"}],"about":[{"href":"https:\/\/www.europesays.com\/fr\/wp-json\/wp\/v2\/types\/post"}],"author":[{"embeddable":true,"href":"https:\/\/www.europesays.com\/fr\/wp-json\/wp\/v2\/users\/2"}],"replies":[{"embeddable":true,"href":"https:\/\/www.europesays.com\/fr\/wp-json\/wp\/v2\/comments?post=144322"}],"version-history":[{"count":0,"href":"https:\/\/www.europesays.com\/fr\/wp-json\/wp\/v2\/posts\/144322\/revisions"}],"wp:featuredmedia":[{"embeddable":true,"href":"https:\/\/www.europesays.com\/fr\/wp-json\/wp\/v2\/media\/144323"}],"wp:attachment":[{"href":"https:\/\/www.europesays.com\/fr\/wp-json\/wp\/v2\/media?parent=144322"}],"wp:term":[{"taxonomy":"category","embeddable":true,"href":"https:\/\/www.europesays.com\/fr\/wp-json\/wp\/v2\/categories?post=144322"},{"taxonomy":"post_tag","embeddable":true,"href":"https:\/\/www.europesays.com\/fr\/wp-json\/wp\/v2\/tags?post=144322"}],"curies":[{"name":"wp","href":"https:\/\/api.w.org\/{rel}","templated":true}]}}