{"id":144330,"date":"2025-06-01T15:28:10","date_gmt":"2025-06-01T15:28:10","guid":{"rendered":"https:\/\/www.europesays.com\/fr\/144330\/"},"modified":"2025-06-01T15:28:10","modified_gmt":"2025-06-01T15:28:10","slug":"girondins-bordeaux-prend-le-large-face-a-annecy-en-barrage-daccession-a-la-division-3","status":"publish","type":"post","link":"https:\/\/www.europesays.com\/fr\/144330\/","title":{"rendered":"Girondins : Bordeaux prend le large face \u00e0 Annecy en barrage d\u2019accession \u00e0 la Division 3"},"content":{"rendered":"<p><img decoding=\"async\" src=\"https:\/\/www.europesays.com\/fr\/wp-content\/uploads\/2025\/06\/671_d4ed2c3a6d37e8c86a0b5232b1b73451.jpg\" alt=\"Girondins : Bordeaux prend le large face \u00e0 Annecy en barrage d\u2019accession \u00e0 la Division 3\" class=\"img-responsive mt-3\"\/><\/p>\n<p class=\"text-center mb-3\" style=\"font-size: 14px\">\u00a9 Iconsport<\/p>\n<p>      <strong>Koko et Guellil signent deux doubl\u00e9s<\/strong><\/p>\n<p style=\"text-align: justify;\">Les bordelaises ont d\u00e9but\u00e9 leur match timidement dans un stade qu&rsquo;elle d\u00e9couvre ce dimanche 1er juin pour cette rencontre aller de barrage d\u2019accession \u00e0 la Division 3. Apr\u00e8s 7 minutes d&rsquo;observation, les Girondins ouvrent le score d\u2019un centre de Guellil pour Koko (1-0, 9e).<\/p>\n<p style=\"text-align: justify;\">Au fil des minutes, Annecy se r\u00e9organisent et arrive \u00e0 contrer les attaques bordelais, puis \u00e9galise par Kadich qui crucifie Roubine (35e). Avant la pause, Annecy touchera le poteau et Bordeaux aussi part Koko. Les deux \u00e9quipes rentrent au vestiaire sur ce score de 1 \u00e0 1.<\/p>\n<p style=\"text-align: justify;\">\u00c0 la mi-temps, Romain Vitry sort Ribeiro pour faire entrer Grondin dans son milieu de terrain. Bordeaux s\u2019installe dans le camp d\u2019Annecy et marque vite par Guellil qui slalome dans la surface et inscrit le deuxi\u00e8me but des Girondins (2-1, 55e minute). Guellil lanc\u00e9e sur son c\u00f4t\u00e9 gauche, inscrit son deuxi\u00e8me but d\u2019une frappe ras du poteau (3-1, 72e). Le score aurait pu s&rsquo;alourdir en fin de match avec des occasions de Graveleau et Koko (qui touche la barre) qui ne parviennent pas \u00e0 transformer.<\/p>\n<p style=\"text-align: justify;\">L&rsquo;objectif est atteint pour ce match aller avec une large victoire et trois buts d&rsquo;\u00e9cart. Les Bordelaises devront le conserver dans 7 jours \u00e0 Annecy pour remplir l&rsquo;objectif de cette saison et retrouver le niveau National et la Division 3.<\/p>\n<p>&gt;&gt; <strong><a href=\"https:\/\/www.webgirondins.com\/live-girondins-bordeaux-annecy-en-direct-129276\" target=\"_blank\" rel=\"noopener\">Revoir le fil du match Bordeaux-Annecy<\/a><\/strong><\/p>\n<p>\u00a0<\/p>\n","protected":false},"excerpt":{"rendered":"\u00a9 Iconsport Koko et Guellil signent deux doubl\u00e9s Les bordelaises ont d\u00e9but\u00e9 leur match timidement dans un stade&hellip;\n","protected":false},"author":2,"featured_media":144331,"comment_status":"","ping_status":"","sticky":false,"template":"","format":"standard","meta":{"footnotes":""},"categories":[2817],"tags":[8369,1111,11,3853,27286,14760,9339,1997,12475,6664,8374,1777,674,2823,1011,27,1987,12699,15527,3687,3790,17297,12,2219,471,6020,17907,25,18140,27287],"class_list":{"0":"post-144330","1":"post","2":"type-post","3":"status-publish","4":"format-standard","5":"has-post-thumbnail","7":"category-bordeaux","8":"tag-accession","9":"tag-actu","10":"tag-actualites","11":"tag-annecy","12":"tag-avantage","13":"tag-barrage","14":"tag-battu","15":"tag-bordeaux","16":"tag-buts","17":"tag-dimanche","18":"tag-division","19":"tag-eu","20":"tag-europe","21":"tag-face","22":"tag-fr","23":"tag-france","24":"tag-girondins","25":"tag-important","26":"tag-joueuses","27":"tag-juin","28":"tag-large","29":"tag-montee","30":"tag-news","31":"tag-nouvelle-aquitaine","32":"tag-pour","33":"tag-prend","34":"tag-pris","35":"tag-republique-francaise","36":"tag-romain","37":"tag-vitry"},"share_on_mastodon":{"url":"https:\/\/pubeurope.com\/@fr\/114608819644613829","error":""},"_links":{"self":[{"href":"https:\/\/www.europesays.com\/fr\/wp-json\/wp\/v2\/posts\/144330","targetHints":{"allow":["GET"]}}],"collection":[{"href":"https:\/\/www.europesays.com\/fr\/wp-json\/wp\/v2\/posts"}],"about":[{"href":"https:\/\/www.europesays.com\/fr\/wp-json\/wp\/v2\/types\/post"}],"author":[{"embeddable":true,"href":"https:\/\/www.europesays.com\/fr\/wp-json\/wp\/v2\/users\/2"}],"replies":[{"embeddable":true,"href":"https:\/\/www.europesays.com\/fr\/wp-json\/wp\/v2\/comments?post=144330"}],"version-history":[{"count":0,"href":"https:\/\/www.europesays.com\/fr\/wp-json\/wp\/v2\/posts\/144330\/revisions"}],"wp:featuredmedia":[{"embeddable":true,"href":"https:\/\/www.europesays.com\/fr\/wp-json\/wp\/v2\/media\/144331"}],"wp:attachment":[{"href":"https:\/\/www.europesays.com\/fr\/wp-json\/wp\/v2\/media?parent=144330"}],"wp:term":[{"taxonomy":"category","embeddable":true,"href":"https:\/\/www.europesays.com\/fr\/wp-json\/wp\/v2\/categories?post=144330"},{"taxonomy":"post_tag","embeddable":true,"href":"https:\/\/www.europesays.com\/fr\/wp-json\/wp\/v2\/tags?post=144330"}],"curies":[{"name":"wp","href":"https:\/\/api.w.org\/{rel}","templated":true}]}}