{"id":144335,"date":"2025-06-01T15:31:08","date_gmt":"2025-06-01T15:31:08","guid":{"rendered":"https:\/\/www.europesays.com\/fr\/144335\/"},"modified":"2025-06-01T15:31:08","modified_gmt":"2025-06-01T15:31:08","slug":"lanimation-recrute-voici-comment-decrocher-votre-job-etudiant","status":"publish","type":"post","link":"https:\/\/www.europesays.com\/fr\/144335\/","title":{"rendered":"l&rsquo;animation recrute, voici comment d\u00e9crocher votre job \u00e9tudiant"},"content":{"rendered":"<p>            Par<br \/>\n        <strong><br \/>\n            <a href=\"https:\/\/actu.fr\/auteur\/redaction-lille\" title=\"Consulter tous les articles de R\u00e9daction Lille\" rel=\"nofollow noopener\" target=\"_blank\">R\u00e9daction Lille<\/a><br \/>\n        <\/strong><\/p>\n<p>        Publi\u00e9 le<\/p>\n<p>            1 juin 2025 \u00e0 16h46        <\/p>\n<p>Bonne nouvelle, si vous \u00eates encore \u00e0 la recherche d\u2019un job \u00e9tudiant pour cet \u00e9t\u00e9 ou l\u2019ann\u00e9e scolaire \u00e0 venir, <b>le Centre R\u00e9gional Information Jeunesse (CRIJ) des Hauts-de-France organise<\/b> <b>un job dating<\/b> ce mercredi 4 juin 2025 de 13h30 \u00e0 18h \u00e0 <a href=\"https:\/\/actu.fr\/lille\/\" rel=\"nofollow noopener\" target=\"_blank\">Lille<\/a> (Nord).\u00a0<\/p>\n<p>Des employeurs vari\u00e9s au rendez-vous<\/p>\n<p class=\" wall-content\">Vous poss\u00e9dez le BAFA, une formation en \u00e9ducation sp\u00e9cialis\u00e9e ou \u00eates tout simplement motiv\u00e9s, cela tombe bien car cette rencontre est d\u00e9di\u00e9e \u00e0 l\u2019animation et la garde d\u2019enfants. Parmi les structures pr\u00e9sentes, vous pourrez \u00e9changer avec des employeurs comme Babychou Service, la ville de Lille, ou encore plusieurs associations de s\u00e9jours de vacances ou s\u00e9jours adapt\u00e9s. Par le biais de courts entretiens, faites connaissance et pr\u00e9sentez votre parcours afin de peut-\u00eatre d\u00e9crocher un emploi rapidement.<\/p>\n<p>Pr\u00e9parez votre venue<\/p>\n<p class=\" wall-content\">Pour cela, il vous suffira de vous rendre dans les locaux de la CRIJ au 2 rue Edouard Delesalle \u00e0 Lille avec votre CV et de la motivation. La CRIJ vous conseille \u00e9galement de vous inscrire en ligne afin de b\u00e9n\u00e9ficier de la liste des partenaires pr\u00e9sents ainsi que de leurs postes \u00e0 pourvoir. Pour plus d\u2019informations, veuillez consulter <a href=\"https:\/\/www.ij-hdf.fr\/evenement\/649\/job-dating-animation-lille-59\" rel=\"nofollow noopener\" target=\"_blank\">le site de l\u2019\u00e9v\u00e8nement<\/a>.\u00a0<\/p>\n<p class=\" wall-content\"><b>Margaux Salignat<\/b><\/p>\n<p class=\" wall-content\">Suivez toute l\u2019actualit\u00e9 de vos villes et m\u00e9dias favoris en vous inscrivant \u00e0 <a href=\"https:\/\/moncompte.actu.fr\" title=\"D\u00e9couvez Mon Actu\" rel=\"nofollow noopener\" data-trk=\"{&quot;cta&quot;:{&quot;action&quot;:&quot;https:\\\/\\\/moncompte.actu.fr&quot;,&quot;category&quot;:&quot;mon compte&quot;,&quot;from&quot;:&quot;article footer&quot;,&quot;name&quot;:&quot;Mon actu&quot;,&quot;type&quot;:&quot;cta&quot;}}\" target=\"_blank\">Mon Actu<\/a>.<\/p>\n","protected":false},"excerpt":{"rendered":"Par R\u00e9daction Lille Publi\u00e9 le 1 juin 2025 \u00e0 16h46 Bonne nouvelle, si vous \u00eates encore \u00e0 la&hellip;\n","protected":false},"author":2,"featured_media":144336,"comment_status":"","ping_status":"","sticky":false,"template":"","format":"standard","meta":{"footnotes":""},"categories":[2815],"tags":[1111,11,33,341,1777,674,1011,27,811,1307,12,25],"class_list":{"0":"post-144335","1":"post","2":"type-post","3":"status-publish","4":"format-standard","5":"has-post-thumbnail","7":"category-lille","8":"tag-actu","9":"tag-actualites","10":"tag-economie","11":"tag-emploi","12":"tag-eu","13":"tag-europe","14":"tag-fr","15":"tag-france","16":"tag-hauts-de-france","17":"tag-lille","18":"tag-news","19":"tag-republique-francaise"},"share_on_mastodon":{"url":"https:\/\/pubeurope.com\/@fr\/114608831431984710","error":""},"_links":{"self":[{"href":"https:\/\/www.europesays.com\/fr\/wp-json\/wp\/v2\/posts\/144335","targetHints":{"allow":["GET"]}}],"collection":[{"href":"https:\/\/www.europesays.com\/fr\/wp-json\/wp\/v2\/posts"}],"about":[{"href":"https:\/\/www.europesays.com\/fr\/wp-json\/wp\/v2\/types\/post"}],"author":[{"embeddable":true,"href":"https:\/\/www.europesays.com\/fr\/wp-json\/wp\/v2\/users\/2"}],"replies":[{"embeddable":true,"href":"https:\/\/www.europesays.com\/fr\/wp-json\/wp\/v2\/comments?post=144335"}],"version-history":[{"count":0,"href":"https:\/\/www.europesays.com\/fr\/wp-json\/wp\/v2\/posts\/144335\/revisions"}],"wp:featuredmedia":[{"embeddable":true,"href":"https:\/\/www.europesays.com\/fr\/wp-json\/wp\/v2\/media\/144336"}],"wp:attachment":[{"href":"https:\/\/www.europesays.com\/fr\/wp-json\/wp\/v2\/media?parent=144335"}],"wp:term":[{"taxonomy":"category","embeddable":true,"href":"https:\/\/www.europesays.com\/fr\/wp-json\/wp\/v2\/categories?post=144335"},{"taxonomy":"post_tag","embeddable":true,"href":"https:\/\/www.europesays.com\/fr\/wp-json\/wp\/v2\/tags?post=144335"}],"curies":[{"name":"wp","href":"https:\/\/api.w.org\/{rel}","templated":true}]}}