{"id":144344,"date":"2025-06-01T15:36:19","date_gmt":"2025-06-01T15:36:19","guid":{"rendered":"https:\/\/www.europesays.com\/fr\/144344\/"},"modified":"2025-06-01T15:36:19","modified_gmt":"2025-06-01T15:36:19","slug":"des-tags-antisemites-decouverts-sur-une-ecole-a-lyon-victime-dun-debut-dincendie","status":"publish","type":"post","link":"https:\/\/www.europesays.com\/fr\/144344\/","title":{"rendered":"Des tags antis\u00e9mites d\u00e9couverts sur une \u00e9cole \u00e0 Lyon, victime d&rsquo;un d\u00e9but d&rsquo;incendie"},"content":{"rendered":"<p>Des tags antis\u00e9mites et des croix gamm\u00e9es ont \u00e9t\u00e9 d\u00e9couverts sur une \u00e9cole de Lyon.L&rsquo;\u00e9tablissement a \u00e9galement \u00e9t\u00e9 victime d&rsquo;un d\u00e9part de feu, selon la ville.<\/p>\n<p data-module=\"article-paragraph\" class=\"jsx-362436225 Paragraph Paragraph__End\">Des inscriptions de tags antis\u00e9mites et des croix gamm\u00e9es ont \u00e9t\u00e9 d\u00e9couvertes samedi 31 mai \u00e0 l&rsquo;int\u00e9rieur d&rsquo;une \u00e9cole primaire de Lyon, selon la ville \u00e0 nos confr\u00e8res de l&rsquo;AFP. Ces actes de vandalisme ont \u00e9t\u00e9 constat\u00e9s dans des salles de classe par les secours, intervenus apr\u00e8s un d\u00e9part de feu, selon <a href=\"https:\/\/france3-regions.franceinfo.fr\/auvergne-rhone-alpes\/rhone\/lyon\/tags-antisemites-et-croix-gammees-une-ecole-elementaire-vandalisee-a-lyon-la-ville-n-entend-pas-ceder-face-a-la-haine-et-va-porter-plainte-3163575.html\" target=\"_blank\" rel=\"nofollow noopener\">Franceinfo (nouvelle fen\u00eatre)<\/a>. L&rsquo;incendie a \u00e9t\u00e9 circonscrit aux toilettes de l&rsquo;\u00e9tablissement, situ\u00e9es \u00e0 l&rsquo;ext\u00e9rieur.<\/p>\n<p>Un retour en classe lundi<\/p>\n<p data-module=\"article-paragraph\" class=\"jsx-362436225 Paragraph Paragraph__End\">\u00ab\u00a0Les d\u00e9gradations perp\u00e9tr\u00e9es dans l&rsquo;\u00e9cole Nov\u00e9 Josserand sont d&rsquo;une extr\u00eame gravit\u00e9. <a href=\"https:\/\/www.tf1info.fr\/justice-faits-divers\/antisemitisme-1570-actes-recenses-en-2024-un-niveau-toujours-historique-2346306.html\" target=\"_blank\" rel=\"noopener\">Tags antis\u00e9mites, croix gamm\u00e9es, tentative d&rsquo;incendie<\/a> : ces actes visent notre \u00e9cole, donc notre R\u00e9publique\u00a0\u00bb, a r\u00e9agi Mohamed Chichi, adjoint \u00e0 la s\u00e9curit\u00e9 \u00e0 la ville de Lyon. Une enqu\u00eate a \u00e9t\u00e9 ouverte, a indiqu\u00e9 la pr\u00e9fecture, qui \u00ab\u00a0devra permettre de pr\u00e9senter les auteurs devant la justice et apporter une r\u00e9ponse p\u00e9nale ferme\u00a0\u00bb.\u00a0Sur son compte X, Elisabeth Borne <a href=\"https:\/\/x.com\/Elisabeth_Borne\/status\/1929198611809661111\" target=\"_blank\">a condamn\u00e9 (nouvelle fen\u00eatre)<\/a> \u00ab\u00a0avec la plus grande fermet\u00e9 les tags antis\u00e9mites et la tentative d\u2019incendie visant une \u00e9cole primaire de Lyon\u00a0\u00bb. La ministre de l&rsquo;Education a \u00e9voqu\u00e9 \u00ab\u00a0une attaque intol\u00e9rable contre nos valeurs\u00a0\u00bb.<\/p>\n<p data-module=\"article-paragraph\" class=\"jsx-362436225 Paragraph Paragraph__End\">Les investigations vont \u00e9galement se pencher sur les motifs d&rsquo;un tel vandalisme antis\u00e9mite sur une \u00e9cole qui n&rsquo;a a priori aucun lien avec la communaut\u00e9 juive, selon l&rsquo;adjoint de Lyon. Les \u00e9l\u00e8ves sont cens\u00e9s retourner en classe normalement lundi 2 juin, alors que les salles endommag\u00e9es devraient \u00eatre remises en \u00e9tat d&rsquo;ici l\u00e0.\u00a0<\/p>\n<p>C.Q  avec AFP<\/p>\n","protected":false},"excerpt":{"rendered":"Des tags antis\u00e9mites et des croix gamm\u00e9es ont \u00e9t\u00e9 d\u00e9couverts sur une \u00e9cole de Lyon.L&rsquo;\u00e9tablissement a \u00e9galement \u00e9t\u00e9&hellip;\n","protected":false},"author":2,"featured_media":144345,"comment_status":"","ping_status":"","sticky":false,"template":"","format":"standard","meta":{"footnotes":""},"categories":[1889],"tags":[1111,11,6155,1921,2430,1124,1777,674,1011,27,1922,2954,2633,2428,12,1072,25,15901,133,2953],"class_list":{"0":"post-144344","1":"post","2":"type-post","3":"status-publish","4":"format-standard","5":"has-post-thumbnail","7":"category-lyon","8":"tag-actu","9":"tag-actualites","10":"tag-antisemitisme","11":"tag-article-video","12":"tag-auvergne-rhone-alpes","13":"tag-college","14":"tag-eu","15":"tag-europe","16":"tag-fr","17":"tag-france","18":"tag-info","19":"tag-justice-et-faits-divers","20":"tag-lycee","21":"tag-lyon","22":"tag-news","23":"tag-police","24":"tag-republique-francaise","25":"tag-scolarite-ecole","26":"tag-video","27":"tag-video-police"},"share_on_mastodon":{"url":"https:\/\/pubeurope.com\/@fr\/114608851061993490","error":""},"_links":{"self":[{"href":"https:\/\/www.europesays.com\/fr\/wp-json\/wp\/v2\/posts\/144344","targetHints":{"allow":["GET"]}}],"collection":[{"href":"https:\/\/www.europesays.com\/fr\/wp-json\/wp\/v2\/posts"}],"about":[{"href":"https:\/\/www.europesays.com\/fr\/wp-json\/wp\/v2\/types\/post"}],"author":[{"embeddable":true,"href":"https:\/\/www.europesays.com\/fr\/wp-json\/wp\/v2\/users\/2"}],"replies":[{"embeddable":true,"href":"https:\/\/www.europesays.com\/fr\/wp-json\/wp\/v2\/comments?post=144344"}],"version-history":[{"count":0,"href":"https:\/\/www.europesays.com\/fr\/wp-json\/wp\/v2\/posts\/144344\/revisions"}],"wp:featuredmedia":[{"embeddable":true,"href":"https:\/\/www.europesays.com\/fr\/wp-json\/wp\/v2\/media\/144345"}],"wp:attachment":[{"href":"https:\/\/www.europesays.com\/fr\/wp-json\/wp\/v2\/media?parent=144344"}],"wp:term":[{"taxonomy":"category","embeddable":true,"href":"https:\/\/www.europesays.com\/fr\/wp-json\/wp\/v2\/categories?post=144344"},{"taxonomy":"post_tag","embeddable":true,"href":"https:\/\/www.europesays.com\/fr\/wp-json\/wp\/v2\/tags?post=144344"}],"curies":[{"name":"wp","href":"https:\/\/api.w.org\/{rel}","templated":true}]}}