{"id":144346,"date":"2025-06-01T15:39:08","date_gmt":"2025-06-01T15:39:08","guid":{"rendered":"https:\/\/www.europesays.com\/fr\/144346\/"},"modified":"2025-06-01T15:39:08","modified_gmt":"2025-06-01T15:39:08","slug":"apres-les-violences-et-les-degradations-a-paris-bruno-retailleau-lance-un-avertissement","status":"publish","type":"post","link":"https:\/\/www.europesays.com\/fr\/144346\/","title":{"rendered":"apr\u00e8s les violences et les d\u00e9gradations \u00e0 Paris, Bruno Retailleau lance un avertissement"},"content":{"rendered":"<p>            Par<br \/>\n        <strong><br \/>\n            <a href=\"https:\/\/actu.fr\/auteur\/thomas-martin\" title=\"Consulter tous les articles de Thomas Martin\" rel=\"nofollow noopener\" target=\"_blank\">Thomas Martin<\/a><br \/>\n        <\/strong><\/p>\n<p>        Publi\u00e9 le<\/p>\n<p>            1 juin 2025 \u00e0 17h27        <\/p>\n<p>Il pr\u00e9vient. Le ministre de l\u2019Int\u00e9rieur <a href=\"https:\/\/actu.fr\/tag\/bruno-retailleau\" rel=\"nofollow noopener\" target=\"_blank\">Bruno Retailleau<\/a> a assur\u00e9 qu\u2019il ne supporterait \u00ab\u00a0aucune exaction\u00a0\u00bb dimanche soir lors des c\u00e9l\u00e9brations du <a href=\"https:\/\/actu.fr\/tag\/paris-saint-germain-psg\" rel=\"nofollow noopener\" target=\"_blank\">PSG<\/a> apr\u00e8s <a href=\"https:\/\/actu.fr\/ile-de-france\/paris_75056\/irresistible-le-psg-remporte-la-premiere-ligue-des-champions-de-son-histoire-au-terme-d-une-finale-de-reve_62712076.html\" rel=\"nofollow noopener\" target=\"_blank\">son sacre en Ligue des champions<\/a>.<\/p>\n<p>Un dispositif \u00ab\u00a0\u00e0 la hauteur\u00a0\u00bb<\/p>\n<p class=\" wall-content\">\u00ab\u00a0Nous ne supporterons aucune exaction ce soir : la consigne a \u00e9t\u00e9 donn\u00e9e aux forces de s\u00e9curit\u00e9 int\u00e9rieures d\u2019intervenir syst\u00e9matiquement, imm\u00e9diatement, d\u00e8s lors qu\u2019ils pourraient constater des violences\u00a0\u00bb, a-t-il promis alors que le club de la capitale doit effectuer une <a href=\"https:\/\/actu.fr\/ile-de-france\/paris_75056\/parades-des-joueurs-du-psg-de-roissy-au-parc-des-princes-via-les-champs-elysees-le-parcours-prevu_62713213.html\" rel=\"nofollow noopener\" target=\"_blank\">parade<\/a> sur les Champs-Elys\u00e9es puis pr\u00e9senter le troph\u00e9e \u00e0 ses supporters au Parc des Princes.\u00a0<\/p>\n<p class=\" wall-content\">L\u2019important dispositif mis en place pour pr\u00e9venir tout d\u00e9bordement en marge de la victoire du PSG en Ligue des champions a \u00e9t\u00e9 selon lui \u00ab\u00a0\u00e0 la hauteur\u00a0\u00bb. Et ce alors que la soir\u00e9e a \u00e9t\u00e9 \u00e9maill\u00e9e de nombreux incidents dans la capitale et l\u2019interpellation de pr\u00e8s de 500 personnes.\u00a0<\/p>\n<p class=\" wall-content\">Selon Laurent Nu\u00f1ez, l\u2019important dispositif de s\u00e9curit\u00e9 n\u2019a \u00e9t\u00e9 \u00ab\u00a0ni une r\u00e9ussite ni un \u00e9chec\u00a0\u00bb face \u00e0 \u00ab\u00a0une population qui n\u2019\u00e9tait venue que pour piller, que pour commettre des exactions, et qui se chiffre \u00e0 plusieurs milliers de personnes\u00a0\u00bb.<\/p>\n<p>Le PSG condamne les incidents et les violences<\/p>\n<p class=\" wall-content\">De son c\u00f4t\u00e9, le PSG a \u00ab\u00a0condamn\u00e9 avec la plus grande fermet\u00e9\u00a0\u00bb dimanche les incidents et violences survenus lors des c\u00e9l\u00e9brations de la victoire du club en Ligue des champions.<br \/>\u00ab\u00a0Ce titre de champion d\u2019Europe doit \u00eatre un moment de joie collective, et non d\u2019agitation ou de d\u00e9bordements. Ces actes isol\u00e9s sont contraires aux valeurs du Club et ne repr\u00e9sentent en rien l\u2019immense majorit\u00e9 de nos supporters, dont le comportement exemplaire tout au long de la saison m\u00e9rite d\u2019\u00eatre salu\u00e9\u00a0\u00bb, a \u00e9crit le club dans un message post\u00e9 sur X.\u00a0<\/p>\n<p>Vid\u00e9os : en ce moment sur Actu<\/p>\n<p class=\" wall-content\">\n<p class=\" wall-content\">\u00ab\u00a0Le Paris Saint-Germain appelle chacun \u00e0 faire preuve de responsabilit\u00e9 et de respect pour que cette victoire historique reste un moment de fiert\u00e9 partag\u00e9 par toutes et tous\u00a0\u00bb, a \u00e9galement indiqu\u00e9 le PSG.<\/p>\n<p class=\" wall-content\">Il y a eu 559 interpellations en France dont 491 \u00e0 Paris, qui ont conduit \u00e0 320 gardes \u00e0 vue dont 254 \u00e0 Paris.<\/p>\n<p class=\" wall-content\"><strong>Avec AFP<\/strong><\/p>\n<p class=\" wall-content\">Suivez toute l\u2019actualit\u00e9 de vos villes et m\u00e9dias favoris en vous inscrivant \u00e0 <a href=\"https:\/\/moncompte.actu.fr\" title=\"D\u00e9couvez Mon Actu\" rel=\"nofollow noopener\" data-trk=\"{&quot;cta&quot;:{&quot;action&quot;:&quot;https:\\\/\\\/moncompte.actu.fr&quot;,&quot;category&quot;:&quot;mon compte&quot;,&quot;from&quot;:&quot;article footer&quot;,&quot;name&quot;:&quot;Mon actu&quot;,&quot;type&quot;:&quot;cta&quot;}}\" target=\"_blank\">Mon Actu<\/a>.<\/p>\n","protected":false},"excerpt":{"rendered":"Par Thomas Martin Publi\u00e9 le 1 juin 2025 \u00e0 17h27 Il pr\u00e9vient. Le ministre de l\u2019Int\u00e9rieur Bruno Retailleau&hellip;\n","protected":false},"author":2,"featured_media":144347,"comment_status":"","ping_status":"","sticky":false,"template":"","format":"standard","meta":{"footnotes":""},"categories":[1888],"tags":[1111,1928,11,1927,1013,1777,674,1011,27,12,1926,626,1925,2332,25,104,7501],"class_list":{"0":"post-144346","1":"post","2":"type-post","3":"status-publish","4":"format-standard","5":"has-post-thumbnail","7":"category-paris","8":"tag-actu","9":"tag-actu-paris","10":"tag-actualites","11":"tag-actualites-paris","12":"tag-bruno-retailleau","13":"tag-eu","14":"tag-europe","15":"tag-fr","16":"tag-france","17":"tag-news","18":"tag-news-paris","19":"tag-paris","20":"tag-paris-news","21":"tag-paris-saint-germain-psg","22":"tag-republique-francaise","23":"tag-societe","24":"tag-violences-urbaines"},"share_on_mastodon":{"url":"https:\/\/pubeurope.com\/@fr\/114608862879730869","error":""},"_links":{"self":[{"href":"https:\/\/www.europesays.com\/fr\/wp-json\/wp\/v2\/posts\/144346","targetHints":{"allow":["GET"]}}],"collection":[{"href":"https:\/\/www.europesays.com\/fr\/wp-json\/wp\/v2\/posts"}],"about":[{"href":"https:\/\/www.europesays.com\/fr\/wp-json\/wp\/v2\/types\/post"}],"author":[{"embeddable":true,"href":"https:\/\/www.europesays.com\/fr\/wp-json\/wp\/v2\/users\/2"}],"replies":[{"embeddable":true,"href":"https:\/\/www.europesays.com\/fr\/wp-json\/wp\/v2\/comments?post=144346"}],"version-history":[{"count":0,"href":"https:\/\/www.europesays.com\/fr\/wp-json\/wp\/v2\/posts\/144346\/revisions"}],"wp:featuredmedia":[{"embeddable":true,"href":"https:\/\/www.europesays.com\/fr\/wp-json\/wp\/v2\/media\/144347"}],"wp:attachment":[{"href":"https:\/\/www.europesays.com\/fr\/wp-json\/wp\/v2\/media?parent=144346"}],"wp:term":[{"taxonomy":"category","embeddable":true,"href":"https:\/\/www.europesays.com\/fr\/wp-json\/wp\/v2\/categories?post=144346"},{"taxonomy":"post_tag","embeddable":true,"href":"https:\/\/www.europesays.com\/fr\/wp-json\/wp\/v2\/tags?post=144346"}],"curies":[{"name":"wp","href":"https:\/\/api.w.org\/{rel}","templated":true}]}}