{"id":144354,"date":"2025-06-01T15:43:11","date_gmt":"2025-06-01T15:43:11","guid":{"rendered":"https:\/\/www.europesays.com\/fr\/144354\/"},"modified":"2025-06-01T15:43:11","modified_gmt":"2025-06-01T15:43:11","slug":"nikolai-patrouchev-le-conseiller-de-lombre-de-vladimir-poutine-dont-le-nom-circule-pour-lui-succeder-lhomme-le-plus-dangereux-de-moscou","status":"publish","type":"post","link":"https:\/\/www.europesays.com\/fr\/144354\/","title":{"rendered":"Nikola\u00ef Patrouchev, le conseiller de l&rsquo;ombre de Vladimir Poutine, dont le nom circule pour lui succ\u00e9der: \u00ab\u00a0L&rsquo;homme le plus dangereux de Moscou\u00a0\u00bb"},"content":{"rendered":"<p class=\"ap-StoryElement ap-StoryElement--mb js-paywall-target ap-StoryText\">N\u00e9 \u00e0 Saint-Petersbourg en 1951 (d\u00e9nomm\u00e9e Leningrad \u00e0 l&rsquo;\u00e9poque), Nikola\u00ef Patrouchev grandit dans une famille acquise \u00e0 la cause sovi\u00e9tique. Son p\u00e8re, officier de la marine, n&rsquo;est pas tr\u00e8s pr\u00e9sent. Mais, quand il l&rsquo;est, il r\u00e9p\u00e8te toujours les m\u00eames rengaines. Sur la grandeur de l&rsquo;URSS, notamment. Membre du Parti communiste, il veut absolument voir son fils marcher dans ses pas. Ce que fait en partie le jeune Nikola\u00ef puisqu&rsquo;il d\u00e9croche son dipl\u00f4me \u00e0 l&rsquo;Institut de construction navale de Leningrad en 1974. Il y travaille comme ing\u00e9nieur pendant les mois qui suivent.<\/p>\n<p class=\"ap-StoryElement ap-StoryElement--mb ap-StoryText\">Sa vie bascule en 1975. Le KGB le contacte. Le service de renseignements souhaite le recruter. Le jeune homme doit prendre une d\u00e9cision rapide. Il finit par accepter la proposition et est envoy\u00e9 \u00e0 Minsk, puis \u00e0 Moscou pour y suivre des cours dans les diff\u00e9rentes \u00e9coles dont dispose le redout\u00e9 KGB. Une fois form\u00e9, il retourne dans sa ville natale et occupe le poste d&rsquo;agent de s\u00e9curit\u00e9 du service de renseignements. C&rsquo;est l\u00e0 que son chemin croise pour la premi\u00e8re fois<a href=\"https:\/\/www.lalibre.be\/international\/europe\/guerre-ukraine-russie\/2022\/10\/06\/poutine-lespion-du-kgb-devenu-president-agresseur-podcast-LKQ7V22X6BASNMRMMZGTDMPS64\/\" target=\"_blank\" rel=\"nofollow noopener\"> celui de Vladimir Poutine<\/a>. Le courant passe directement entre les deux hommes <a href=\"https:\/\/www.lalibre.be\/international\/europe\/2019\/10\/31\/comment-etait-poutine-lorsquil-etait-agent-du-kgb-la-russie-declassifie-une-note-secrete-EUD5ZK67QFFYNNDT6QPPRMYHFE\/\" target=\"_blank\" rel=\"nofollow noopener\">qui exercent les m\u00eames fonctions<\/a>. Mais Patrouchev est ambitieux. Et bien d\u00e9termin\u00e9 \u00e0 gravir les \u00e9chelons \u00e0 la vitesse grand V. Pourtant, il va devoir se montrer patient. Il devient chef de l&rsquo;unit\u00e9 qui lutte contre la contrebande et la corruption, et le reste pendant de longues ann\u00e9es. Si sa carri\u00e8re stagne, sa vie priv\u00e9e, elle, \u00e9volue avec la naissance de ses deux fils, Dmitry et Andrey.<\/p>\n<p>Vladimir Poutine: \u00ab\u00a0Voici mon bon camarade\u00a0\u00bb<\/p>\n<p class=\"ap-StoryElement ap-StoryElement--mb ap-StoryText\">Les choses bougent \u00e0 la chute de l&rsquo;URSS. Patrouchev prend la t\u00eate du service de renseignements en r\u00e9publique de Car\u00e9lie. Il d\u00e9m\u00e9nage ensuite \u00e0 Moscou et devient chef adjoint du D\u00e9partement de l&rsquo;organisation et de l&rsquo;inspection du FSB, le nouveau nom donn\u00e9 au KGB. D\u00e8s 1998, tout s&rsquo;acc\u00e9l\u00e8re. Il fait officiellement son entr\u00e9e au Kremlin en endossant successivement diff\u00e9rentes casquettes. Il retrouve Vladimir Poutine, devenu un ami. A deux, ils veillent sur Boris Eltsine. Jusqu&rsquo;\u00e0 ce que ce dernier fasse de l&rsquo;actuel pr\u00e9sident russe son Premier ministre. Le futur ma\u00eetre du Kremlin nomme Patrouchev directeur du FSB en 1999. \u00ab\u00a0Voici mon bon camarade\u00a0\u00bb, aurait lanc\u00e9 Poutine au moment de pr\u00e9senter le nouveau chef des renseignements, dans des propos relay\u00e9s par Politico. \u00ab\u00a0Il fera tout pour que les services de s\u00e9curit\u00e9 deviennent encore plus puissants.\u00a0\u00bb<\/p>\n<p class=\"ap-StoryElement ap-StoryElement--mb ap-StoryText\">Investi de ce nouveau r\u00f4le, le fid\u00e8le comparse de <a href=\"https:\/\/www.lalibre.be\/international\/europe\/2022\/02\/24\/vladimir-poutine-itineraire-dun-va-t-en-guerre-33S4WR67ANGMRMSY7SG6C6RRLI\/\" target=\"_blank\" rel=\"nofollow noopener\">Vladimir Poutine<\/a>, qui \u00e9tait d\u00e9j\u00e0 connu pour ses prises de position radicales, durcit encore le ton. \u00ab\u00a0La Russie a besoin de pragmatiques coriaces, capables de faire face aux contradictions et menace \u00e9mergentes\u00a0\u00bb, acte-t-il dans une interview \u00e0 un quotidien russe, d\u00e8s son entr\u00e9e en fonction. Et une chose est s\u00fbre, lui est pr\u00eat \u00e0 tout pour le pr\u00e9sident russe. Certains lui imputent m\u00eame la responsabilit\u00e9 des attentats de 1999. Officiellement, les Tch\u00e9ch\u00e8nes ont commandit\u00e9 les attaques. En coulisses, il se murmure que le FSB \u00e9tait \u00e0 la man\u0153uvre. Son objectif ? Faire d\u00e9coller la cote de popularit\u00e9 de Poutine \u00e0 l&rsquo;approche des \u00e9lections. Malgr\u00e9 les soup\u00e7ons, Patrouchev n&rsquo;est jamais inqui\u00e9t\u00e9 et continue \u00e0 diriger le service de renseignements avec une poigne de fer jusqu&rsquo;en 2008.<\/p>\n<p><a href=\"https:\/\/www.lalibre.be\/international\/europe\/guerre-ukraine-russie\/2025\/02\/22\/vladimir-kara-mourza-il-faut-des-maintenant-se-preparer-a-la-fin-du-regime-de-vladimir-poutine-tout-va-aller-tres-vite-EYSY3PQQMZGSFMJ2KHVHAY2MVA\/\" target=\"_blank\" rel=\"noopener noreferrer nofollow\" class=\"ap-StoryInterstitialLink ap-StoryElement ap-StoryElement--mb\">\u00ab\u00a0Il faut d\u00e8s maintenant se pr\u00e9parer \u00e0 la fin du r\u00e9gime de Vladimir Poutine, tout va aller tr\u00e8s vite\u00a0\u00bb<\/a>L&rsquo;homme qui murmure \u00e0 l&rsquo;oreille du pr\u00e9sident<\/p>\n<p class=\"ap-StoryElement ap-StoryElement--mb ap-StoryText\">Il est alors plac\u00e9 \u00e0 la t\u00eate du Conseil de s\u00e9curit\u00e9 de la Russie. L&rsquo;organe, qui a un r\u00f4le avant tout consultatif, accueille les voix du pays les plus f\u00e9roces. L&rsquo;ami de celui qui est d\u00e9sormais Premier ministre y est \u00e0 l&rsquo;aise. Il y d\u00e9veloppe son esprit complotiste et sa haine de l&rsquo;Occident. Lors de ses entretiens avec Poutine ou Medvedev, il ressasse constamment ses pens\u00e9es les plus sombres \u00e0 l&rsquo;\u00e9gard de ces pays voisins qu&rsquo;il juge trop proches de l'\u00a0\u00bbennemi\u00a0\u00bb. \u00ab\u00a0Il prend des positions affirm\u00e9es sur tous les sujets et est le seul \u00e0 exercer une influence sur Poutine\u00a0\u00bb, confie la politologue H\u00e9l\u00e8ne Blanc \u00e0 La D\u00e9p\u00eache, en 2023. D&rsquo;ailleurs, entre ses mains, le Conseil de s\u00e9curit\u00e9 acquiert une importance qu&rsquo;on ne lui connaissait pas auparavant. Il devient le principal vecteur d&rsquo;informations du Kremlin. C&rsquo;est son secr\u00e9taire qui fait remonter les faits les plus importants au sommet de l&rsquo;Etat.<\/p>\n<p class=\"ap-StoryElement ap-StoryElement--mb ap-StoryText\">Les deux amis partagent une certaine nostalgie de l&rsquo;URSS. Ils \u00e9voquent fr\u00e9quemment leurs ambitions expansionnistes. Mais attendent avant de les concr\u00e9tiser. C&rsquo;est en 2014 que <a href=\"https:\/\/www.lalibre.be\/actualite\/personne\/vladimir-poutine\/\" target=\"_blank\" rel=\"nofollow noopener\">Vladimir Poutine<\/a>, r\u00e9\u00e9lu pr\u00e9sident en 2012, passe \u00e0 l&rsquo;acte et annexe la Crim\u00e9e. Le ma\u00eetre du Kremlin est \u00e0 la man\u0153uvre, mais beaucoup estiment que c&rsquo;est bien Patrouchev qui tire les ficelles. Il n&rsquo;h\u00e9site d&rsquo;ailleurs pas \u00e0 agiter dans les m\u00e9dias la menace que repr\u00e9sente cet Occident d\u00e9viant et bien trop implant\u00e9 dans des pays comme l&rsquo;Ukraine. Mais son v\u00e9ritable ennemi reste les Etats-Unis, qu&rsquo;il ex\u00e8cre. Il leur attribue d&rsquo;ailleurs la plupart des maux qui touchent la Russie. Pour lui, le pays de l&rsquo;Oncle Sam se sert de l&rsquo;Occident face \u00e0 une Russie, qui lui r\u00e9siste inlassablement. Il voit son pays comme le dernier rempart face \u00e0 une id\u00e9ologie dangereuse qui a d\u00e9j\u00e0 contamin\u00e9 une grande partie du continent europ\u00e9en.<\/p>\n<p><a href=\"https:\/\/www.lalibre.be\/international\/europe\/guerre-ukraine-russie\/2024\/12\/10\/quand-je-vois-les-proches-conseillers-de-vladimir-poutine-je-crains-sa-disparition-NFKSCFOBURHWJOQ5XZ5JAUWFB4\/\" target=\"_blank\" rel=\"noopener noreferrer nofollow\" class=\"ap-StoryInterstitialLink ap-StoryElement ap-StoryElement--mb\">\u00ab\u00a0Quand je vois les proches conseillers de Vladimir Poutine, je crains sa disparition\u00a0\u00bb<\/a>Poutine \u00ab\u00a0mal inform\u00e9\u00a0\u00bb, le d\u00e9but des ennuis pour Patrouchev<\/p>\n<p class=\"ap-StoryElement ap-StoryElement--mb ap-StoryText\">Ces th\u00e9ories complotistes, il les utilise encore et encore aupr\u00e8s de Vladimir Poutine. \u00ab\u00a0Il faut agir\u00a0\u00bb, lui lance-t-il \u00e0 de maintes reprises. Ce que finit par faire le ma\u00eetre du Kremlin <a href=\"https:\/\/www.lalibre.be\/dernieres-depeches\/2023\/02\/24\/24-fevrier-2022-la-russie-de-vladimir-poutine-envahit-lukraine-BMBQQXXWOFFILEMQDTLV3FKDKI\/\" target=\"_blank\" rel=\"nofollow noopener\">en f\u00e9vrier 2022<\/a> avec son <a href=\"https:\/\/www.lalibre.be\/international\/europe\/2022\/02\/24\/la-russie-lance-une-operation-militaire-en-ukraine-de-puissantes-explosions-dans-plusieurs-villes-du-pays-les-dernieres-informations-direct-OAHIXLRDE5EKLGPKPOK4YKRVRA\/\" target=\"_blank\" rel=\"nofollow noopener\">invasion de grande ampleur en Ukraine<\/a>. Mais ce qui devait \u00eatre une <a href=\"https:\/\/www.lalibre.be\/international\/europe\/2022\/02\/24\/larmee-russe-prend-lukraine-en-tenaille-et-tente-un-blitzkrieg-jusqua-kiev-ils-ont-lintention-de-decapiter-le-gouvernement-H3SWX3XLUFH63HD2VZZ6CSWQAE\/\" target=\"_blank\" rel=\"nofollow noopener\">guerre \u00e9clair<\/a> se transforme en un conflit d&rsquo;attrition. Et, tr\u00e8s vite, les <a href=\"https:\/\/www.lalibre.be\/international\/europe\/2022\/05\/10\/depuis-le-debut-de-la-guerre-en-ukraine-poutine-a-commis-quatre-erreurs-qui-font-que-ce-sera-long-et-difficile-43EZON2Y6NHADJ54UYNOD5B5TE\/\" target=\"_blank\" rel=\"nofollow noopener\">errements de la strat\u00e9gie russe<\/a> sont point\u00e9s du doigt. Alors, les choix du pr\u00e9sident russe sont mis en doute. Les observateurs sont nombreux \u00e0 estimer que le chef d&rsquo;Etat a tr\u00e8s clairement \u00e9t\u00e9 \u00ab\u00a0mal inform\u00e9\u00a0\u00bb. Pas bon pour Patrouchev tout \u00e7a&#8230;<\/p>\n<p class=\"ap-StoryElement ap-StoryElement--mb ap-StoryText\">Mais, \u00e0 aucun moment, il ne se justifie. Au contraire, dans la presse, il se fait <a href=\"https:\/\/www.politico.eu\/article\/russia-putin-ditched-security-chief-nikolai-patrushev-conspiracy\/\" target=\"_blank\" rel=\"nofollow noopener\">encore plus dur<\/a> \u00e0 l&rsquo;\u00e9gard de l&rsquo;Ukraine et de ses alli\u00e9s occidentaux. Allant toujours plus loin, il devient le ma\u00eetre des fake news. En avril 2022, il affirme que les Ukrainiens et les Europ\u00e9ens se livrent \u00e0 un trafic d&rsquo;orphelins et d&rsquo;organes. Un mois plus tard, il d\u00e9nonce les agissements de la Pologne&#8230; qui envahirait l&rsquo;Ukraine. \u00ab\u00a0Les soi-disant partenaires occidentaux du r\u00e9gime de Kiev utilisent la situation actuelle pour leurs propres int\u00e9r\u00eats \u00e9go\u00efstes et ont de grands projets pour les terres ukrainiennes\u00a0\u00bb, pr\u00e9sente-t-il sans vergogne.<\/p>\n<p>La fin d&rsquo;une \u00e8re<\/p>\n<p class=\"ap-StoryElement ap-StoryElement--mb ap-StoryText\">En 2024, le septuag\u00e9naire, d\u00e9crit par l&rsquo;expert Marc Galeotti comme \u00ab\u00a0l&rsquo;homme le plus dangereux de Moscou\u00a0\u00bb, est d\u00e9mis de ses fonctions \u00e0 la faveur de Sergue\u00ef Cho\u00efgou, l&rsquo;ancien ministre de la D\u00e9fense. Patrouchev devient alors conseiller du pr\u00e9sident en mati\u00e8re de construction navale. Apr\u00e8s 16 ans \u00e0 la t\u00eate du Conseil de s\u00e9curit\u00e9, l&rsquo;ami de Poutine quitte son poste dans une atmosph\u00e8re particuli\u00e8re. Il doit affronter non seulement les reproches sur les<a href=\"https:\/\/www.lalibre.be\/international\/europe\/guerre-ukraine-russie\/2022\/10\/09\/les-trois-erreurs-de-poutine-qui-lempechent-de-gagner-la-guerre-VRWRQQIEFJH2HH55SNYXPMSTYI\/\" target=\"_blank\" rel=\"nofollow noopener\"> erreurs en Ukraine<\/a>, mais \u00e9galement ceux en lien avec la <a href=\"https:\/\/www.lalibre.be\/international\/europe\/guerre-ukraine-russie\/2023\/06\/25\/en-russie-une-mutinerie-qui-na-dure-que-24-heures-letrange-sortie-de-lhomme-qui-voulait-aller-jusquau-bout-6NVOAIYOIBFBBIKTMOCVQ7MP5Y\/\" target=\"_blank\" rel=\"nofollow noopener\">mutinerie de Wagner<\/a> et l&rsquo;<a href=\"https:\/\/www.lalibre.be\/international\/europe\/2024\/03\/24\/attentat-a-moscou-le-terrorisme-islamiste-une-affaire-dinstrumentalisations-en-russie-L6PM4FC2ZJGIHPIJ5T3IBA55PI\/\" target=\"_blank\" rel=\"nofollow noopener\">attentat \u00e0 Moscou<\/a>. Certains voient donc dans ce changement de fonction une forme de r\u00e9trogradation punitive. Mais pour Anne Godart, il n&rsquo;en est rien: \u00ab\u00a0Il est toujours dans l&rsquo;\u00e9quipe proche de Poutine. Il s&rsquo;int\u00e9resse \u00e0 la pr\u00e9sence en mer de la Russie qui est un enjeu majeur pour assurer la puissance du pays. C&rsquo;est un point absolument essentiel et donc il occupe encore un r\u00f4le important\u00a0\u00bb, nous d\u00e9taille la sp\u00e9cialiste de la Russie de l&rsquo;UMons. D&rsquo;autant qu&rsquo;il peut toujours se targuer de pouvoir compter sur l&rsquo;oreille attentive du pr\u00e9sident. Et plus encore, sa confiance.<\/p>\n<p class=\"ap-StoryElement ap-StoryElement--mb ap-StoryText\">Parce que, malgr\u00e9 les <a href=\"https:\/\/www.lalibre.be\/debats\/opinions\/2025\/02\/21\/les-echecs-de-poutine-et-leffondrement-de-la-russie-EZUJ47RV5VDDXHDOXLOSD6KLOY\/\" target=\"_blank\" rel=\"nofollow noopener\">errements<\/a>, Vladimir Poutine conserve une haute estime de son ancien camarade du KGB. Il reste l&rsquo;un de ses plus proches conseillers et l&rsquo;une des rares personnes \u00e0 avoir une r\u00e9elle influence sur ses d\u00e9cisions. Rien de rassurant, vu les prises de positions toujours plus extr\u00eames du septuag\u00e9naire&#8230; En janvier dernier, il estimait <a href=\"https:\/\/www.lalibre.be\/international\/europe\/guerre-ukraine-russie\/2025\/01\/17\/il-nest-pas-exclu-quau-cours-de-lannee-a-venir-lukraine-cesse-purement-et-simplement-dexister-estime-nikolai-patrouchev-proche-de-poutine-WTK6ZBVNDBHB5IDJ352OCVJVDE\/\" target=\"_blank\" rel=\"nofollow noopener\">probable que l&rsquo;Ukraine \u00ab\u00a0cesse purement et simplement d&rsquo;exister\u00a0\u00bb <\/a>dans le courant de l&rsquo;ann\u00e9e.<\/p>\n<p><a href=\"https:\/\/www.lalibre.be\/international\/2025\/05\/28\/lopposition-est-muselee-a-tous-les-niveaux-pourquoi-certains-opposants-font-particulierement-trembler-poutine-JLE5HTQOXNDXTEKS4VOMFACWZU\/\" target=\"_blank\" rel=\"noopener noreferrer nofollow\" class=\"ap-StoryInterstitialLink ap-StoryElement ap-StoryElement--mb\">Poutine a-t-il laiss\u00e9 entrevoir sa \u00ab\u00a0peur la plus profonde\u00a0\u00bb ces derniers jours ?<\/a><\/p>\n<p class=\"ap-StoryElement ap-StoryElement--mb ap-StoryText\">Quant aux rumeurs sur sa possible accession \u00e0 la pr\u00e9sidence du pays un jour prochain, il est difficile de dire \u00e0 quel point elles sont fond\u00e9es. Il est certain en tous les cas que son nom est fr\u00e9quemment cit\u00e9 dans les potentiels successeurs de Vladimir Poutine. Mais il n&rsquo;est pas le seul, puisque son fils Dmitry Patrouchev, ministre de l&rsquo;Agriculture depuis 2018, figure \u00e9galement dans cette short list non-officielle. \u00ab\u00a0En v\u00e9rit\u00e9, on n&rsquo;en sait strictement rien !\u00a0\u00bb, confiait Tatiana Kastou\u00e9va-Jean, directrice du Centre Russie\/Nouveaux \u00c9tats ind\u00e9pendants de l&rsquo;Institut fran\u00e7ais des relations internationales, <a href=\"https:\/\/www.lalibre.be\/international\/europe\/guerre-ukraine-russie\/2022\/07\/13\/succession-de-vladimir-poutine-que-se-passerait-il-si-le-president-russe-venait-a-disparaitre-Q2SXBKSD2VFMTILSVBA47YLEXQ\/\" target=\"_blank\" rel=\"nofollow noopener\">\u00e0 La Libre<\/a>. \u00ab\u00a0Tout cela peut \u00eatre aussi de la manipulation d&rsquo;information, t\u00e9l\u00e9guid\u00e9e depuis le Kremlin. Faire circuler des noms permet d&rsquo;induire en erreur les Occidentaux, qui croiront que Vladimir Poutine n&rsquo;en a plus pour longtemps.\u00a0\u00bb<\/p>\n<p class=\"ap-StoryElement ap-StoryElement--mb ap-StoryText\">Interrog\u00e9e par nos soins, Anne Godart estime pour sa part qu&rsquo;en cas de d\u00e9c\u00e8s de Poutine, il n&rsquo;y aurait pas une personne pour lui succ\u00e9der. \u00ab\u00a0Ce serait un groupe, une esp\u00e8ce de politburo actualis\u00e9\u00a0\u00bb, conclut-elle.<\/p>\n","protected":false},"excerpt":{"rendered":"N\u00e9 \u00e0 Saint-Petersbourg en 1951 (d\u00e9nomm\u00e9e Leningrad \u00e0 l&rsquo;\u00e9poque), Nikola\u00ef Patrouchev grandit dans une famille acquise \u00e0 la&hellip;\n","protected":false},"author":2,"featured_media":144355,"comment_status":"","ping_status":"","sticky":false,"template":"","format":"standard","meta":{"footnotes":""},"categories":[1591],"tags":[11,2122,1887,12,1885,1886,132,135],"class_list":{"0":"post-144354","1":"post","2":"type-post","3":"status-publish","4":"format-standard","5":"has-post-thumbnail","7":"category-russie","8":"tag-actualites","9":"tag-conflit-russie-ukraine","10":"tag-federation-de-russie","11":"tag-news","12":"tag-russia","13":"tag-russian-federation","14":"tag-russie","15":"tag-vladimir-poutine"},"share_on_mastodon":{"url":"https:\/\/pubeurope.com\/@fr\/114608878610531781","error":""},"_links":{"self":[{"href":"https:\/\/www.europesays.com\/fr\/wp-json\/wp\/v2\/posts\/144354","targetHints":{"allow":["GET"]}}],"collection":[{"href":"https:\/\/www.europesays.com\/fr\/wp-json\/wp\/v2\/posts"}],"about":[{"href":"https:\/\/www.europesays.com\/fr\/wp-json\/wp\/v2\/types\/post"}],"author":[{"embeddable":true,"href":"https:\/\/www.europesays.com\/fr\/wp-json\/wp\/v2\/users\/2"}],"replies":[{"embeddable":true,"href":"https:\/\/www.europesays.com\/fr\/wp-json\/wp\/v2\/comments?post=144354"}],"version-history":[{"count":0,"href":"https:\/\/www.europesays.com\/fr\/wp-json\/wp\/v2\/posts\/144354\/revisions"}],"wp:featuredmedia":[{"embeddable":true,"href":"https:\/\/www.europesays.com\/fr\/wp-json\/wp\/v2\/media\/144355"}],"wp:attachment":[{"href":"https:\/\/www.europesays.com\/fr\/wp-json\/wp\/v2\/media?parent=144354"}],"wp:term":[{"taxonomy":"category","embeddable":true,"href":"https:\/\/www.europesays.com\/fr\/wp-json\/wp\/v2\/categories?post=144354"},{"taxonomy":"post_tag","embeddable":true,"href":"https:\/\/www.europesays.com\/fr\/wp-json\/wp\/v2\/tags?post=144354"}],"curies":[{"name":"wp","href":"https:\/\/api.w.org\/{rel}","templated":true}]}}