{"id":144360,"date":"2025-06-01T15:46:09","date_gmt":"2025-06-01T15:46:09","guid":{"rendered":"https:\/\/www.europesays.com\/fr\/144360\/"},"modified":"2025-06-01T15:46:09","modified_gmt":"2025-06-01T15:46:09","slug":"le-royaume-uni-envisagerait-de-se-doter-a-nouveau-dune-composante-nucleaire-aeroportee","status":"publish","type":"post","link":"https:\/\/www.europesays.com\/fr\/144360\/","title":{"rendered":"Le Royaume-Uni envisagerait de se doter \u00e0 nouveau d&rsquo;une composante nucl\u00e9aire a\u00e9roport\u00e9e"},"content":{"rendered":"<p><img fetchpriority=\"high\" decoding=\"async\" src=\"https:\/\/www.europesays.com\/fr\/wp-content\/uploads\/2025\/06\/f35-b61-12-20220414.jpg\" alt=\"\" width=\"600\" height=\"362\" class=\"alignnone size-full wp-image-65792\"  \/><\/p>\n<p>Au d\u00e9but des ann\u00e9es 2010, quelques voix, dont celle d\u2019un ancien ministre de la D\u00e9fense, d\u00e9fendirent \u2013 vainement \u2013 l\u2019id\u00e9e que la dissuasion nucl\u00e9aire fran\u00e7aise ne devait plus reposer que sur les quatre sous-marins nucl\u00e9aires lanceurs d\u2019engins [SNLE] de la Force oc\u00e9anique strat\u00e9gique [FOST] et que, par cons\u00e9quent, sa composante a\u00e9roport\u00e9e \u00e9tait vou\u00e9e \u00e0 dispara\u00eetre. Et de justifier leur raisonnement par les choix faits par le Royaume-Uni quelques ann\u00e9es plus t\u00f4t. <\/p>\n<p>En effet, \u00e0 la fin des ann\u00e9es 1990, les Britanniques renonc\u00e8rent \u00e0 la composante a\u00e9roport\u00e9e de leur dissuasion, avec le retrait des Blackburn Buccaneer [en 1995], puis de la bombe nucl\u00e9aire tactique WE.177, pouvant \u00eatre emport\u00e9e par des Tornado GR1\/1A de la Royal Air Force [RAF]. En revanche, ils conserv\u00e8rent la composante oc\u00e9anique, laquelle repose actuellement sur quatre SNLE de type Vanguard, arm\u00e9s de missiles balistiques Trident D5 de conception am\u00e9ricaine.<\/p>\n<p>Seulement, s\u2019il a lanc\u00e9 l\u2019ambitieux programme \u00ab\u00a0Dreadnought\u00a0\u00bb pour remplacer les quatre SNLE de type Vanguard de la Royal Navy, le Royaume-Uni s\u2019appr\u00eate, a priori, \u00e0 revenir sur la d\u00e9cision qu\u2019il avait prise il y a pr\u00e8s de trente ans.<\/p>\n<p>En effet, la nouvelle revue strat\u00e9gique britannique, qui sera d\u00e9voil\u00e9e le 2 juin, pr\u00e9voit, selon <a href=\"https:\/\/www.thetimes.com\/uk\/defence\/article\/review-fighter-jets-nuclear-weapons-x9vldt0sv\" target=\"_blank\" rel=\"noopener\">l\u2019\u00e9dition dominicale<\/a> du quotidien The Times, l\u2019acquisition de F-35A, c\u2019est-\u00e0-dire la version \u00ab\u00a0classique\u00a0\u00bb du chasseur-bombardier de Lockheed Martin, en vue de recr\u00e9er une composante nucl\u00e9aire a\u00e9roport\u00e9e au sein de la RAF. Pour cela, Londres envisagerait d\u2019acqu\u00e9rir des armes nucl\u00e9aires tactiques B-61 aupr\u00e8s des \u00c9tats-Unis. <\/p>\n<p>\u00ab\u00a0Le Royaume-Uni cherche \u00e0 acheter un avion de combat capable de lancer des armes nucl\u00e9aires tactiques, dans le cadre d\u2019une expansion significative de ses capacit\u00e9s de dissuasion, le tout dans le but de faire face \u00e0 la menace croissante de la Russie\u00a0\u00bb, avance le journal. \u00ab\u00a0Le secr\u00e9taire \u00e0 la D\u00e9fense, John Healey, et l\u2019amiral Sir Tony Radakin, le chef des forces arm\u00e9es [britanniques], ont des discussions sur ce sujet avec le Pentagone\u00a0\u00bb, poursuit-il. <\/p>\n<p>L\u2019hypoth\u00e8se d\u2019un achat de F-35A par le Royaume-Uni a d\u00e9j\u00e0 \u00e9t\u00e9 \u00e9voqu\u00e9e en mars dernier. Et cela alors que, selon les plans initiaux, le minist\u00e8re britannique de la D\u00e9fense [MoD] pr\u00e9voyait d\u2019acqu\u00e9rir un total de 138 F-35B, c\u2019est-\u00e0-dire la version STOVL [short take off \/ vertical landing] de cet appareil. D\u2019ici la fin de cette ann\u00e9e, il devrait en compter quarante-neuf exemplaires. <\/p>\n<p>Jusqu\u2019en 2008, le Royaume-Uni a abrit\u00e9 des bombes B-61 sur son sol, pr\u00e9cis\u00e9ment sur la base a\u00e9rienne de Lakenheath. Mais, \u00e0 la diff\u00e9rence des pays impliqu\u00e9s dans le partage nucl\u00e9aire de l\u2019Otan, comme la Belgique, les Pays-Bas, l\u2019Allemagne et l\u2019Italie, ces armes \u00e9taient destin\u00e9es \u00e0 \u00eatre mises en \u0153uvre, si n\u00e9cessaire, par des F-15E de la 48e escadre de l\u2019US Air Force.<\/p>\n<p>A priori, ce devrait \u00eatre \u00e0 nouveau le cas bient\u00f4t dans la mesure o\u00f9, selon des documents budg\u00e9taires du Pentagone, les d\u00e9p\u00f4ts ayant autrefois servi \u00e0 stocker un total de 132 bombes B-61 font l\u2019objet de travaux de r\u00e9novation depuis au moins trois ans. Au passage, les F-15E vont quitter Lakenheath, des F-35A devant les remplacer. <\/p>\n<p>Dans un entretien accord\u00e9 au Sunday Times, M. Healey n\u2019a pas voulu faire de commentaires sur ce sujet. \u00ab\u00a0Le Royaume-Uni doit faire face \u00e0 une nouvelle \u00e8re de menaces. Le monde devient plus dangereux. Le risque nucl\u00e9aire augmente\u00a0\u00bb, a-t-il seulement d\u00e9clar\u00e9. <\/p>\n","protected":false},"excerpt":{"rendered":"Au d\u00e9but des ann\u00e9es 2010, quelques voix, dont celle d\u2019un ancien ministre de la D\u00e9fense, d\u00e9fendirent \u2013 vainement&hellip;\n","protected":false},"author":2,"featured_media":144361,"comment_status":"","ping_status":"","sticky":false,"template":"","format":"standard","meta":{"footnotes":""},"categories":[1588],"tags":[11,27290,27291,1777,674,691,27292,12,15472,27293,695,473,1853,27294,1851,1850,1852],"class_list":{"0":"post-144360","1":"post","2":"type-post","3":"status-publish","4":"format-standard","5":"has-post-thumbnail","7":"category-royaume-uni","8":"tag-actualites","9":"tag-composante-aeroportee","10":"tag-dissuasion","11":"tag-eu","12":"tag-europe","13":"tag-f-35a","14":"tag-lakenheath","15":"tag-news","16":"tag-raf","17":"tag-revue-strategique-de-defense","18":"tag-royal-air-force","19":"tag-royaume-uni","20":"tag-royaume-uni-de-grande-bretagne-et-dirlande-du-nord","21":"tag-snle","22":"tag-uk","23":"tag-united-kingdom","24":"tag-united-kingdom-of-great-britain-and-northern-ireland"},"share_on_mastodon":{"url":"https:\/\/pubeurope.com\/@fr\/114608890395960996","error":""},"_links":{"self":[{"href":"https:\/\/www.europesays.com\/fr\/wp-json\/wp\/v2\/posts\/144360","targetHints":{"allow":["GET"]}}],"collection":[{"href":"https:\/\/www.europesays.com\/fr\/wp-json\/wp\/v2\/posts"}],"about":[{"href":"https:\/\/www.europesays.com\/fr\/wp-json\/wp\/v2\/types\/post"}],"author":[{"embeddable":true,"href":"https:\/\/www.europesays.com\/fr\/wp-json\/wp\/v2\/users\/2"}],"replies":[{"embeddable":true,"href":"https:\/\/www.europesays.com\/fr\/wp-json\/wp\/v2\/comments?post=144360"}],"version-history":[{"count":0,"href":"https:\/\/www.europesays.com\/fr\/wp-json\/wp\/v2\/posts\/144360\/revisions"}],"wp:featuredmedia":[{"embeddable":true,"href":"https:\/\/www.europesays.com\/fr\/wp-json\/wp\/v2\/media\/144361"}],"wp:attachment":[{"href":"https:\/\/www.europesays.com\/fr\/wp-json\/wp\/v2\/media?parent=144360"}],"wp:term":[{"taxonomy":"category","embeddable":true,"href":"https:\/\/www.europesays.com\/fr\/wp-json\/wp\/v2\/categories?post=144360"},{"taxonomy":"post_tag","embeddable":true,"href":"https:\/\/www.europesays.com\/fr\/wp-json\/wp\/v2\/tags?post=144360"}],"curies":[{"name":"wp","href":"https:\/\/api.w.org\/{rel}","templated":true}]}}