{"id":144364,"date":"2025-06-01T15:48:13","date_gmt":"2025-06-01T15:48:13","guid":{"rendered":"https:\/\/www.europesays.com\/fr\/144364\/"},"modified":"2025-06-01T15:48:13","modified_gmt":"2025-06-01T15:48:13","slug":"le-psg-champion-deurope-les-images-de-limpressionnant-cortege-accompagnant-les-parisiens-vers-les-champs-elysees","status":"publish","type":"post","link":"https:\/\/www.europesays.com\/fr\/144364\/","title":{"rendered":"Le PSG champion d\u2019Europe\u00a0: les images de l\u2019impressionnant cort\u00e8ge accompagnant les Parisiens vers les Champs-\u00c9lys\u00e9es"},"content":{"rendered":"<p class=\"paragraph text_align_left\">\u00c0 peine sacr\u00e9s champions d\u2019Europe <a href=\"https:\/\/www.leparisien.fr\/sports\/football\/ligue-des-champions\/le-psg-champion-deurope-les-joueurs-vont-partager-leurs-primes-avec-les-salaries-01-06-2025-J545WW6AFBCGVECLXILBXJ55BM.php\" target=\"_blank\" rel=\"noreferrer nofollow noopener\">apr\u00e8s leur victoire conte l\u2019Inter Milan samedi \u00e0 Munich<\/a> (5-0), les joueurs du PSG sont de retour en France o\u00f9 ils doivent c\u00e9l\u00e9brer leur titre historique avec leurs supporters.<\/p>\n<p>CDM des Clubs<\/p>\n<p>\u00b7<\/p>\n<p>15 juin.<\/p>\n<p>Pariez avec Parions Sport Point de Vente<\/p>\n<p><a href=\"https:\/\/33xb.adj.st\/event\/1170777?adj_t=187n9vq3&amp;adj_campaign=widget&amp;xtor=[Display]-[Le_Parisien]-[widget]&amp;adj_fallback=https%3A%2F%2Fwww.pointdevente.parionssport.fdj.fr%2F?xtor=%5BDisplay%5D-%5BLe_Parisien%5D-%5Bwidget%5D&amp;adj_redirect_macos=https%3A%2F%2Fwww.pointdevente.parionssport.fdj.fr%2F?xtor=%5BDisplay%5D-%5BLe_Parisien%5D-%5Bwidget%5D\" class=\"bet-widget_event__link\" target=\"_blank\" rel=\"noopener noreferrer nofollow\"><img decoding=\"async\" alt=\"Parions sport logo\" loading=\"lazy\" src=\"https:\/\/www.europesays.com\/fr\/wp-content\/uploads\/2025\/06\/logo_parions_sport_large.svg.svg+xml\"\/><\/a><a href=\"https:\/\/33xb.adj.st\/event\/1170777?adj_t=187n9vq3&amp;adj_campaign=widget&amp;xtor=[Display]-[Le_Parisien]-[widget]&amp;adj_fallback=https%3A%2F%2Fwww.pointdevente.parionssport.fdj.fr%2F?xtor=%5BDisplay%5D-%5BLe_Parisien%5D-%5Bwidget%5D&amp;adj_redirect_macos=https%3A%2F%2Fwww.pointdevente.parionssport.fdj.fr%2F?xtor=%5BDisplay%5D-%5BLe_Parisien%5D-%5Bwidget%5D\" class=\"bet-widget_event__link\" target=\"_blank\" rel=\"noopener noreferrer nofollow\"><\/p>\n<p>Al Ahly SC<\/p>\n<p>0h00<\/p>\n<p>Inter Miami<\/p>\n<p>13.4<\/p>\n<p>N3.55<\/p>\n<p>21.78<\/p>\n<p><\/a><\/p>\n<p class=\"lp-f-ui-06 bet-widget_legal-notices lp-color-text-muted lp-mb-07\">LES JEUX D&rsquo;ARGENT ET DE HASARD PEUVENT \u00caTRE DANGEREUX : PERTES D&rsquo;ARGENT, CONFLITS FAMILIAUX, ADDICTION\u2026 RETROUVEZ NOS CONSEILS SUR <a href=\"https:\/\/joueurs-info-service.fr\/\" class=\"lp-color-text-muted\" rel=\"nofollow noopener\" target=\"_blank\">JOUEURS-INFO-SERVICE.FR<\/a> (09 74 75 13 13 &#8211; APPEL NON SURTAX\u00c9)<\/p>\n<p class=\"paragraph text_align_left\">Marquinhos, Demb\u00e9l\u00e9, Dou\u00e9 et leurs co\u00e9quipiers ont atterri \u00e0 Roissy ce dimanche apr\u00e8s-midi avant de prendre la route en car vers les Champs-\u00c9lys\u00e9es, o\u00f9 ils devaient parader.<\/p>\n<p>De nombreux fans les attendaient \u00e0 l\u2019a\u00e9roport<img decoding=\"async\" class=\"image \" loading=\"lazy\" src=\"https:\/\/www.europesays.com\/fr\/wp-content\/uploads\/2025\/06\/WNQE2FIG7ZBGLBMQ3V726LUDGA.jpg\" alt=\"LP\/Olivier Arandel\" align=\"\" data-rubrique-principale=\"\" data-article-type=\"\" fetchpriority=\"auto\"\/>LP\/Olivier Arandel Des fumig\u00e8nes ont \u00e9t\u00e9 allum\u00e9s<img decoding=\"async\" class=\"image \" loading=\"lazy\" src=\"https:\/\/www.europesays.com\/fr\/wp-content\/uploads\/2025\/06\/PE5FJTK2VRDGDKZSBF6QRHFYHE.jpg\" alt=\"LP\/Olivier Arandel\" align=\"\" data-rubrique-principale=\"\" data-article-type=\"\" fetchpriority=\"auto\"\/>LP\/Olivier Arandel Un cort\u00e8ge de voitures et deux-roues \u00e9tait pr\u00eat \u00e0 suivre les bus parisiens<img decoding=\"async\" class=\"image \" loading=\"lazy\" src=\"https:\/\/www.europesays.com\/fr\/wp-content\/uploads\/2025\/06\/6TLIAFUIORFEHCAYJ3V6TP437U.jpg\" alt=\"LP\/Olivier Arandel\" align=\"\" data-rubrique-principale=\"\" data-article-type=\"\" fetchpriority=\"auto\"\/>LP\/Olivier Arandel Les cars ont d\u00e9marr\u00e9 sous escorte polici\u00e8re<img decoding=\"async\" class=\"image \" loading=\"lazy\" src=\"https:\/\/www.europesays.com\/fr\/wp-content\/uploads\/2025\/06\/PVJVGIE2ONHX3IJARMMSIT6URU.jpg\" alt=\"LP\/Olivier Arandel\" align=\"\" data-rubrique-principale=\"\" data-article-type=\"\" fetchpriority=\"auto\"\/>LP\/Olivier Arandel Les supporters ont sorti les maillots et les drapeaux<img decoding=\"async\" class=\"image \" loading=\"lazy\" src=\"https:\/\/www.europesays.com\/fr\/wp-content\/uploads\/2025\/06\/VGXHXT67B5CPBFDAWLJXT5LVVI.jpg\" alt=\"LP\/Olivier Arandel\" align=\"\" data-rubrique-principale=\"\" data-article-type=\"\" fetchpriority=\"auto\"\/>LP\/Olivier Arandel Une foule en liesse attendait les Parisiens aux abords de la capitale<img decoding=\"async\" class=\"image \" loading=\"lazy\" src=\"https:\/\/www.europesays.com\/fr\/wp-content\/uploads\/2025\/06\/GE2KPP2OAJASNJV5D5C4WQCMKI.jpg\" alt=\"LP\/Olivier Arandel\" align=\"\" data-rubrique-principale=\"\" data-article-type=\"\" fetchpriority=\"auto\"\/>LP\/Olivier Arandel Le cort\u00e8ge est entr\u00e9 dans Paris dans un concert de klaxons<img decoding=\"async\" class=\"image \" loading=\"lazy\" src=\"https:\/\/www.europesays.com\/fr\/wp-content\/uploads\/2025\/06\/JSHDKXA2TZBX5ABTISDC6NQNBE.jpg\" alt=\"LP\/Olivier Arandel\" align=\"\" data-rubrique-principale=\"\" data-article-type=\"\" fetchpriority=\"auto\"\/>LP\/Olivier Arandel <\/p>\n<p class=\"paragraph text_align_left\">Les joueurs \u00e9taient attendus sur la plus belle avenue du monde aux alentours de 17 heures. Bouillants, des milliers de supporters parisiens \u00e9taient pr\u00eats \u00e0 laisser exploser leur joie.<\/p>\n","protected":false},"excerpt":{"rendered":"\u00c0 peine sacr\u00e9s champions d\u2019Europe apr\u00e8s leur victoire conte l\u2019Inter Milan samedi \u00e0 Munich (5-0), les joueurs du&hellip;\n","protected":false},"author":2,"featured_media":144365,"comment_status":"","ping_status":"","sticky":false,"template":"","format":"standard","meta":{"footnotes":""},"categories":[1586],"tags":[11,1777,674,63,1011,27,447,12,25,60],"class_list":{"0":"post-144364","1":"post","2":"type-post","3":"status-publish","4":"format-standard","5":"has-post-thumbnail","7":"category-europe","8":"tag-actualites","9":"tag-eu","10":"tag-europe","11":"tag-football","12":"tag-fr","13":"tag-france","14":"tag-ligue-des-champions","15":"tag-news","16":"tag-republique-francaise","17":"tag-sports"},"share_on_mastodon":{"url":"https:\/\/pubeurope.com\/@fr\/114608898933167824","error":""},"_links":{"self":[{"href":"https:\/\/www.europesays.com\/fr\/wp-json\/wp\/v2\/posts\/144364","targetHints":{"allow":["GET"]}}],"collection":[{"href":"https:\/\/www.europesays.com\/fr\/wp-json\/wp\/v2\/posts"}],"about":[{"href":"https:\/\/www.europesays.com\/fr\/wp-json\/wp\/v2\/types\/post"}],"author":[{"embeddable":true,"href":"https:\/\/www.europesays.com\/fr\/wp-json\/wp\/v2\/users\/2"}],"replies":[{"embeddable":true,"href":"https:\/\/www.europesays.com\/fr\/wp-json\/wp\/v2\/comments?post=144364"}],"version-history":[{"count":0,"href":"https:\/\/www.europesays.com\/fr\/wp-json\/wp\/v2\/posts\/144364\/revisions"}],"wp:featuredmedia":[{"embeddable":true,"href":"https:\/\/www.europesays.com\/fr\/wp-json\/wp\/v2\/media\/144365"}],"wp:attachment":[{"href":"https:\/\/www.europesays.com\/fr\/wp-json\/wp\/v2\/media?parent=144364"}],"wp:term":[{"taxonomy":"category","embeddable":true,"href":"https:\/\/www.europesays.com\/fr\/wp-json\/wp\/v2\/categories?post=144364"},{"taxonomy":"post_tag","embeddable":true,"href":"https:\/\/www.europesays.com\/fr\/wp-json\/wp\/v2\/tags?post=144364"}],"curies":[{"name":"wp","href":"https:\/\/api.w.org\/{rel}","templated":true}]}}