{"id":144370,"date":"2025-06-01T15:51:09","date_gmt":"2025-06-01T15:51:09","guid":{"rendered":"https:\/\/www.europesays.com\/fr\/144370\/"},"modified":"2025-06-01T15:51:09","modified_gmt":"2025-06-01T15:51:09","slug":"lyon-le-parc-de-la-tete-dor-doit-fermer-en-urgence-ce-dimanche-voici-pourquoi","status":"publish","type":"post","link":"https:\/\/www.europesays.com\/fr\/144370\/","title":{"rendered":"Lyon. Le parc de la T\u00eate d&rsquo;or doit fermer en urgence ce dimanche, voici pourquoi"},"content":{"rendered":"<p>            Par<br \/>\n        <strong><br \/>\n            <a href=\"https:\/\/actu.fr\/auteur\/redaction-lyon\" title=\"Consulter tous les articles de R\u00e9daction Lyon\" target=\"_blank\" rel=\"noopener\">R\u00e9daction Lyon<\/a><br \/>\n        <\/strong><\/p>\n<p>        Publi\u00e9 le<\/p>\n<p>            1 juin 2025 \u00e0 15h20        <\/p>\n<p>Pas de grands parcs publics ouverts ce dimanche apr\u00e8s-midi \u00e0 <a href=\"https:\/\/actu.fr\/auvergne-rhone-alpes\/lyon_69123\" target=\"_blank\" rel=\"noopener\">Lyon<\/a>. Les grandes parcs municipaux dont celui de la T\u00eate d\u2019or ont d\u00fb \u00eatre ferm\u00e9s en urgence depuis environ 15h en raison d\u2019une <a href=\"https:\/\/actu.fr\/societe\/alerte-de-meteo-france-aux-orages-violents-ce-dimanche-voici-ou-ils-vont-tomber-dans-le-rhone_62713219.html\" target=\"_blank\" rel=\"noopener\">alerte m\u00e9t\u00e9o<\/a>.\u00a0<\/p>\n<p>Les grands parcs de Lyon ferm\u00e9s<\/p>\n<p class=\" wall-content\">\u00ab\u00a0Le d\u00e9partement est plac\u00e9 en vigilance orange pour d\u2019importantes pr\u00e9cipitations accompagn\u00e9es de rafales de vent atteignant 90 km\/h. Les grands parcs et cimeti\u00e8res sont d\u00e9sormais ferm\u00e9s. Soyez prudents dans vos d\u00e9placements\u00a0\u00bb, annonce la Ville de Lyon.<\/p>\n<p class=\" wall-content\">Les parcs concern\u00e9s par cette fermeture : T\u00eate d\u2019Or, Blandan, Cerisaie et Gerland.<\/p>\n<p class=\" wall-content\">A noter que la municipalit\u00e9 de <strong>Villeurbanne<\/strong> a aussi annonc\u00e9 la fermeture de ses parcs, jardins et cimeti\u00e8res ce dimanche.<\/p>\n<p>    <a href=\"https:\/\/www.facebook.com\/plugins\/post.php?href=https%3A%2F%2Fwww.facebook.com%2Fvilledelyon%2Fposts%2Fpfbid02Q6pEU2sZCaNvt8J7mE1dGbTLkmNRaoE2jtL94UF5YK7D7MwAHY1zUf7m7HdUhT8Jl&amp;show_text=true&amp;width=350\" title=\"Ouvrie le lien\" target=\"_blank\" rel=\"noopener\">Cliquez ici pour visualiser le contenu<\/a><\/p>\n<p>Une alerte aux orages violents sur le Rh\u00f4ne<\/p>\n<p class=\" wall-content\">M\u00e9t\u00e9o France a \u00e9mis une <strong>vigilance orange aux orages pour ce dimanche apr\u00e8s-midi sur l\u2019ensemble du Rh\u00f4ne<\/strong>.<\/p>\n<p class=\" wall-content\">Au passage des cellules orageuses les plus virulentes, on attend les ph\u00e9nom\u00e8nes suivants : lames d\u2019eau entre 20 et 40 mm en peu de temps, rafales entre 80 et 100 km\/h et gr\u00eale de taille moyenne.<\/p>\n<p class=\" wall-content\">A Lyon, M\u00e9t\u00e9o France annonce des rafales d\u2019au moins 90 km\/h dans l\u2019apr\u00e8s-midi.<\/p>\n<p class=\" wall-content\">La vigilance orange est active depuis ce dimanche 15h et doit s\u2019achever dans la nuit vers 3h.<\/p>\n<p class=\" wall-content\">Suivez toute l\u2019actualit\u00e9 de vos villes et m\u00e9dias favoris en vous inscrivant \u00e0 <a href=\"https:\/\/moncompte.actu.fr\" title=\"D\u00e9couvez Mon Actu\" rel=\"nofollow noopener\" data-trk=\"{&quot;cta&quot;:{&quot;action&quot;:&quot;https:\\\/\\\/moncompte.actu.fr&quot;,&quot;category&quot;:&quot;mon compte&quot;,&quot;from&quot;:&quot;article footer&quot;,&quot;name&quot;:&quot;Mon actu&quot;,&quot;type&quot;:&quot;cta&quot;}}\" target=\"_blank\">Mon Actu<\/a>.<\/p>\n","protected":false},"excerpt":{"rendered":"Par R\u00e9daction Lyon Publi\u00e9 le 1 juin 2025 \u00e0 15h20 Pas de grands parcs publics ouverts ce dimanche&hellip;\n","protected":false},"author":2,"featured_media":144371,"comment_status":"","ping_status":"","sticky":false,"template":"","format":"standard","meta":{"footnotes":""},"categories":[2],"tags":[11,1011,27,2357,12,4594,13760,25,104],"class_list":{"0":"post-144370","1":"post","2":"type-post","3":"status-publish","4":"format-standard","5":"has-post-thumbnail","7":"category-actualites","8":"tag-actualites","9":"tag-fr","10":"tag-france","11":"tag-meteo-france","12":"tag-news","13":"tag-orages","14":"tag-parc-de-la-tete-dor","15":"tag-republique-francaise","16":"tag-societe"},"share_on_mastodon":{"url":"https:\/\/pubeurope.com\/@fr\/114608910051034865","error":""},"_links":{"self":[{"href":"https:\/\/www.europesays.com\/fr\/wp-json\/wp\/v2\/posts\/144370","targetHints":{"allow":["GET"]}}],"collection":[{"href":"https:\/\/www.europesays.com\/fr\/wp-json\/wp\/v2\/posts"}],"about":[{"href":"https:\/\/www.europesays.com\/fr\/wp-json\/wp\/v2\/types\/post"}],"author":[{"embeddable":true,"href":"https:\/\/www.europesays.com\/fr\/wp-json\/wp\/v2\/users\/2"}],"replies":[{"embeddable":true,"href":"https:\/\/www.europesays.com\/fr\/wp-json\/wp\/v2\/comments?post=144370"}],"version-history":[{"count":0,"href":"https:\/\/www.europesays.com\/fr\/wp-json\/wp\/v2\/posts\/144370\/revisions"}],"wp:featuredmedia":[{"embeddable":true,"href":"https:\/\/www.europesays.com\/fr\/wp-json\/wp\/v2\/media\/144371"}],"wp:attachment":[{"href":"https:\/\/www.europesays.com\/fr\/wp-json\/wp\/v2\/media?parent=144370"}],"wp:term":[{"taxonomy":"category","embeddable":true,"href":"https:\/\/www.europesays.com\/fr\/wp-json\/wp\/v2\/categories?post=144370"},{"taxonomy":"post_tag","embeddable":true,"href":"https:\/\/www.europesays.com\/fr\/wp-json\/wp\/v2\/tags?post=144370"}],"curies":[{"name":"wp","href":"https:\/\/api.w.org\/{rel}","templated":true}]}}