{"id":144385,"date":"2025-06-01T16:02:10","date_gmt":"2025-06-01T16:02:10","guid":{"rendered":"https:\/\/www.europesays.com\/fr\/144385\/"},"modified":"2025-06-01T16:02:10","modified_gmt":"2025-06-01T16:02:10","slug":"meghan-markle-confie-se-sentir-incroyablement-seule-et-donne-un-conseil-risque-elle-compare-les-enfants-a-une-entreprise","status":"publish","type":"post","link":"https:\/\/www.europesays.com\/fr\/144385\/","title":{"rendered":"Meghan Markle confie se sentir \u00ab\u00a0incroyablement seule\u00a0\u00bb et donne un conseil risqu\u00e9\u00a0: elle compare les enfants \u00e0\u2026 une entreprise"},"content":{"rendered":"<p class=\"ap-StoryElement ap-StoryElement--mb ap-StoryText\">Depuis le d\u00e9but de l&rsquo;ann\u00e9e, Meghan Markle encha\u00eene les projets. Elle a fait son grand retour sur Instagram, a lanc\u00e9 sa s\u00e9rie <a href=\"https:\/\/www.parismatch.be\/actualites\/people\/2025\/05\/25\/une-rock-star-meghan-markle-signe-un-nouveau-contrat-avec-netflix-malgre-les-critiques-sur-sa-derniere-serie-DLEGKFLBCRGB3GXXOFS574X4P4\/\" target=\"_self\" rel=\"nofollow noopener\">With Love, Meghan sur Netflix<\/a>, ainsi que sa marque de lifestyle As Ever et son nouveau podcast \u00ab\u00a0Confessions of a Female Founder\u00a0\u00bb. Dans ce dernier, elle re\u00e7oit chaque semaine des femmes, entrepreneuses comme elle.<\/p>\n<p class=\"ap-StoryElement ap-StoryElement--mb ap-StoryText\">Dans <a href=\"https:\/\/www.parismatch.be\/actualites\/people\/2025\/05\/30\/on-ressent-beaucoup-de-culpabilite-cet-aspect-de-la-vie-dentrepreneuse-que-meghan-markle-narrive-pas-a-assumer-RLUBYRHGU5G45HCRUQFGGZQXHA\/\" target=\"_self\" rel=\"nofollow noopener\">l&rsquo;\u00e9pisode sorti ce 27 mai<\/a>, c&rsquo;est Sara Blakely, fondatrice d&rsquo;une marque de sous-v\u00eatement gainants, qui \u00e9tait l&rsquo;invit\u00e9e de la duchesse. Face \u00e0 l&rsquo;entrepreneuse, l&rsquo;\u00e9pouse du prince Harry s&rsquo;est confi\u00e9e sur les difficult\u00e9s qu&rsquo;elle rencontre au quotidien en tant que femme d&rsquo;entreprise. Elle confie notamment se sentir \u00ab\u00a0incroyablement\u00a0\u00bb seule. \u00ab\u00a0Quand vous n&rsquo;avez que vous-m\u00eame \u00e0 qui rendre des comptes, je pense que c&rsquo;est en fait double\u00a0\u00bb, explique-t-elle, rapporte Madame Le Figaro. \u00ab\u00a0Ce statut peut \u00eatre incroyablement lib\u00e9rateur, comme il peut \u00eatre incroyablement solitaire.\u00a0\u00bb<\/p>\n","protected":false},"excerpt":{"rendered":"Depuis le d\u00e9but de l&rsquo;ann\u00e9e, Meghan Markle encha\u00eene les projets. Elle a fait son grand retour sur Instagram,&hellip;\n","protected":false},"author":2,"featured_media":144386,"comment_status":"","ping_status":"","sticky":false,"template":"","format":"standard","meta":{"footnotes":""},"categories":[1359],"tags":[27298,58,25723,1719,59,27299,1011,27,908,973,3725,17206,25724],"class_list":{"0":"post-144385","1":"post","2":"type-post","3":"status-publish","4":"format-standard","5":"has-post-thumbnail","7":"category-people","8":"tag-confessions-of-a-female-founder","9":"tag-divertissement","10":"tag-duchesse","11":"tag-enfants","12":"tag-entertainment","13":"tag-entrepreneuse","14":"tag-fr","15":"tag-france","16":"tag-meghan-markle","17":"tag-people","18":"tag-podcast","19":"tag-seule","20":"tag-sussex"},"share_on_mastodon":{"url":"https:\/\/pubeurope.com\/@fr\/114608953395182326","error":""},"_links":{"self":[{"href":"https:\/\/www.europesays.com\/fr\/wp-json\/wp\/v2\/posts\/144385","targetHints":{"allow":["GET"]}}],"collection":[{"href":"https:\/\/www.europesays.com\/fr\/wp-json\/wp\/v2\/posts"}],"about":[{"href":"https:\/\/www.europesays.com\/fr\/wp-json\/wp\/v2\/types\/post"}],"author":[{"embeddable":true,"href":"https:\/\/www.europesays.com\/fr\/wp-json\/wp\/v2\/users\/2"}],"replies":[{"embeddable":true,"href":"https:\/\/www.europesays.com\/fr\/wp-json\/wp\/v2\/comments?post=144385"}],"version-history":[{"count":0,"href":"https:\/\/www.europesays.com\/fr\/wp-json\/wp\/v2\/posts\/144385\/revisions"}],"wp:featuredmedia":[{"embeddable":true,"href":"https:\/\/www.europesays.com\/fr\/wp-json\/wp\/v2\/media\/144386"}],"wp:attachment":[{"href":"https:\/\/www.europesays.com\/fr\/wp-json\/wp\/v2\/media?parent=144385"}],"wp:term":[{"taxonomy":"category","embeddable":true,"href":"https:\/\/www.europesays.com\/fr\/wp-json\/wp\/v2\/categories?post=144385"},{"taxonomy":"post_tag","embeddable":true,"href":"https:\/\/www.europesays.com\/fr\/wp-json\/wp\/v2\/tags?post=144385"}],"curies":[{"name":"wp","href":"https:\/\/api.w.org\/{rel}","templated":true}]}}