{"id":144391,"date":"2025-06-01T16:05:16","date_gmt":"2025-06-01T16:05:16","guid":{"rendered":"https:\/\/www.europesays.com\/fr\/144391\/"},"modified":"2025-06-01T16:05:16","modified_gmt":"2025-06-01T16:05:16","slug":"apres-coralie-bruno-maries-au-premier-regard-lance-un-defi-a-une-autre-candidate-de-la-saison","status":"publish","type":"post","link":"https:\/\/www.europesays.com\/fr\/144391\/","title":{"rendered":"Apr\u00e8s Coralie, Bruno (Mari\u00e9s au premier regard) lance un d\u00e9fi \u00e0 une autre candidate de la saison"},"content":{"rendered":"<p class=\"articleContent-meta\">\n        Aujourd&rsquo;hui \u00e0 16:00 &#8211; par             <a class=\"articleContent-metaAuthorsLink\" href=\"https:\/\/www.programme.tv\/auteur\/laetitia-azi\/\" rel=\"nofollow noopener\" target=\"_blank\">Laetitia Azi<\/a><\/p>\n<p>                    Tweeter<\/p>\n<p>                    Partager sur Facebook<\/p>\n<p>                        <img decoding=\"async\" src=\"https:\/\/www.europesays.com\/fr\/wp-content\/uploads\/2025\/06\/bruno-maries-au-premier-regard-2025-se-confie-sur-ses-apprehensions-pour-son-mariage-a-l-aveugle-ave.jpeg\" alt=\"Player Video\" class=\"player-applyRatio poster exclude-seedtag\"\/><\/p>\n<p>Ce samedi 31 mai, Bruno (Mari\u00e9s au premier regard) a lanc\u00e9 un \u00ab\u00a0Cap ou pas cap\u00a0\u00bb tr\u00e8s original aux internautes avec l&rsquo;aide de Sophie, une autre candidate de la saison 2. D\u00e9couvrez de quoi il s&rsquo;agit.<\/p>\n<p>Candidat de la saison 9 de Mari\u00e9s au premier regard, Bruno a rythm\u00e9 <a href=\"https:\/\/www.programme.tv\/news\/tele-realite\/240261-jai-un-peu-triche-coralie-maries-au-premier-regard-revele-avoir-enfreint-une-regle-lors-de-son-mariage-a-laveugle-avec-bruno\/\" rel=\"nofollow noopener\" target=\"_blank\">son mariage avec Coralie<\/a> avec <a href=\"https:\/\/www.programme.tv\/news\/tele-realite\/240121-du-jamais-vu-dans-lexperience-coralie-et-bruno-maries-au-premier-regard-surprennent-tout-le-monde-et-quittent-leur-propre-soiree-de-mariage-spoilers\/\" rel=\"nofollow noopener\" target=\"_blank\">ses fameux Cap ou pas cap<\/a>. Et les t\u00e9l\u00e9spectateurs, eux aussi, se sont pris au jeu. Pour cette raison, il s&rsquo;est amus\u00e9 \u00e0 les challenger \u00e0 leur tour. Ce week-end, Bruno a lanc\u00e9 un d\u00e9fi \u00e0 ses abonn\u00e9s sur Instagram. \u00ab\u00a0Cap ou pas cap ? Chaque fin de semaine, je vous lance un d\u00e9fi. Vous avez jusqu&rsquo;au lundi midi pour le relever et le poster en story. Le mardi, je repartage les 10 meilleurs d\u00e9fis relev\u00e9s. Ensuite c&rsquo;est \u00e0 vous de me challenger : proposez-moi vos pires id\u00e9es. Le mercredi, on vote pour le d\u00e9fi que je devrai faire&#8230; Et le vendredi, c&rsquo;est \u00e0 mon tour de prouver que je suis cap\u00a0\u00bb, a-t-il expliqu\u00e9 les r\u00e8gles de son nouveau jeu. Et pour la premi\u00e8re partie, c&rsquo;est \u00e0 une autre candidate de Mari\u00e9s au premier regard \u00e0 qui il a demand\u00e9 : \u00ab\u00a0Cap ou pas cap ?\u00a0\u00bb.<\/p>\n<p>Bruno et Sophie (Mari\u00e9s au premier regard) lancent un Cap ou pas cap aux internautes<\/p>\n<p>Pour son premier d\u00e9fi, Bruno a propos\u00e9 aux internautes de reproduire le flashmob de Sophie lors de <a href=\"https:\/\/www.programme.tv\/news\/tele-realite\/261925-pour-ressentir-guillaume-marie-au-premier-regard-partage-des-photos-osees-et-inedites-le-soir-de-son-mariage-avec-sophie\/\" rel=\"nofollow noopener\" target=\"_blank\">son mariage avec Guillaume<\/a>. Et la candidate de Mari\u00e9s au premier regard s&rsquo;est pr\u00eat\u00e9e au jeu. Dans une vid\u00e9o, la danseuse a appris la chor\u00e9graphie au mari de Coralie afin que ses abonn\u00e9s puissent apprendre les pas. \u00ab\u00a0Choisissez la musique que vous voulez, et surtout&#8230; amusez-vous ! Accessoires, costumes, d\u00e9cors : la cr\u00e9ativit\u00e9 est de mise\u00a0\u00bb, a indiqu\u00e9 Bruno \u00e0 propos de ce Cap ou pas cap tr\u00e8s original.<\/p>\n<p>                                    Bruno (Mari\u00e9s au premier regard) encourag\u00e9 par les autres candidats<\/p>\n<p>Le nouveau projet de Bruno sur les r\u00e9seaux sociaux a emball\u00e9 les candidats de la saison 9 de Mari\u00e9s au premier regard. \u00ab\u00a0Ahhh une belle id\u00e9e, h\u00e2te que \u00e7a commence\u00a0\u00bb, s&rsquo;est r\u00e9jouie Sophie. \u00ab\u00a0Mais \u00e9nooooorme ! A fond les ballons Brubru !!!!!! Tu te gaves\u00a0\u00bb, l&rsquo;a f\u00e9licit\u00e9 Laury. \u00ab\u00a0T&rsquo;es un tueur\u00a0\u00bb, a salu\u00e9 Keyn. De leur c\u00f4t\u00e9, Marie trouve cette id\u00e9e \u00ab\u00a0\u00e9norme\u00a0\u00bb, Jennifer a utilis\u00e9 le mot \u00ab\u00a0g\u00e9nial\u00a0\u00bb et Anthony \u00ab\u00a0excellent\u00a0\u00bb. Mallaury aussi a donn\u00e9 son avis : \u00ab\u00a0Top ce concept mon Brubru.\u00a0\u00bb Il pourra au moins compter sur le soutien de ses amis !<\/p>\n<blockquote class=\"instagram-media\" data-instgrm-captioned=\"\" data-instgrm-permalink=\"https:\/\/www.instagram.com\/reel\/DKTw4P_sHUp\/?utm_source=ig_embed&amp;utm_campaign=loading\" data-instgrm-version=\"14\" style=\" background:#FFF; border:0; border-radius:3px; box-shadow:0 0 1px 0 rgba(0,0,0,0.5),0 1px 10px 0 rgba(0,0,0,0.15); margin: 1px; max-width:658px; min-width:326px; padding:0; width:99.375%; width:-webkit-calc(100% - 2px); width:calc(100% - 2px);\"\/>\n<p>Rejoignez-nous sur Google News !<\/p>\n<p class=\"articleContent-pushTagline\">Abonnez-vous \u00e0 <a href=\"https:\/\/news.google.com\/publications\/CAAiEJwr-IZFXDFoZD1ePbkC_VcqFAgKIhCcK_iGRVwxaGQ9Xj25Av1X\" rel=\"nofollow noopener\" target=\"_blank\">T\u00e9l\u00e9 2 semaines sur Google News<\/a> pour ne manquer aucune info !<\/p>\n<p><script async src=\"\/\/www.instagram.com\/embed.js\"><\/script><\/p>\n","protected":false},"excerpt":{"rendered":"Aujourd&rsquo;hui \u00e0 16:00 &#8211; par Laetitia Azi Tweeter Partager sur Facebook Ce samedi 31 mai, Bruno (Mari\u00e9s au&hellip;\n","protected":false},"author":2,"featured_media":144392,"comment_status":"","ping_status":"","sticky":false,"template":"","format":"standard","meta":{"footnotes":""},"categories":[1356],"tags":[27300,58,59,1011,27,494,252,3604,1364],"class_list":{"0":"post-144391","1":"post","2":"type-post","3":"status-publish","4":"format-standard","5":"has-post-thumbnail","7":"category-television","8":"tag-bruno-mariu00e9s-au-premier-regard","9":"tag-divertissement","10":"tag-entertainment","11":"tag-fr","12":"tag-france","13":"tag-m6","14":"tag-television","15":"tag-tu00e9lu00e9-ru00e9alitu00e9","16":"tag-tv"},"share_on_mastodon":{"url":"https:\/\/pubeurope.com\/@fr\/114608965207759357","error":""},"_links":{"self":[{"href":"https:\/\/www.europesays.com\/fr\/wp-json\/wp\/v2\/posts\/144391","targetHints":{"allow":["GET"]}}],"collection":[{"href":"https:\/\/www.europesays.com\/fr\/wp-json\/wp\/v2\/posts"}],"about":[{"href":"https:\/\/www.europesays.com\/fr\/wp-json\/wp\/v2\/types\/post"}],"author":[{"embeddable":true,"href":"https:\/\/www.europesays.com\/fr\/wp-json\/wp\/v2\/users\/2"}],"replies":[{"embeddable":true,"href":"https:\/\/www.europesays.com\/fr\/wp-json\/wp\/v2\/comments?post=144391"}],"version-history":[{"count":0,"href":"https:\/\/www.europesays.com\/fr\/wp-json\/wp\/v2\/posts\/144391\/revisions"}],"wp:featuredmedia":[{"embeddable":true,"href":"https:\/\/www.europesays.com\/fr\/wp-json\/wp\/v2\/media\/144392"}],"wp:attachment":[{"href":"https:\/\/www.europesays.com\/fr\/wp-json\/wp\/v2\/media?parent=144391"}],"wp:term":[{"taxonomy":"category","embeddable":true,"href":"https:\/\/www.europesays.com\/fr\/wp-json\/wp\/v2\/categories?post=144391"},{"taxonomy":"post_tag","embeddable":true,"href":"https:\/\/www.europesays.com\/fr\/wp-json\/wp\/v2\/tags?post=144391"}],"curies":[{"name":"wp","href":"https:\/\/api.w.org\/{rel}","templated":true}]}}