{"id":144395,"date":"2025-06-01T16:07:13","date_gmt":"2025-06-01T16:07:13","guid":{"rendered":"https:\/\/www.europesays.com\/fr\/144395\/"},"modified":"2025-06-01T16:07:13","modified_gmt":"2025-06-01T16:07:13","slug":"mark-hamill-dit-adieu-a-star-wars-avec-humour-jai-laisse-ma-tenue-sur-le-plateau-et-il-nest-pas-question-dapparaitre-en-fantome-de-la-force-nu","status":"publish","type":"post","link":"https:\/\/www.europesays.com\/fr\/144395\/","title":{"rendered":"Mark Hamill dit adieu \u00e0 Star Wars avec humour\u00a0: \u00ab\u00a0J&rsquo;ai laiss\u00e9 ma tenue sur le plateau et il n&rsquo;est pas question d&rsquo;appara\u00eetre en fant\u00f4me de la Force nu\u00a0\u00bb"},"content":{"rendered":"<p class=\"ap-StoryElement ap-StoryElement--mb ap-StoryText\">Mark Hamill a le sens de l&rsquo;humour. Et vient encore de le prouver en confirmant ses adieux \u00e0 Luke Skywalker sur le site ComicBook.com. \u00ab\u00a0Je remercie George Lucas de m&rsquo;avoir permis de participer \u00e0 cette aventure \u00e0 l&rsquo;\u00e9poque o\u00f9 il qualifiait Star Wars de &lsquo;film \u00e0 petit budget le plus cher jamais r\u00e9alis\u00e9&rsquo;. Nous ne nous attendions pas \u00e0 ce que \u00e7a devienne une franchise permanente et fasse partie int\u00e9grante de la culture pop. De mon point de vue, j&rsquo;ai eu ma chance. J&rsquo;en suis reconnaissant, mais je pense qu&rsquo;il faut se concentrer sur l&rsquo;avenir et tous les nouveaux personnages.\u00a0\u00bb<\/p>\n","protected":false},"excerpt":{"rendered":"Mark Hamill a le sens de l&rsquo;humour. Et vient encore de le prouver en confirmant ses adieux \u00e0&hellip;\n","protected":false},"author":2,"featured_media":144396,"comment_status":"","ping_status":"","sticky":false,"template":"","format":"standard","meta":{"footnotes":""},"categories":[1354],"tags":[58,59,1346,1011,27,5852,12550,708,15735,1551,1360,1480],"class_list":{"0":"post-144395","1":"post","2":"type-post","3":"status-publish","4":"format-standard","5":"has-post-thumbnail","7":"category-films","8":"tag-divertissement","9":"tag-entertainment","10":"tag-films","11":"tag-fr","12":"tag-france","13":"tag-futur","14":"tag-george-lucas","15":"tag-humour","16":"tag-luke-skywalker","17":"tag-mark-hamill","18":"tag-movies","19":"tag-star-wars"},"share_on_mastodon":{"url":"https:\/\/pubeurope.com\/@fr\/114608972960037512","error":""},"_links":{"self":[{"href":"https:\/\/www.europesays.com\/fr\/wp-json\/wp\/v2\/posts\/144395","targetHints":{"allow":["GET"]}}],"collection":[{"href":"https:\/\/www.europesays.com\/fr\/wp-json\/wp\/v2\/posts"}],"about":[{"href":"https:\/\/www.europesays.com\/fr\/wp-json\/wp\/v2\/types\/post"}],"author":[{"embeddable":true,"href":"https:\/\/www.europesays.com\/fr\/wp-json\/wp\/v2\/users\/2"}],"replies":[{"embeddable":true,"href":"https:\/\/www.europesays.com\/fr\/wp-json\/wp\/v2\/comments?post=144395"}],"version-history":[{"count":0,"href":"https:\/\/www.europesays.com\/fr\/wp-json\/wp\/v2\/posts\/144395\/revisions"}],"wp:featuredmedia":[{"embeddable":true,"href":"https:\/\/www.europesays.com\/fr\/wp-json\/wp\/v2\/media\/144396"}],"wp:attachment":[{"href":"https:\/\/www.europesays.com\/fr\/wp-json\/wp\/v2\/media?parent=144395"}],"wp:term":[{"taxonomy":"category","embeddable":true,"href":"https:\/\/www.europesays.com\/fr\/wp-json\/wp\/v2\/categories?post=144395"},{"taxonomy":"post_tag","embeddable":true,"href":"https:\/\/www.europesays.com\/fr\/wp-json\/wp\/v2\/tags?post=144395"}],"curies":[{"name":"wp","href":"https:\/\/api.w.org\/{rel}","templated":true}]}}