{"id":144411,"date":"2025-06-01T16:15:10","date_gmt":"2025-06-01T16:15:10","guid":{"rendered":"https:\/\/www.europesays.com\/fr\/144411\/"},"modified":"2025-06-01T16:15:10","modified_gmt":"2025-06-01T16:15:10","slug":"lukraine-mene-une-operation-dampleur-contre-laviation-russe-liberation","status":"publish","type":"post","link":"https:\/\/www.europesays.com\/fr\/144411\/","title":{"rendered":"l\u2019Ukraine m\u00e8ne une op\u00e9ration \u00abd\u2019ampleur\u00bb contre l\u2019aviation russe \u2013 Lib\u00e9ration"},"content":{"rendered":"<p class=\"sc-ksZaOG ehjQrN text-element\">L\u2019Ukraine m\u00e8ne dimanche une op\u00e9ration \u00abd\u2019ampleur\u00bb contre l\u2019aviation militaire en Russie, et a notamment touch\u00e9 une base en Sib\u00e9rie orientale, \u00e0 des milliers de kilom\u00e8tres de ses fronti\u00e8res, a indiqu\u00e9 une source au sein des services de s\u00e9curit\u00e9s ukrainiens (SBU). \u00abLes services de s\u00e9curit\u00e9 ukrainiens m\u00e8nent une op\u00e9ration sp\u00e9ciale d\u2019ampleur visant \u00e0 d\u00e9truire des bombardiers ennemis\u00bb loin du front en Russie, a indiqu\u00e9 cette source, disant que plus de 40 appareils avaient \u00e9t\u00e9 touch\u00e9s.<\/p>\n<p class=\"sc-ksZaOG ehjQrN text-element\">Cette source a affirm\u00e9 que l\u2019attaque avait vis\u00e9 les a\u00e9rodromes de Diaguilevo, Olenia, Ivanovo et Bela\u00efa. Celui d\u2019Olenia est situ\u00e9 dans la r\u00e9gion de Mourmansk, dans l\u2019Arctique russe, \u00e0 pr\u00e8s de 1 900 kilom\u00e8tres de l\u2019Ukraine. La source ukrainienne a affirm\u00e9 qu\u2019un incendie s\u2019\u00e9tait d\u00e9clar\u00e9 dans l\u2019a\u00e9rodrome de Bela\u00efa, dans la r\u00e9gion d\u2019Irkoutsk en Sib\u00e9rie orientale, \u00e0 plus de 4 200 kilom\u00e8tres de l\u2019Ukraine.<\/p>\n<p class=\"sc-ksZaOG ehjQrN text-element\">L\u2019op\u00e9ration ukrainienne, au nom de code \u00abToile d\u2019araign\u00e9e\u00bb, a \u00e9t\u00e9 pr\u00e9par\u00e9e pendant plus d\u2019un an et demi et supervis\u00e9e par le pr\u00e9sident Volodymyr Zelensky. L\u2019Ukraine a fait passer clandestinement en Russie des drones et de petites constructions en bois, selon la source ukrainienne. Les drones ont \u00e9t\u00e9 \u00abcach\u00e9s\u00bb sous leurs toits, qui ont ensuite \u00e9t\u00e9 ouverts \u00e0 distance pour les laisser s\u2019envoler, selon elle.<\/p>\n<p class=\"sc-ksZaOG ehjQrN text-element\">La Russie a confirm\u00e9 dimanche que plusieurs de ses avions militaires avaient \u00abpris feu\u00bb lors d\u2019une vaste attaque de drones ukrainiens, affirmant avoir arr\u00eat\u00e9 des suspects. \u00abDans les r\u00e9gions de Mourmansk et d\u2019Irkoutsk, plusieurs appareils a\u00e9riens ont pris feu \u00e0 la suite du lancement de drones FPV depuis un territoire situ\u00e9 \u00e0 proximit\u00e9 imm\u00e9diate des a\u00e9rodromes\u00bb, a \u00e9crit le minist\u00e8re russe de la D\u00e9fense sur Telegram, ajoutant que ces attaques n\u2019avaient pas fait de victimes et que des \u00abparticipants\u00bb avaient \u00e9t\u00e9 arr\u00eat\u00e9s.<\/p>\n<p class=\"sc-ksZaOG ehjQrN text-element\">Le gouverneur de la r\u00e9gion d\u2019Irkoutsk, Igor Kobzev, a \u00e9voqu\u00e9 dimanche une \u00abattaque de drones\u00bb contre le village de Sredni\u00ef, juste \u00e0 c\u00f4t\u00e9 de la base de Bela\u00efa. \u00abC\u2019est la premi\u00e8re attaque de ce type en Sib\u00e9rie\u00bb, a-t-il dit, appelant la population \u00e0 ne pas \u00abc\u00e9der \u00e0 la panique\u00bb. Il a publi\u00e9 une vid\u00e9o, semblant avoir \u00e9t\u00e9 enregistr\u00e9e par des habitants, montrant un drone dans le ciel et un important nuage de fum\u00e9e grise au loin.<\/p>\n<p class=\"sc-ksZaOG ehjQrN text-element\">Le gouverneur de la r\u00e9gion de Mourmansk, Andre\u00ef Tchibis, a affirm\u00e9 que des \u00abdrones ennemis\u00bb se trouvaient dans le ciel et que la d\u00e9fense antia\u00e9rienne fonctionnait.<\/p>\n<p class=\"sc-ksZaOG ehjQrN text-element\">La Russie annonce quasi quotidiennement <a href=\"https:\/\/www.liberation.fr\/international\/rencontre-merz-zelensky-pres-de-300-drones-ukrainiens-abattus-trump-en-colere-contre-poutine-lactu-de-la-guerre-en-ukraine-ce-mercredi-28-mai-20250528_AHZBFHQMRBAPVJVHIFOIU4TEU4\/\" target=\"_blank\" rel=\"nofollow noopener\" title=\"https:\/\/www.liberation.fr\/international\/rencontre-merz-zelensky-pres-de-300-drones-ukrainiens-abattus-trump-en-colere-contre-poutine-lactu-de-la-guerre-en-ukraine-ce-mercredi-28-mai-20250528_AHZBFHQMRBAPVJVHIFOIU4TEU4\/\">intercepter des drones<\/a> ukrainiens lanc\u00e9s contre son territoire, en r\u00e9ponse \u00e0 l\u2019invasion de l\u2019Ukraine, mais il est rare qu\u2019ils parviennent \u00e0 frapper aussi loin en profondeur du pays. La source au sein des services de s\u00e9curit\u00e9 ukrainiens a indiqu\u00e9 que les appareils frapp\u00e9s \u00e9taient utilis\u00e9s pour \u00abbombarder les villes ukrainiennes chaque nuit\u00bb.<\/p>\n<p class=\"sc-ksZaOG ehjQrN text-element\"><b>Mise \u00e0 jour \u00e0 17h40 :<\/b> la Russie confirme que des avions militaires ont pris feu lors d\u2019une vaste attaque de drones. <\/p>\n","protected":false},"excerpt":{"rendered":"L\u2019Ukraine m\u00e8ne dimanche une op\u00e9ration \u00abd\u2019ampleur\u00bb contre l\u2019aviation militaire en Russie, et a notamment touch\u00e9 une base en&hellip;\n","protected":false},"author":2,"featured_media":144412,"comment_status":"","ping_status":"","sticky":false,"template":"","format":"standard","meta":{"footnotes":""},"categories":[2],"tags":[11,1011,27,12,132,220,297],"class_list":{"0":"post-144411","1":"post","2":"type-post","3":"status-publish","4":"format-standard","5":"has-post-thumbnail","7":"category-actualites","8":"tag-actualites","9":"tag-fr","10":"tag-france","11":"tag-news","12":"tag-russie","13":"tag-ukraine","14":"tag-ukraine-la-crise"},"share_on_mastodon":{"url":"https:\/\/pubeurope.com\/@fr\/114609004474907046","error":""},"_links":{"self":[{"href":"https:\/\/www.europesays.com\/fr\/wp-json\/wp\/v2\/posts\/144411","targetHints":{"allow":["GET"]}}],"collection":[{"href":"https:\/\/www.europesays.com\/fr\/wp-json\/wp\/v2\/posts"}],"about":[{"href":"https:\/\/www.europesays.com\/fr\/wp-json\/wp\/v2\/types\/post"}],"author":[{"embeddable":true,"href":"https:\/\/www.europesays.com\/fr\/wp-json\/wp\/v2\/users\/2"}],"replies":[{"embeddable":true,"href":"https:\/\/www.europesays.com\/fr\/wp-json\/wp\/v2\/comments?post=144411"}],"version-history":[{"count":0,"href":"https:\/\/www.europesays.com\/fr\/wp-json\/wp\/v2\/posts\/144411\/revisions"}],"wp:featuredmedia":[{"embeddable":true,"href":"https:\/\/www.europesays.com\/fr\/wp-json\/wp\/v2\/media\/144412"}],"wp:attachment":[{"href":"https:\/\/www.europesays.com\/fr\/wp-json\/wp\/v2\/media?parent=144411"}],"wp:term":[{"taxonomy":"category","embeddable":true,"href":"https:\/\/www.europesays.com\/fr\/wp-json\/wp\/v2\/categories?post=144411"},{"taxonomy":"post_tag","embeddable":true,"href":"https:\/\/www.europesays.com\/fr\/wp-json\/wp\/v2\/tags?post=144411"}],"curies":[{"name":"wp","href":"https:\/\/api.w.org\/{rel}","templated":true}]}}