{"id":144413,"date":"2025-06-01T16:16:12","date_gmt":"2025-06-01T16:16:12","guid":{"rendered":"https:\/\/www.europesays.com\/fr\/144413\/"},"modified":"2025-06-01T16:16:12","modified_gmt":"2025-06-01T16:16:12","slug":"saint-etienne-une-piste-cyclable-de-plus-dun-kilometre-va-etre-amenagee-rue-bergson-2","status":"publish","type":"post","link":"https:\/\/www.europesays.com\/fr\/144413\/","title":{"rendered":"Saint-\u00c9tienne. Une piste cyclable de plus d\u2019un kilom\u00e8tre va \u00eatre am\u00e9nag\u00e9e rue Bergson"},"content":{"rendered":"<p>Le projet de piste cyclable sur la rue Bergson est remis en selle. L\u2019information a \u00e9t\u00e9 donn\u00e9e par les repr\u00e9sentants de la municipalit\u00e9 st\u00e9phanoise lors de la r\u00e9union de quartier du 6\u00a0mai dernier.<\/p>\n<p>Un premier tron\u00e7on de 600 m\u00e8tres, allant de la rue Barrouin \u00e0 la rue Claude-Odde, va \u00eatre r\u00e9alis\u00e9 au cours de cet \u00e9t\u00e9. Les travaux doivent d\u00e9marrer en juin et durer jusqu\u2019au mois d\u2019ao\u00fbt.<\/p>\n<p>Une deuxi\u00e8me section de 500 m\u00e8tres sera am\u00e9nag\u00e9e sur la partie entre la rue&#8230;<\/p>\n","protected":false},"excerpt":{"rendered":"Le projet de piste cyclable sur la rue Bergson est remis en selle. L\u2019information a \u00e9t\u00e9 donn\u00e9e par&hellip;\n","protected":false},"author":2,"featured_media":143813,"comment_status":"","ping_status":"","sticky":false,"template":"","format":"standard","meta":{"footnotes":""},"categories":[9653],"tags":[1111,11,2430,4749,3542,33,7539,1777,674,1011,27,12,25,4001,7538,2803],"class_list":{"0":"post-144413","1":"post","2":"type-post","3":"status-publish","4":"format-standard","5":"has-post-thumbnail","7":"category-saint-etienne","8":"tag-actu","9":"tag-actualites","10":"tag-auvergne-rhone-alpes","11":"tag-btp-et-chantiers","12":"tag-circulation","13":"tag-economie","14":"tag-edition-loire-sud","15":"tag-eu","16":"tag-europe","17":"tag-fr","18":"tag-france","19":"tag-news","20":"tag-republique-francaise","21":"tag-saint-etienne","22":"tag-saint-etienne-ville","23":"tag-transport"},"share_on_mastodon":{"url":"https:\/\/pubeurope.com\/@fr\/114609008346000293","error":""},"_links":{"self":[{"href":"https:\/\/www.europesays.com\/fr\/wp-json\/wp\/v2\/posts\/144413","targetHints":{"allow":["GET"]}}],"collection":[{"href":"https:\/\/www.europesays.com\/fr\/wp-json\/wp\/v2\/posts"}],"about":[{"href":"https:\/\/www.europesays.com\/fr\/wp-json\/wp\/v2\/types\/post"}],"author":[{"embeddable":true,"href":"https:\/\/www.europesays.com\/fr\/wp-json\/wp\/v2\/users\/2"}],"replies":[{"embeddable":true,"href":"https:\/\/www.europesays.com\/fr\/wp-json\/wp\/v2\/comments?post=144413"}],"version-history":[{"count":0,"href":"https:\/\/www.europesays.com\/fr\/wp-json\/wp\/v2\/posts\/144413\/revisions"}],"wp:featuredmedia":[{"embeddable":true,"href":"https:\/\/www.europesays.com\/fr\/wp-json\/wp\/v2\/media\/143813"}],"wp:attachment":[{"href":"https:\/\/www.europesays.com\/fr\/wp-json\/wp\/v2\/media?parent=144413"}],"wp:term":[{"taxonomy":"category","embeddable":true,"href":"https:\/\/www.europesays.com\/fr\/wp-json\/wp\/v2\/categories?post=144413"},{"taxonomy":"post_tag","embeddable":true,"href":"https:\/\/www.europesays.com\/fr\/wp-json\/wp\/v2\/tags?post=144413"}],"curies":[{"name":"wp","href":"https:\/\/api.w.org\/{rel}","templated":true}]}}